{"id":193001,"date":"2025-06-21T08:26:15","date_gmt":"2025-06-21T08:26:15","guid":{"rendered":"https:\/\/www.europesays.com\/fr\/193001\/"},"modified":"2025-06-21T08:26:15","modified_gmt":"2025-06-21T08:26:15","slug":"ils-denoncent-la-chaleur-dans-les-ecoles","status":"publish","type":"post","link":"https:\/\/www.europesays.com\/fr\/193001\/","title":{"rendered":"ils d\u00e9noncent la chaleur dans les \u00e9coles"},"content":{"rendered":"<p>            Par<br \/>\n        <strong><br \/>\n            <a href=\"https:\/\/actu.fr\/auteur\/ugo-maillard\" title=\"Consulter tous les articles de Ugo Maillard\" target=\"_blank\" rel=\"noopener\">Ugo Maillard<\/a><br \/>\n        <\/strong><\/p>\n<p>        Publi\u00e9 le<\/p>\n<p>            21 juin 2025 \u00e0 9h16        <\/p>\n<p>Initi\u00e9e par les \u00e9cologistes et port\u00e9e avec les communistes et les socialistes, une enqu\u00eate a \u00e9t\u00e9 d\u00e9voil\u00e9e ce vendredi 20\u00a0juin 2025. Les forces politiques de gauche d\u00e9noncent les conditions dans lesquelles sont accueillis les enfants dans les <strong>\u00e9coles primaires et maternelles<\/strong> de la ville de Nice (<a href=\"https:\/\/actu.fr\/provence-alpes-cote-d-azur\/alpes-maritimes_06\" target=\"_blank\" rel=\"noopener\">Alpes-Maritimes<\/a>). En cause,<strong> la chaleur relev\u00e9e<\/strong> dans les salles. Les \u00e9lus, en se basant sur des t\u00e9moignages recueillis aupr\u00e8s de personnels des \u00e9tablissements scolaires, demandent des mesures d\u2019urgence et proposent un plan sur le long terme.<\/p>\n<p>Des chiffres inqui\u00e9tants<\/p>\n<p class=\" wall-content\">\u00ab\u200984\u2009% des \u00e9coles ont des temp\u00e9ratures qui d\u00e9passent les 30\u00b0C.\u2009\u00bb C\u2019est l\u2019une des conclusions marquantes de ce rapport r\u00e9alis\u00e9 par EELV (Europe \u00c9cologie Les Verts), le PS (Parti Socialiste) et le PC (Parti Communiste), transmis \u00e0 <a href=\"https:\/\/actu.fr\/nice\/\" target=\"_blank\" rel=\"noopener\">actu Nice<\/a>.<\/p>\n<p class=\" wall-content\">Pour obtenir des statistiques et construire ce rapport, un formulaire a \u00e9t\u00e9 envoy\u00e9 \u00e0 toutes <strong>les directions d\u2019\u00e9coles<\/strong> primaires et maternelles de la ville de Nice.<\/p>\n<p class=\" wall-content\">Selon les chiffres fournis par les membres de l\u2019opposition, 24\u2009% des \u00e9coles ne sont pas \u00e9quip\u00e9es de ventilateurs.<\/p>\n<p>Des commentaires du personnel de l\u2019\u00e9cole<\/p>\n<p class=\" wall-content\">Dans ce rapport qui pointe du doigt \u00ab\u2009des classes en surchauffe, mal \u00e9quip\u00e9es et ignor\u00e9es par la municipalit\u00e9\u2009\u00bb, on trouve \u00e9galement des commentaires envoy\u00e9s par le personnel des \u00e9coles.<\/p>\n<p class=\" wall-content\">Plus de 50 messages ont \u00e9t\u00e9 recueillis de mani\u00e8re anonyme et certains avancent des situations alarmantes\u2009: \u00ab\u2009La temp\u00e9rature dans les classes est difficile \u00e0 supporter aussi bien pour les enfants que pour les enseignants\u2009\u00bb\u2009; \u00ab\u2009Nous souhaitons rentrer dans le dispositif d\u2019installation de climatisation. La chaleur dans les classes, particuli\u00e8rement au 1er \u00e9tage est insoutenable\u2009\u00bb\u2009; \u00ab\u2009Nous aurions besoin d\u2019au moins un ventilateur par classe\u2009\u00bb\u2009; \u00ab\u2009Ventilateurs dans 2 classes sur 14 o\u00f9 il y a du mieux\u2009\u00bb.<\/p>\n<p>Des mesures \u00ab\u2009d\u2019urgence\u2009\u00bb<\/p>\n<p class=\" wall-content\">Pour Juliette Chesnel-Le Roux (EELV), Patrick Allemand (PS) et Julien Picot (PC), des <strong>mesures urgentes<\/strong> doivent \u00eatre prises pour les \u00e9l\u00e8ves et le personnel des \u00e9coles.<\/p>\n<ul class=\" wall-content\">\n<li>Fourniture imm\u00e9diate de ventilateurs suppl\u00e9mentaires\u2009: deux par classe.<\/li>\n<li>Installation de ventilateurs puissants dans la cantine, les dortoirs, la salle des ma\u00eetres.<\/li>\n<li>Fourniture rapide de rideaux occultants temporaires ou de films anti-chaleur<\/li>\n<li>autocollants pour les vitres expos\u00e9es.<\/li>\n<li>R\u00e9paration imm\u00e9diate des climatiseurs en panne, fen\u00eatres cass\u00e9es, volets bloqu\u00e9s.<\/li>\n<\/ul>\n<p class=\" wall-content\">\u00ab\u2009C\u2019est scandaleux de laisser les enfants dans ces conditions alors que c\u2019est tous les ans\u2009\u00bb, explique Julien Picot. De son c\u00f4t\u00e9, Patrick Allemand \u00e9voque le besoin d\u2019un projet \u00e0 long terme qui comprend \u00ab\u2009la v\u00e9g\u00e9talisation des \u00e9coles, en particulier des cours de r\u00e9cr\u00e9ation\u2009\u00bb. Juliette Chesnel-Le Roux alerte sur<strong> une situation qui va \u00ab\u2009empirer au fil des ann\u00e9es et qui n\u00e9cessite des mesures\u2009\u00bb.<\/strong><\/p>\n<p>\u00ab\u00a0Eux font des sondages, nous, nous agissons\u00a0\u00bb<\/p>\n<p class=\" wall-content\">\u00ab\u2009Pendant qu\u2019eux font des sondages, nous, nous agissons\u2009\u00bb, r\u00e9pond, dans les colonnes de <a href=\"https:\/\/www.nicematin.com\/vie-locale\/les-ecolos-decouvrent-le-rechauffement-climatique-la-ville-repond-a-l-enquete-de-la-gauche-sur-la-chaleur-dans-les-ecoles-990948\" target=\"_blank\" rel=\"noopener\">Nice-Matin<\/a>, le conseiller municipal d\u00e9l\u00e9gu\u00e9 aux travaux dans les \u00e9coles. Pierre Fiori assure que \u00ab\u2009toutes les classes qui demandent [des ventilateurs d\u2019appoint] en sont dot\u00e9es\u2009\u00bb. \u00ab\u2009Ces sept derniers jours, <strong>nous en avons livr\u00e9 200<\/strong>\u2009\u00bb, affirme-t-il encore.<\/p>\n<p class=\" wall-content\">Selon l\u2019\u00e9lu, un budget de plus de 9 millions d\u2019euros par an est consacr\u00e9 aux travaux de r\u00e9novation dans les \u00e9coles, qui comprend notamment les chantiers de v\u00e9g\u00e9talisation des cours, comme \u00e9voqu\u00e9, ou encore <strong>l\u2019installation de brumisateurs.<\/strong><\/p>\n<p>    <img   decoding=\"async\" loading=\"lazy\" src=\"https:\/\/www.europesays.com\/fr\/wp-content\/uploads\/2025\/06\/gauche-nice-candidats-960x640.png\" alt=\"uliette Chesnel-Le Roux (EELV), Patrick Allemand (PS) et Julien Picot (PC) \u00e9taient pr\u00e9sents pour pr\u00e9senter ce rapport.\" width=\"960\" height=\"640\"\/><br \/>\n    Patrick Allemand (PS), Julien Picot (PC) et Juliette Chesnel-Le Roux (EELV) \u00e9taient pr\u00e9sents pour pr\u00e9senter ce rapport. (\u00a9Ugo Maillard \/ actu Nice)<\/p>\n<p class=\" wall-content\">Les \u00e9lus de gauche, eux, s\u2019en tiennent aux faits et aux r\u00e9sultats de leur enqu\u00eate. Pour rappel, les trois ont \u00e9t\u00e9 d\u00e9sign\u00e9s chefs de file de leur parti pour les <a href=\"https:\/\/actu.fr\/tag\/municipales-2026\" target=\"_blank\" rel=\"noopener\">Municipales 2026<\/a>. Selon toutes vraisemblances, <strong>une union va \u00eatre scell\u00e9e<\/strong> entre les trois personnalit\u00e9s politiques locales. La question du candidat qui en prendra la t\u00eate reste, elle, en suspens.<\/p>\n<p class=\" wall-content\">Suivez toute l\u2019actualit\u00e9 de vos villes et m\u00e9dias favoris en vous inscrivant \u00e0 <a href=\"https:\/\/moncompte.actu.fr\" title=\"D\u00e9couvez Mon Actu\" rel=\"nofollow noopener\" data-trk=\"{&quot;cta&quot;:{&quot;action&quot;:&quot;https:\\\/\\\/moncompte.actu.fr&quot;,&quot;category&quot;:&quot;mon compte&quot;,&quot;from&quot;:&quot;article footer&quot;,&quot;name&quot;:&quot;Mon actu&quot;,&quot;type&quot;:&quot;cta&quot;}}\" target=\"_blank\">Mon Actu<\/a>.<\/p>\n","protected":false},"excerpt":{"rendered":"Par Ugo Maillard Publi\u00e9 le 21 juin 2025 \u00e0 9h16 Initi\u00e9e par les \u00e9cologistes et port\u00e9e avec les&hellip;\n","protected":false},"author":2,"featured_media":193002,"comment_status":"","ping_status":"","sticky":false,"template":"","format":"standard","meta":{"footnotes":""},"categories":[2819],"tags":[1111,11,4019,1777,674,1011,27,3434,12,2401,882,25,104],"class_list":{"0":"post-193001","1":"post","2":"type-post","3":"status-publish","4":"format-standard","5":"has-post-thumbnail","7":"category-nice","8":"tag-actu","9":"tag-actualites","10":"tag-ecoles","11":"tag-eu","12":"tag-europe","13":"tag-fr","14":"tag-france","15":"tag-municipales-2026","16":"tag-news","17":"tag-nice","18":"tag-provence-alpes-cote-dazur","19":"tag-republique-francaise","20":"tag-societe"},"share_on_mastodon":{"url":"https:\/\/pubeurope.com\/@fr\/114720406458832878","error":""},"_links":{"self":[{"href":"https:\/\/www.europesays.com\/fr\/wp-json\/wp\/v2\/posts\/193001","targetHints":{"allow":["GET"]}}],"collection":[{"href":"https:\/\/www.europesays.com\/fr\/wp-json\/wp\/v2\/posts"}],"about":[{"href":"https:\/\/www.europesays.com\/fr\/wp-json\/wp\/v2\/types\/post"}],"author":[{"embeddable":true,"href":"https:\/\/www.europesays.com\/fr\/wp-json\/wp\/v2\/users\/2"}],"replies":[{"embeddable":true,"href":"https:\/\/www.europesays.com\/fr\/wp-json\/wp\/v2\/comments?post=193001"}],"version-history":[{"count":0,"href":"https:\/\/www.europesays.com\/fr\/wp-json\/wp\/v2\/posts\/193001\/revisions"}],"wp:featuredmedia":[{"embeddable":true,"href":"https:\/\/www.europesays.com\/fr\/wp-json\/wp\/v2\/media\/193002"}],"wp:attachment":[{"href":"https:\/\/www.europesays.com\/fr\/wp-json\/wp\/v2\/media?parent=193001"}],"wp:term":[{"taxonomy":"category","embeddable":true,"href":"https:\/\/www.europesays.com\/fr\/wp-json\/wp\/v2\/categories?post=193001"},{"taxonomy":"post_tag","embeddable":true,"href":"https:\/\/www.europesays.com\/fr\/wp-json\/wp\/v2\/tags?post=193001"}],"curies":[{"name":"wp","href":"https:\/\/api.w.org\/{rel}","templated":true}]}}