{"id":193011,"date":"2025-06-21T08:31:09","date_gmt":"2025-06-21T08:31:09","guid":{"rendered":"https:\/\/www.europesays.com\/fr\/193011\/"},"modified":"2025-06-21T08:31:09","modified_gmt":"2025-06-21T08:31:09","slug":"toulouse-un-homme-decede-apres-avoir-chute-dun-immeuble-de-11-etages","status":"publish","type":"post","link":"https:\/\/www.europesays.com\/fr\/193011\/","title":{"rendered":"Toulouse. Un homme d\u00e9c\u00e8de apr\u00e8s avoir chut\u00e9 d&rsquo;un immeuble de 11 \u00e9tages"},"content":{"rendered":"<p>            Par<br \/>\n        <strong><br \/>\n            <a href=\"https:\/\/actu.fr\/auteur\/gabriel-kenedi\" title=\"Consulter tous les articles de Gabriel Kenedi\" rel=\"nofollow noopener\" target=\"_blank\">Gabriel Kenedi<\/a><br \/>\n        <\/strong><\/p>\n<p>        Publi\u00e9 le<\/p>\n<p>            21 juin 2025 \u00e0 9h17        <\/p>\n<p>C\u2019est un terrible drame qui est survenu \u00e0 Toulouse, dans le quartier Bellefontaine, vendredi 20 juin 2025, a appris<a href=\"https:\/\/actu.fr\/toulouse\/faits-divers\" rel=\"nofollow noopener\" target=\"_blank\"> Actu Toulouse<\/a>.\u00a0<\/p>\n<p>Un homme chute du 11e \u00e9tage\u00a0<\/p>\n<p class=\" wall-content\">Les pompiers indiquent que les secours ont \u00e9t\u00e9 alert\u00e9s vers 18 heures, alors qu\u2019une personne venait de chuter \u00ab\u00a0d\u2019un<strong> immeuble de onze \u00e9tages\u00a0\u00bb<\/strong>, situ\u00e9 rue Jean Gilles.\u00a0<\/p>\n<p>La victime d\u00e9clar\u00e9e d\u00e9c\u00e9d\u00e9e\u00a0<\/p>\n<p class=\" wall-content\">\u00ab\u00a0Malgr\u00e9 la r\u00e9alisation des gestes de r\u00e9animation par les sapeurs-pompiers, la victime, un homme d\u2019environ 40 ans, a \u00e9t\u00e9 <strong>d\u00e9clar\u00e9e d\u00e9c\u00e9d\u00e9e par le SAMU<\/strong> sur les lieux\u00a0\u00bb. Une enqu\u00eate a \u00e9t\u00e9 ouverte par la police afin d\u2019en savoir plus sur les circonstances de ce drame.\u00a0<\/p>\n<p class=\" wall-content\">Suivez toute l\u2019actualit\u00e9 de vos villes et m\u00e9dias favoris en vous inscrivant \u00e0 <a href=\"https:\/\/moncompte.actu.fr\" title=\"D\u00e9couvez Mon Actu\" rel=\"nofollow noopener\" data-trk=\"{&quot;cta&quot;:{&quot;action&quot;:&quot;https:\\\/\\\/moncompte.actu.fr&quot;,&quot;category&quot;:&quot;mon compte&quot;,&quot;from&quot;:&quot;article footer&quot;,&quot;name&quot;:&quot;Mon actu&quot;,&quot;type&quot;:&quot;cta&quot;}}\" target=\"_blank\">Mon Actu<\/a>.<\/p>\n","protected":false},"excerpt":{"rendered":"Par Gabriel Kenedi Publi\u00e9 le 21 juin 2025 \u00e0 9h17 C\u2019est un terrible drame qui est survenu \u00e0&hellip;\n","protected":false},"author":2,"featured_media":193012,"comment_status":"","ping_status":"","sticky":false,"template":"","format":"standard","meta":{"footnotes":""},"categories":[2816],"tags":[1111,11,1777,674,118,1011,27,12,2680,1072,1311,25,2312],"class_list":{"0":"post-193011","1":"post","2":"type-post","3":"status-publish","4":"format-standard","5":"has-post-thumbnail","7":"category-toulouse","8":"tag-actu","9":"tag-actualites","10":"tag-eu","11":"tag-europe","12":"tag-faits-divers","13":"tag-fr","14":"tag-france","15":"tag-news","16":"tag-occitanie","17":"tag-police","18":"tag-pompiers","19":"tag-republique-francaise","20":"tag-toulouse"},"share_on_mastodon":{"url":"https:\/\/pubeurope.com\/@fr\/114720426316996700","error":""},"_links":{"self":[{"href":"https:\/\/www.europesays.com\/fr\/wp-json\/wp\/v2\/posts\/193011","targetHints":{"allow":["GET"]}}],"collection":[{"href":"https:\/\/www.europesays.com\/fr\/wp-json\/wp\/v2\/posts"}],"about":[{"href":"https:\/\/www.europesays.com\/fr\/wp-json\/wp\/v2\/types\/post"}],"author":[{"embeddable":true,"href":"https:\/\/www.europesays.com\/fr\/wp-json\/wp\/v2\/users\/2"}],"replies":[{"embeddable":true,"href":"https:\/\/www.europesays.com\/fr\/wp-json\/wp\/v2\/comments?post=193011"}],"version-history":[{"count":0,"href":"https:\/\/www.europesays.com\/fr\/wp-json\/wp\/v2\/posts\/193011\/revisions"}],"wp:featuredmedia":[{"embeddable":true,"href":"https:\/\/www.europesays.com\/fr\/wp-json\/wp\/v2\/media\/193012"}],"wp:attachment":[{"href":"https:\/\/www.europesays.com\/fr\/wp-json\/wp\/v2\/media?parent=193011"}],"wp:term":[{"taxonomy":"category","embeddable":true,"href":"https:\/\/www.europesays.com\/fr\/wp-json\/wp\/v2\/categories?post=193011"},{"taxonomy":"post_tag","embeddable":true,"href":"https:\/\/www.europesays.com\/fr\/wp-json\/wp\/v2\/tags?post=193011"}],"curies":[{"name":"wp","href":"https:\/\/api.w.org\/{rel}","templated":true}]}}