{"id":193013,"date":"2025-06-21T08:32:09","date_gmt":"2025-06-21T08:32:09","guid":{"rendered":"https:\/\/www.europesays.com\/fr\/193013\/"},"modified":"2025-06-21T08:32:09","modified_gmt":"2025-06-21T08:32:09","slug":"il-y-aura-bien-un-ecran-geant-place-du-capitole-a-toulouse","status":"publish","type":"post","link":"https:\/\/www.europesays.com\/fr\/193013\/","title":{"rendered":"il y aura bien un \u00e9cran g\u00e9ant place du Capitole, \u00e0 Toulouse"},"content":{"rendered":"<p>            Par<br \/>\n        <strong><br \/>\n            <a href=\"https:\/\/actu.fr\/auteur\/gabriel-kenedi\" title=\"Consulter tous les articles de Gabriel Kenedi\" target=\"_blank\" rel=\"noopener\">Gabriel Kenedi<\/a><br \/>\n        <\/strong><\/p>\n<p>        Publi\u00e9 le<\/p>\n<p>            21 juin 2025 \u00e0 9h55        <\/p>\n<p>Cap sur le 24e<strong>Bouclier de Brennus<\/strong> ! En s\u2019imposant face \u00e0 Bayonne, le<strong> Stade Toulousain<\/strong> s\u2019est offert <a href=\"https:\/\/actu.fr\/occitanie\/toulouse_31555\/top-14-le-stade-toulousain-ecarte-bayonne-et-jouera-une-3e-finale-d-affilee_62805552.html\" target=\"_blank\" rel=\"noopener\">une nouvelle place en finale du Top 14<\/a> et est toujours en lice pour effectuer un <strong>tripl\u00e9 in\u00e9dit.<\/strong>\u00a0<\/p>\n<p>Une finale au Stade de France !\u00a0<\/p>\n<p class=\" wall-content\">Si le Stade Toulousain ne sait pas encore l\u2019identit\u00e9 de son adversaire (cela sera soit Bordeaux, soit Toulon, qui jouent samedi soir), on sait d\u00e9j\u00e0 que la finale aura lieu<strong> samedi 28 juin<\/strong>, \u00e0 partir de 21 heures, et se d\u00e9roulera dans l\u2019enceinte du<strong> Stade de France<\/strong>.\u00a0<\/p>\n<p>Un \u00e9cran g\u00e9ant place du Capitole\u00a0<\/p>\n<p class=\" wall-content\">Comme le veut la tradition, un<strong> \u00e9cran g\u00e9ant<\/strong> sera install\u00e9 pour l\u2019occasion <strong>place du Capitole<\/strong>, \u00e0 Toulouse. C\u2019est le maire de Toulouse qui l\u2019a lui-m\u00eame annonc\u00e9 sur ses r\u00e9seaux sociaux.\u00a0<\/p>\n<p class=\" wall-content\">\u00ab\u00a0Je donne rendez-vous aux Toulousains et aux amoureux du Stade, le samedi 28 juin, pour vivre tous ensemble cette finale, place du Capitole, devant un \u00e9cran g\u00e9ant !\u00a0\u00bb, a indiqu\u00e9 Jean-Luc Moudenc.\u00a0<\/p>\n<p class=\" wall-content\">\n<p>Des milliers de supporters attendus\u00a0<\/p>\n<p class=\" wall-content\">La diffusion des exploits du Stade Toulousain place du Capitole offre toujours des moments magiques \u00e0 leurs supporteurs. Ils seront comme chaque ann\u00e9e<strong> environ 15 000<\/strong> \u00e0 pouvoir acc\u00e9der sur la plus embl\u00e9matique place de la ville, pour vivre cette nouvelle finale du club Rouge et Noir. Vivement samedi !\u00a0<\/p>\n<p>Vid\u00e9os : en ce moment sur Actu<\/p>\n<p class=\" wall-content\">Suivez toute l\u2019actualit\u00e9 de vos villes et m\u00e9dias favoris en vous inscrivant \u00e0 <a href=\"https:\/\/moncompte.actu.fr\" title=\"D\u00e9couvez Mon Actu\" rel=\"nofollow noopener\" data-trk=\"{&quot;cta&quot;:{&quot;action&quot;:&quot;https:\\\/\\\/moncompte.actu.fr&quot;,&quot;category&quot;:&quot;mon compte&quot;,&quot;from&quot;:&quot;article footer&quot;,&quot;name&quot;:&quot;Mon actu&quot;,&quot;type&quot;:&quot;cta&quot;}}\" target=\"_blank\">Mon Actu<\/a>.<\/p>\n<ul class=\"ac-article-tag wall-content\">\n<li><a href=\"https:\/\/actu.fr\/tag\/capitole\" data-trk=\"{&quot;cta&quot;:{&quot;action&quot;:&quot;Capitole&quot;,&quot;category&quot;:&quot;tag&quot;,&quot;from&quot;:&quot;article footer&quot;,&quot;name&quot;:&quot;Capitole&quot;,&quot;type&quot;:&quot;cta&quot;}}\" target=\"_blank\" rel=\"noopener\">#Capitole<\/a><\/li>\n<li><a href=\"https:\/\/actu.fr\/tag\/stade-toulousain\" data-trk=\"{&quot;cta&quot;:{&quot;action&quot;:&quot;Stade toulousain&quot;,&quot;category&quot;:&quot;tag&quot;,&quot;from&quot;:&quot;article footer&quot;,&quot;name&quot;:&quot;Stade toulousain&quot;,&quot;type&quot;:&quot;cta&quot;}}\" target=\"_blank\" rel=\"noopener\">#Stade toulousain<\/a><\/li>\n<\/ul>\n","protected":false},"excerpt":{"rendered":"Par Gabriel Kenedi Publi\u00e9 le 21 juin 2025 \u00e0 9h55 Cap sur le 24eBouclier de Brennus ! En&hellip;\n","protected":false},"author":2,"featured_media":193014,"comment_status":"","ping_status":"","sticky":false,"template":"","format":"standard","meta":{"footnotes":""},"categories":[2816],"tags":[1111,11,4519,1777,674,1011,27,12,2680,25,479,60,476,2312],"class_list":{"0":"post-193013","1":"post","2":"type-post","3":"status-publish","4":"format-standard","5":"has-post-thumbnail","7":"category-toulouse","8":"tag-actu","9":"tag-actualites","10":"tag-capitole","11":"tag-eu","12":"tag-europe","13":"tag-fr","14":"tag-france","15":"tag-news","16":"tag-occitanie","17":"tag-republique-francaise","18":"tag-rugby","19":"tag-sports","20":"tag-stade-toulousain","21":"tag-toulouse"},"share_on_mastodon":{"url":"https:\/\/pubeurope.com\/@fr\/114720430094583122","error":""},"_links":{"self":[{"href":"https:\/\/www.europesays.com\/fr\/wp-json\/wp\/v2\/posts\/193013","targetHints":{"allow":["GET"]}}],"collection":[{"href":"https:\/\/www.europesays.com\/fr\/wp-json\/wp\/v2\/posts"}],"about":[{"href":"https:\/\/www.europesays.com\/fr\/wp-json\/wp\/v2\/types\/post"}],"author":[{"embeddable":true,"href":"https:\/\/www.europesays.com\/fr\/wp-json\/wp\/v2\/users\/2"}],"replies":[{"embeddable":true,"href":"https:\/\/www.europesays.com\/fr\/wp-json\/wp\/v2\/comments?post=193013"}],"version-history":[{"count":0,"href":"https:\/\/www.europesays.com\/fr\/wp-json\/wp\/v2\/posts\/193013\/revisions"}],"wp:featuredmedia":[{"embeddable":true,"href":"https:\/\/www.europesays.com\/fr\/wp-json\/wp\/v2\/media\/193014"}],"wp:attachment":[{"href":"https:\/\/www.europesays.com\/fr\/wp-json\/wp\/v2\/media?parent=193013"}],"wp:term":[{"taxonomy":"category","embeddable":true,"href":"https:\/\/www.europesays.com\/fr\/wp-json\/wp\/v2\/categories?post=193013"},{"taxonomy":"post_tag","embeddable":true,"href":"https:\/\/www.europesays.com\/fr\/wp-json\/wp\/v2\/tags?post=193013"}],"curies":[{"name":"wp","href":"https:\/\/api.w.org\/{rel}","templated":true}]}}