{"id":193017,"date":"2025-06-21T08:34:10","date_gmt":"2025-06-21T08:34:10","guid":{"rendered":"https:\/\/www.europesays.com\/fr\/193017\/"},"modified":"2025-06-21T08:34:10","modified_gmt":"2025-06-21T08:34:10","slug":"lart-interroge-la-notion-de-corps-de-beaute","status":"publish","type":"post","link":"https:\/\/www.europesays.com\/fr\/193017\/","title":{"rendered":"\u00ab L\u2019art interroge la notion de corps, de beaut\u00e9 \u00bb"},"content":{"rendered":"<p>            Par<br \/>\n        <strong><br \/>\n            <a href=\"https:\/\/actu.fr\/auteur\/annesophie-2\" title=\"Consulter tous les articles de Anne-Sophie Hourdeaux\" rel=\"nofollow noopener\" target=\"_blank\">Anne-Sophie Hourdeaux<\/a><br \/>\n        <\/strong><\/p>\n<p>        Publi\u00e9 le<\/p>\n<p>            21 juin 2025 \u00e0 9h14        <\/p>\n<p>Porteur de <b>handicap et artiste,<\/b> c\u2019est rare. <b>Jusqu\u2019au 27\u00a0juin 2025, Cliff Chan expose<\/b> dans son atelier \u00e0 <a href=\"https:\/\/actu.fr\/hauts-de-france\/lille_59350\" rel=\"nofollow noopener\" target=\"_blank\">Lille<\/a> (Nord). Vid\u00e9os, peintures avec les roues de son fauteuil, objets m\u00e9dicaux d\u00e9tourn\u00e9s\u2009: il interroge sur la beaut\u00e9 dans une expo tr\u00e8s intimiste. Il veut montrer qu\u2019<b>on peut \u00eatre en fauteuil et \u00eatre artiste\u2009<\/b>!<\/p>\n<p>D\u00e9couvrez les \u0153uvres incroyables de Cliff Chan \u00e0 Lille<\/p>\n<p class=\" wall-content\">Artiste professionnel depuis 2018, Cliff Chan, 32\u00a0ans, utilise plusieurs outils artistiques\u2009: vid\u00e9o, photo, toiles et m\u00eame objets. Plasticien, il a une particularit\u00e9 qui s\u2019exprime dans son art\u2009: il est porteur de <a href=\"https:\/\/actu.fr\/tag\/handicap\" rel=\"nofollow noopener\" target=\"_blank\">handicap<\/a>. Ce qui donne un <b>univers personnel tr\u00e8s fort<\/b>. Une mise \u00e0 nu qui devient d\u00e9marche artistique, qui montre que la faiblesse assum\u00e9e peut \u00eatre une force.<\/p>\n<p class=\" wall-content\">C\u2019est d\u2019abord par la photographie qu\u2019il a d\u00e9but\u00e9 son parcours, en section photo-vid\u00e9o \u00e0 l\u2019institut Saint-Luc de Tournai en <a href=\"https:\/\/actu.fr\/tag\/belgique\" rel=\"nofollow noopener\" target=\"_blank\">Belgique<\/a>. \u00ab\u2009Une passion qui est devenue d\u00e9marche artistique\u2009\u00bb dit-il. Puis, il se met \u00e0 la peinture avant de diversifier les supports artistiques. Il a <b>d\u00e9j\u00e0 expos\u00e9 plusieurs fois \u00e0 Lille, Croix, Paris<\/b>, et a m\u00eame particip\u00e9 \u00e0 une <b>r\u00e9sidence d\u2019artiste \u00e0 la Pouponni\u00e8re<\/b> \u00e0 Lille.<\/p>\n<p>    <img   decoding=\"async\" loading=\"lazy\" class=\"size-large\" src=\"https:\/\/www.europesays.com\/fr\/wp-content\/uploads\/2025\/06\/e19ad98415586d59ad9841558a99adv-960x640.jpeg\" alt=\"cliff chan artiste handicap lille\" width=\"960\" height=\"640\"\/><br \/>\n    Cliff Chan utilise plusieurs m\u00e9dias artistiques\u2009: ici des peintures au mur\u2009; et sur un socle un os en c\u00e9ramique, cass\u00e9 puis recoll\u00e9 avec une pr\u00e9paration en poudre d\u2019or, la technique japonaise dite \u00ab\u2009Kintsugi\u2009\u00bb. \u00a9Anne-Sophie Hourdeaux\/Croix du Nord<\/p>\n<p class=\" wall-content\">Sa nouvelle exposition est au \u00ab\u2009Feu Foyer\u2009\u00bb du 20 au 27\u00a0juin 2025. La salle n\u2019est pas tr\u00e8s grande, mais elle a du sens pour Cliff Chan\u2009: vous d\u00e9couvrirez pendant quelques jours ses \u0153uvres dans son lieu m\u00eame de cr\u00e9ation, \u00e0 Lille. Ce sont une <b>quinzaine d\u2019\u0153uvres qui sont propos\u00e9es<\/b>, et elles sont tr\u00e8s vari\u00e9es. Et elles interpellent. Au mur, des toiles color\u00e9es avec des lignes courbes\u2009: \u00ab\u2009Il s\u2019agit de traces de mon fauteuil roulant\u2009! J\u2019installe la toile au sol et je roule dans la peinture\u2009\u00bb.<\/p>\n<p>Un pot de fleurs, un os, des radios<\/p>\n<p class=\" wall-content\">Une plante intrigue\u2009: elle ne fait pas partie de la d\u00e9co, mais elle est une \u0153uvre d\u2019art \u00e0 part enti\u00e8re, \u00ab\u2009j\u2019ai utilis\u00e9 <b>un corset m\u00e9dical en plastique pour en faire un pot<\/b>\u2009!\u2009\u00bb.<\/p>\n<p class=\" wall-content\">Sur un socle, on trouve m\u00eame un os, avec des fils d\u2019or. \u00ab\u2009C\u2019est un <b>f\u00e9mur moul\u00e9 en c\u00e9ramique<\/b>, que j\u2019ai cass\u00e9 puis recoll\u00e9 avec de la poudre d\u2019or, c\u2019est une technique japonaise dite kintsugi\u2009\u00bb. Une mani\u00e8re de montrer que de la fragilit\u00e9 peut na\u00eetre la beaut\u00e9.<\/p>\n<blockquote class=\"ac-article-quote wall-content\">\n<p>La dorure r\u00e9v\u00e8le la faiblesse et la rend belle, sans la cacher. C\u2019est un chemin de r\u00e9silience et une invitation \u00e0 cultiver sa singularit\u00e9.<\/p>\n<p>Cliff Chan, artiste plasticien<\/p><\/blockquote>\n<p>    <img   decoding=\"async\" loading=\"lazy\" class=\"size-large\" src=\"https:\/\/www.europesays.com\/fr\/wp-content\/uploads\/2025\/06\/b7fad98415586abfad98415588ffadv-960x640.jpeg\" alt=\"cliff chan artiste handicap lille\" width=\"960\" height=\"640\"\/><br \/>\n    Un corset m\u00e9dical d\u00e9tourn\u00e9 en pot de fleurs. \u00a9Anne-Sophie Hourdeaux\/Croix du Nord<\/p>\n<p class=\" wall-content\">Autre d\u00e9tournement d\u2019objet\u2009: des r<b>adios m\u00e9dicales coll\u00e9es au mur<\/b> pour repr\u00e9senter un grand personnage. \u00ab\u2009Ce sont mes propres radios\u2009! J\u2019en ai un dossier complet. Il y a une qui a \u00e9t\u00e9 prise un jour apr\u00e8s ma naissance\u2009\u00bb.<\/p>\n<p class=\" wall-content\">Deux vid\u00e9os pr\u00e9sentent aussi des <b>morceaux de vie de l\u2019artiste<\/b>, avec le t\u00e9moignage de sa maman, et ses radios tremblotantes au vent.<\/p>\n<p>Interroger le handicap<\/p>\n<p class=\" wall-content\">Cette exposition est donc <b>tr\u00e8s intimiste<\/b>. \u00ab\u2009Pendant longtemps, j\u2019ai rejet\u00e9 mon identit\u00e9 d\u2019handicap\u00e9. Mais je me suis rendu compte que c\u2019\u00e9tait ma singularit\u00e9, qui consistait ma vision du monde\u2009\u00bb. Il d\u00e9cide donc d\u2019explorer cette particularit\u00e9 dans son travail artistique, \u00ab\u2009qui est une introspection\u2009\u00bb.<\/p>\n<blockquote class=\"ac-article-quote wall-content\">\n<p>J\u2019interroge la notion de corps, de beaut\u00e9. Je veux inscrire le handicap dans un autre cadre que cela m\u00e9dical. On peut trouver une forme de beaut\u00e9 dans ce c\u00f4t\u00e9 disgracieux. Avec ce travail, j\u2019ai envie que les gens y trouvent de la r\u00e9silience, de l\u2019espoir.<\/p>\n<\/blockquote>\n<p class=\" wall-content\">D\u2019ailleurs, son exposition a ce titre choc\u2009: \u00ab\u2009Ecce Monstro\u2009\u00bb. \u00ab\u2009Le monstre au Moyen \u00c2ge il a une fonction sociale, il <b>montre la diff\u00e9rence, avec ce mouvement fascination, r\u00e9pulsion<\/b>. Il est aussi sorte de miracle. Monstrare en latin, c\u2019est montrer. Je montre cette diff\u00e9rence\u2009\u00bb.<\/p>\n<p>Aider d\u2019autres artistes handicap\u00e9s<\/p>\n<p class=\" wall-content\">Il ne veut pas forc\u00e9ment \u00ab\u2009\u00eatre un mod\u00e8le\u2009\u00bb, mais il sait que son histoire peut en inspirer d\u2019autres. \u00ab\u2009<b>Si je peux aider \u00e0 ce que d\u2019autres personnes porteuses de handicap<\/b> se projettent artistes, c\u2019est important. Je cherche \u00e0 mettre en place des ressources pour de futurs artistes qui ont cette particularit\u00e9, notamment un label d\u2019accessibilit\u00e9 artistique, j\u2019y travaille avec la Malterie et l\u2019Institut pour la photographie. Car r\u00e9pondre \u00e0 un appel \u00e0 projet pour une r\u00e9sidence d\u2019artistes pour un handicap\u00e9, c\u2019est tr\u00e8s difficile car on ne sait pas si le lieu sera accessible\u2026\u2009\u00bb<\/p>\n<p class=\" wall-content\">Lui-m\u00eame tire sa force \u00ab\u2009du soutien de mon entourage, de mon optimisme, je suis un battant\u2009!\u2009\u00bb<\/p>\n<p class=\" wall-content\">Il remarque que les artistes porteurs de handicap sont tr\u00e8s rares. \u00ab\u2009En art contemporain, beaucoup de choses sont possibles. J\u2019ai des <b>limites physiques et techniques<\/b>, mais je m\u2019adapte, c\u2019est mon langage artistique. La singularit\u00e9 doit \u00eatre cultiv\u00e9e\u2009\u00bb. Son message aux jeunes handicap\u00e9s int\u00e9ress\u00e9s par le monde artistique\u2009? \u00ab\u2009C\u2019est \u00e0 soi-m\u00eame de cr\u00e9er son chemin\u2009\u00bb.<\/p>\n<p>Au \u00ab\u2009Feu Foyer\u2009\u00bb, 33 rue Christophe Colomb \u00e0 Lille. Ouvert du 21 au 27\u00a0juin 2025\u2009: mardi\u00a024, mercredi\u00a025, jeudi\u00a026, samedi\u00a028 de 13\u2009h \u00e0 17\u2009h, vendredi\u00a027 de 16\u2009h \u00e0 22\u2009h, ferm\u00e9 dimanche\u00a022 et lundi\u00a023. Vendredi 27\u00a0juin\u2009: le dernier jour de l\u2019exposition sera festif, avec de 16\u2009h \u00e0 22\u2009h, flash day tattoo par Olyvona et Klaeg, DJ set avec Onziememois et petite restauration vegan avec Superdaddycooks. Infos\u2009: <a href=\"https:\/\/www.cliffchan.fr\/\" rel=\"nofollow noopener\" target=\"_blank\">cliffchan.fr<\/a><\/p>\n<p class=\" wall-content\">Suivez toute l\u2019actualit\u00e9 de vos villes et m\u00e9dias favoris en vous inscrivant \u00e0 <a href=\"https:\/\/moncompte.actu.fr\" title=\"D\u00e9couvez Mon Actu\" rel=\"nofollow noopener\" data-trk=\"{&quot;cta&quot;:{&quot;action&quot;:&quot;https:\\\/\\\/moncompte.actu.fr&quot;,&quot;category&quot;:&quot;mon compte&quot;,&quot;from&quot;:&quot;article footer&quot;,&quot;name&quot;:&quot;Mon actu&quot;,&quot;type&quot;:&quot;cta&quot;}}\" target=\"_blank\">Mon Actu<\/a>.<\/p>\n","protected":false},"excerpt":{"rendered":"Par Anne-Sophie Hourdeaux Publi\u00e9 le 21 juin 2025 \u00e0 9h14 Porteur de handicap et artiste, c\u2019est rare. Jusqu\u2019au&hellip;\n","protected":false},"author":2,"featured_media":193018,"comment_status":"","ping_status":"","sticky":false,"template":"","format":"standard","meta":{"footnotes":""},"categories":[2815],"tags":[1111,11,1777,674,1011,27,1943,811,1307,12,25,104],"class_list":{"0":"post-193017","1":"post","2":"type-post","3":"status-publish","4":"format-standard","5":"has-post-thumbnail","7":"category-lille","8":"tag-actu","9":"tag-actualites","10":"tag-eu","11":"tag-europe","12":"tag-fr","13":"tag-france","14":"tag-handicap","15":"tag-hauts-de-france","16":"tag-lille","17":"tag-news","18":"tag-republique-francaise","19":"tag-societe"},"share_on_mastodon":{"url":"https:\/\/pubeurope.com\/@fr\/114720438310738597","error":""},"_links":{"self":[{"href":"https:\/\/www.europesays.com\/fr\/wp-json\/wp\/v2\/posts\/193017","targetHints":{"allow":["GET"]}}],"collection":[{"href":"https:\/\/www.europesays.com\/fr\/wp-json\/wp\/v2\/posts"}],"about":[{"href":"https:\/\/www.europesays.com\/fr\/wp-json\/wp\/v2\/types\/post"}],"author":[{"embeddable":true,"href":"https:\/\/www.europesays.com\/fr\/wp-json\/wp\/v2\/users\/2"}],"replies":[{"embeddable":true,"href":"https:\/\/www.europesays.com\/fr\/wp-json\/wp\/v2\/comments?post=193017"}],"version-history":[{"count":0,"href":"https:\/\/www.europesays.com\/fr\/wp-json\/wp\/v2\/posts\/193017\/revisions"}],"wp:featuredmedia":[{"embeddable":true,"href":"https:\/\/www.europesays.com\/fr\/wp-json\/wp\/v2\/media\/193018"}],"wp:attachment":[{"href":"https:\/\/www.europesays.com\/fr\/wp-json\/wp\/v2\/media?parent=193017"}],"wp:term":[{"taxonomy":"category","embeddable":true,"href":"https:\/\/www.europesays.com\/fr\/wp-json\/wp\/v2\/categories?post=193017"},{"taxonomy":"post_tag","embeddable":true,"href":"https:\/\/www.europesays.com\/fr\/wp-json\/wp\/v2\/tags?post=193017"}],"curies":[{"name":"wp","href":"https:\/\/api.w.org\/{rel}","templated":true}]}}