{"id":193023,"date":"2025-06-21T08:37:12","date_gmt":"2025-06-21T08:37:12","guid":{"rendered":"https:\/\/www.europesays.com\/fr\/193023\/"},"modified":"2025-06-21T08:37:12","modified_gmt":"2025-06-21T08:37:12","slug":"un-bijou-cache-a-1h-de-lyon-vous-attend-pour-une-baignade-improvisee","status":"publish","type":"post","link":"https:\/\/www.europesays.com\/fr\/193023\/","title":{"rendered":"Un bijou cach\u00e9 \u00e0 1h de Lyon vous attend pour une baignade improvis\u00e9e !"},"content":{"rendered":"<p>\t\t\t\t\t\t\t\t\t\t\t<img loading=\"lazy\" decoding=\"async\" width=\"1110\" title=\"Un bijou cach\u00e9 \u00e0 1h de Lyon vous attend pour une baignade improvis\u00e9e !\" class=\"img-fluid not_lzld mb-3\" src=\"https:\/\/www.radioespace.com\/media\/news\/thumb\/1110x624_un-bijou-cache-a-1h-de-lyon-vous-attend-pour-une-baignade-improvisee_68557cfc0ccce.webp\" alt=\"Un bijou cach\u00e9 \u00e0 1h de Lyon vous attend pour une baignade improvis\u00e9e !\" itemprop=\"image\" height=\"624\"\/>\t\t\t\t\t\t\t\t\t\t\t\t<\/p>\n<p>Instagram @payslacaiguebelette<\/p>\n<p itemprop=\"description\"><strong>Un lieu encore pr\u00e9serv\u00e9, qui pourrait bien vous r\u00e9server de tr\u00e8s belles surprises&#8230;<\/strong><\/p>\n<p>\t\t\t\t\tLe Lac d&rsquo;Aiguebelette : un joyau de nature, \u00e0 d\u00e9couvrir \u00e0 1h de Lyon<\/p>\n<p>Vous l&rsquo;avez sans doute remarqu\u00e9 ces derniers temps : <a href=\"https:\/\/www.radioespace.com\/news\/locales\/222407\/coup-de-chaud-a-lyon-peut-on-parler-d-une-canicule\" target=\"_blank\" rel=\"noopener nofollow\"><strong>le soleil est de retour \u00e0 Lyon et dans la r\u00e9gion<\/strong><\/a>. De quoi donner envie de trouver <a href=\"https:\/\/www.radioespace.com\/news\/autre\/218441\/lyon-5-endroits-ou-se-baigner-dans-les-alentours\" target=\"_blank\" rel=\"noopener nofollow\"><strong>le spot parfait pour se baigner<\/strong><\/a> et prendre un peu le frais. Bonne nouvelle : il existe de nombreux lieux dans le coin pour pratiquer <strong>vos meilleures brasses coul\u00e9es<\/strong>, et parfois pas tr\u00e8s loin de la Capitale des Gaules. Parmi eux, il y a la \u00ab\u00a0Perle de Savoie\u00a0\u00bb, autrement dit le\u00a0<strong>Lac d&rsquo;Aiguebelette<\/strong>, un lac glaciaire d&rsquo;une rare beaut\u00e9.<\/p>\n<p data-start=\"131\" data-end=\"627\">Blotti au pied de <strong>la montagne de l\u2019\u00c9pine<\/strong>, au c\u0153ur de l\u2019avant-pays savoyard, le lac d\u2019Aiguebelette porte bien son surnom de \u00ab\u00a0<strong>perle verte<\/strong>\u00ab\u00a0. Sans doute aussi parce que l&rsquo;endroit a \u00e9t\u00e9 pr\u00e9serv\u00e9, puisqu&rsquo;aucune embarcations \u00e0 moteur n&rsquo;est autoris\u00e9 sur le lac. Une bonne nouvelle pour pouvoir profiter comme il se doit de ce cadre sublime, lieu id\u00e9al pour se ressourcer, observer la faune et la flore locale, ou juste, faire <strong>des activit\u00e9s nautiques comme du kayak ou de la p\u00eache<\/strong>, et de prendre le temps de ne rien faire.\u00a0<\/p>\n<p data-start=\"629\" data-end=\"1106\">Class\u00e9 <strong>site Natura 2000<\/strong> et <strong>R\u00e9serve naturelle r\u00e9gionale <\/strong>depuis 2015, ce lac est <strong>un v\u00e9ritable temple de la biodiversit\u00e9<\/strong>. Entre zones prot\u00e9g\u00e9es, petits \u00eelots pr\u00e9serv\u00e9s et des eaux qui peuvent aller jusqu&rsquo;\u00e0 28\u00b0C en \u00e9t\u00e9 &#8211; h\u00e9 oui, prends \u00e7a la M\u00e9diterran\u00e9e ! &#8211;\u00a0 tout est mis en place pour pr\u00e9server la nature&#8230; et la tranquillit\u00e9. Ici, la baignade se fait uniquement sur des plages surveill\u00e9es, les balades se vivent en cano\u00eb, en palmes ou \u00e0 pied, et surtout,<strong> on apprend \u00e0 ralentir<\/strong>.<\/p>\n<p>Et s&rsquo;il fallait encore un argument pour vous convaincre, sachez que <strong>Aiguebelette, \u00e7a veut dire \u00ab\u00a0<\/strong><strong>belles petites eaux\u00a0\u00bb<\/strong> en latin. Et \u00e7a, c&rsquo;est la meilleure des preuves. \u00a0<\/p>\n<blockquote class=\"instagram-media\" style=\"background: #FFF; border: 0; border-radius: 3px; box-shadow: 0 0 1px 0 rgba(0,0,0,0.5),0 1px 10px 0 rgba(0,0,0,0.15); margin: 1px; max-width: 540px; min-width: 326px; padding: 0; width: calc(100% - 2px);\" data-instgrm-captioned=\"\" data-instgrm-permalink=\"https:\/\/www.instagram.com\/reel\/C58GFrUouNr\/?utm_source=ig_embed&amp;utm_campaign=loading\" data-instgrm-version=\"14\"><p>&#13;<br \/>\n&#13;\n<\/p><\/blockquote>\n<p>\t\t\t\t\t\t\t\t\t\t\t\t\t\t\t\t\t\t\t<script async src=\"\/\/www.instagram.com\/embed.js\"><\/script><\/p>\n","protected":false},"excerpt":{"rendered":"Instagram @payslacaiguebelette Un lieu encore pr\u00e9serv\u00e9, qui pourrait bien vous r\u00e9server de tr\u00e8s belles surprises&#8230; Le Lac d&rsquo;Aiguebelette&hellip;\n","protected":false},"author":2,"featured_media":193024,"comment_status":"","ping_status":"","sticky":false,"template":"","format":"standard","meta":{"footnotes":""},"categories":[1889],"tags":[1111,11,2430,650,7734,2889,2263,386,1777,674,1011,27,6417,1114,4662,2428,12,3725,1825,10688,25,2429],"class_list":{"0":"post-193023","1":"post","2":"type-post","3":"status-publish","4":"format-standard","5":"has-post-thumbnail","7":"category-lyon","8":"tag-actu","9":"tag-actualites","10":"tag-auvergne-rhone-alpes","11":"tag-cinema","12":"tag-ecoute","13":"tag-emission","14":"tag-equipe","15":"tag-espace","16":"tag-eu","17":"tag-europe","18":"tag-fr","19":"tag-france","20":"tag-information","21":"tag-infos","22":"tag-journal","23":"tag-lyon","24":"tag-news","25":"tag-podcast","26":"tag-radio","27":"tag-radioespace","28":"tag-republique-francaise","29":"tag-rhone"},"share_on_mastodon":{"url":"https:\/\/pubeurope.com\/@fr\/114720449885070046","error":""},"_links":{"self":[{"href":"https:\/\/www.europesays.com\/fr\/wp-json\/wp\/v2\/posts\/193023","targetHints":{"allow":["GET"]}}],"collection":[{"href":"https:\/\/www.europesays.com\/fr\/wp-json\/wp\/v2\/posts"}],"about":[{"href":"https:\/\/www.europesays.com\/fr\/wp-json\/wp\/v2\/types\/post"}],"author":[{"embeddable":true,"href":"https:\/\/www.europesays.com\/fr\/wp-json\/wp\/v2\/users\/2"}],"replies":[{"embeddable":true,"href":"https:\/\/www.europesays.com\/fr\/wp-json\/wp\/v2\/comments?post=193023"}],"version-history":[{"count":0,"href":"https:\/\/www.europesays.com\/fr\/wp-json\/wp\/v2\/posts\/193023\/revisions"}],"wp:featuredmedia":[{"embeddable":true,"href":"https:\/\/www.europesays.com\/fr\/wp-json\/wp\/v2\/media\/193024"}],"wp:attachment":[{"href":"https:\/\/www.europesays.com\/fr\/wp-json\/wp\/v2\/media?parent=193023"}],"wp:term":[{"taxonomy":"category","embeddable":true,"href":"https:\/\/www.europesays.com\/fr\/wp-json\/wp\/v2\/categories?post=193023"},{"taxonomy":"post_tag","embeddable":true,"href":"https:\/\/www.europesays.com\/fr\/wp-json\/wp\/v2\/tags?post=193023"}],"curies":[{"name":"wp","href":"https:\/\/api.w.org\/{rel}","templated":true}]}}