{"id":193031,"date":"2025-06-21T08:41:14","date_gmt":"2025-06-21T08:41:14","guid":{"rendered":"https:\/\/www.europesays.com\/fr\/193031\/"},"modified":"2025-06-21T08:41:14","modified_gmt":"2025-06-21T08:41:14","slug":"22-ans-de-prison-pour-le-complotiste-martial-lanoir","status":"publish","type":"post","link":"https:\/\/www.europesays.com\/fr\/193031\/","title":{"rendered":"22 ans de prison pour le complotiste Martial Lanoir"},"content":{"rendered":"<p>            Par<br \/>\n        <strong><br \/>\n            <a href=\"https:\/\/actu.fr\/auteur\/redaction-paris\" title=\"Consulter tous les articles de R\u00e9daction Paris\" rel=\"nofollow noopener\" target=\"_blank\">R\u00e9daction Paris<\/a><br \/>\n        <\/strong><\/p>\n<p>        Publi\u00e9 le<\/p>\n<p>            21 juin 2025 \u00e0 8h06        <\/p>\n<p><a href=\"https:\/\/actu.fr\/ile-de-france\/paris_75056\/il-avait-abattu-un-homme-en-pleine-rue-a-paris-le-chanteur-complotiste-martial-lanoir-devant-les-assises_62747399.html\" rel=\"nofollow noopener\" target=\"_blank\">Martial Lanoir<\/a>, dont le profil complotiste a impr\u00e9gn\u00e9 cette semaine son proc\u00e8s aux assises de Paris, a \u00e9t\u00e9 condamn\u00e9 vendredi 20 juin \u00e0 22 ans de prison pour le <a href=\"https:\/\/actu.fr\/ile-de-france\/paris_75056\/un-homme-tue-d-une-balle-dans-la-tete-a-paris-un-suspect-interpelle_50961549.html\" rel=\"nofollow noopener\" target=\"_blank\">meurtre en 2022<\/a> d\u2019un Fran\u00e7ais d\u2019origine marocaine et espagnole, abattu d\u2019une balle dans la t\u00eate. Les deux mains jointes devant lui, le quinquag\u00e9naire, le visage ferm\u00e9 et les yeux fix\u00e9s vers le sol, n\u2019a pas montr\u00e9 d\u2019\u00e9motion \u00e0 l\u2019annonce du verdict.\u00a0<\/p>\n<p>La th\u00e8se du tir accidentel pas retenue<\/p>\n<p class=\" wall-content\">Les jur\u00e9s n\u2019ont pas \u00e9t\u00e9 convaincus par les th\u00e8ses du tir accidentel et de la l\u00e9gitime d\u00e9fense. Ils ont assorti leur peine, l\u00e9g\u00e8rement inf\u00e9rieure aux 27 ans requis par l\u2019avocat g\u00e9n\u00e9ral, d\u2019une p\u00e9riode de s\u00fbret\u00e9 de 14 ans.<\/p>\n<p class=\" wall-content\">Les faits remontent \u00e0 la nuit du vendredi 13 au samedi 14 mai 2022. Martial Lanoir circule au volant de sa BMW sur un boulevard parisien \u00e0 proximit\u00e9 du Moulin Rouge lorsqu\u2019il est t\u00e9moin, selon lui, du \u00ab\u00a0lynchage\u00a0\u00bb d\u2019un homme par quatre individus.<\/p>\n<p class=\" wall-content\">Il affirme leur avoir demand\u00e9 d\u2019arr\u00eater depuis son v\u00e9hicule, avant d\u2019en sortir, de brandir son arme pour leur \u00ab\u00a0faire peur\u00a0\u00bb, sans succ\u00e8s, et de tirer sur \u00ab\u00a0le plus v\u00e9h\u00e9ment\u00a0\u00bb du groupe, Eric Casado Lopez, alors \u00e2g\u00e9 de 27 ans.<\/p>\n<p class=\" wall-content\">La sc\u00e8ne ne dure pas plus de 20 secondes. Martial Lanoir regagne ensuite son domicile. Il s\u2019appr\u00eate \u00e0 charger des bagages dans sa voiture quand la police vient l\u2019interpeller, au terme d\u2019une br\u00e8ve course-poursuite \u00e0 pied.<\/p>\n<p>Vid\u00e9os : en ce moment sur ActuLa l\u00e9gitime d\u00e9fense ne tient pas\u00a0<\/p>\n<p class=\" wall-content\">Convaincu qu\u2019une guerre civile menace d\u2019\u00e9clater en France, le complotiste portait r\u00e9guli\u00e8rement sur lui dans un holster, afin de se prot\u00e9ger, une arme, un pistolet de calibre .45 vol\u00e9 \u00e0 une connaissance.<\/p>\n<p class=\" wall-content\">Il reconna\u00eet \u00eatre l\u2019auteur du tir mortel, mais parle d\u2019un accident, sa main crisp\u00e9e par le \u00ab\u00a0stress\u00a0\u00bb. \u00ab\u00a0Je jure devant Dieu que je n\u2019ai pas voulu tuer qui ce soit\u00a0\u00bb, d\u00e9clare-t-il lors de sa derni\u00e8re prise de parole.<\/p>\n<p class=\" wall-content\">\u00ab\u00a0Le coup ne pouvait pas partir tout seul\u00a0\u00bb, oppose l\u2019avocat g\u00e9n\u00e9ral Marc Nouvion, s\u2019appuyant sur l\u2019expertise balistique. \u00ab\u00a0Il n\u2019y pas de doute sur le fait qu\u2019on a voulu tuer\u00a0\u00bb.\u00a0<\/p>\n<p class=\" wall-content\">Pour le repr\u00e9sentant du parquet, les\u00a0crit\u00e8res de la l\u00e9gitime d\u00e9fense, pour autrui, ne sont par ailleurs \u00ab\u00a0pas remplis\u00a0\u00bb, en raison notamment d\u2019une r\u00e9ponse jug\u00e9e disproportionn\u00e9e.<br \/>Martial Lanoir pr\u00e9tend \u00eatre intervenu pour \u00ab\u00a0sauver une vie\u00a0\u00bb, au milieu d\u2019une altercation d\u00e9crite par son avocat comme une \u00ab\u00a0sc\u00e8ne abominable\u00a0\u00bb, d\u2019une \u00ab\u00a0violence extr\u00eame\u00a0\u00bb.<\/p>\n<p class=\" wall-content\">Une version remise en cause par l\u2019avocat g\u00e9n\u00e9ral, qui pointe un \u00ab\u00a0d\u00e9calage\u00a0\u00bb avec la simple \u00ab\u00a0bosse\u00a0\u00bb constat\u00e9e par les m\u00e9decins chez l\u2019homme pris \u00e0 partie. \u00ab\u00a0On ne lui donne m\u00eame pas de Doliprane\u00a0\u00bb.<\/p>\n<p>\u00ab\u00a0Le proc\u00e8s du complotisme\u00a0\u00bb\u00a0<\/p>\n<p class=\" wall-content\">Marc Nouvion rappelle dans ses r\u00e9quisitions la \u00ab\u00a0personnalit\u00e9 impulsive\u00a0\u00bb de l\u2019accus\u00e9, mais ne souhaite pas \u00ab\u00a0r\u00e9duire cet acte \u00e0 une impulsion\u00a0\u00bb.\u00a0<br \/>\u00ab\u00a0Nous ne sommes pas face \u00e0 un d\u00e9rapage, mais \u00e0 un passage \u00e0 l\u2019acte construit, dirig\u00e9 par la col\u00e8re. Sa vie est empreinte de violence, elle est son quotidien\u00a0\u00bb, estime-t-il, m\u00eame si la justice n\u2019a pas retenu le mobile raciste.<\/p>\n<p class=\" wall-content\">Prolixe sur les r\u00e9seaux sociaux, Martial Lanoir d\u00e9nonce des attentats commis selon lui par les services secrets et affiche sa sympathie pour l\u2019essayiste d\u2019extr\u00eame droite Alain Soral.<br \/>Quelques heures avant son tir mortel, un message vocal haineux et antis\u00e9mite, appelant \u00e0 \u00ab\u00a0\u00e9liminer les cafards\u00a0\u00bb, est publi\u00e9 sur un groupe Telegram qu\u2019il anime, nomm\u00e9 les \u00ab\u00a0anti-smith\u00a0\u00bb.<\/p>\n<p>    <a href=\"https:\/\/email.publihebdos.com\/form?lid=Mqc7o19yVDtMEo2FE8aUtw2\" title=\"Ouvrie le lien\" rel=\"nofollow noopener\" target=\"_blank\">Cliquez ici pour visualiser le contenu<\/a><\/p>\n<p class=\" wall-content\">Il admet que la voix ressemble \u00e0 la sienne, mais parle d\u2019une manipulation par intelligence artificielle. \u00ab\u00a0Des gens malveillants m\u2019en veulent beaucoup \u00e0 cause de mon combat politique\u00a0\u00bb, assure-t-il, persuad\u00e9 qu\u2019on cherche \u00e0 faire \u00e0 travers lui \u00ab\u00a0le proc\u00e8s du complotisme\u00a0\u00bb.<\/p>\n<p class=\" wall-content\">\u00ab\u00a0Il a sauv\u00e9 la vie d\u2019un homme et on le met en prison parce qu\u2019il est cens\u00e9 avoir fait l\u2019apologie d\u2019Hitler\u00a0\u00bb, d\u00e9plore son avocat, Fran\u00e7ois Danglehant, qui avait d\u00e9fendu avant lui l\u2019ancien humoriste Dieudonn\u00e9.<\/p>\n<p class=\" wall-content\"><strong>AFP<\/strong><\/p>\n<p class=\" wall-content\">Suivez toute l\u2019actualit\u00e9 de vos villes et m\u00e9dias favoris en vous inscrivant \u00e0 <a href=\"https:\/\/moncompte.actu.fr\" title=\"D\u00e9couvez Mon Actu\" rel=\"nofollow noopener\" data-trk=\"{&quot;cta&quot;:{&quot;action&quot;:&quot;https:\\\/\\\/moncompte.actu.fr&quot;,&quot;category&quot;:&quot;mon compte&quot;,&quot;from&quot;:&quot;article footer&quot;,&quot;name&quot;:&quot;Mon actu&quot;,&quot;type&quot;:&quot;cta&quot;}}\" target=\"_blank\">Mon Actu<\/a>.<\/p>\n","protected":false},"excerpt":{"rendered":"Par R\u00e9daction Paris Publi\u00e9 le 21 juin 2025 \u00e0 8h06 Martial Lanoir, dont le profil complotiste a impr\u00e9gn\u00e9&hellip;\n","protected":false},"author":2,"featured_media":193032,"comment_status":"","ping_status":"","sticky":false,"template":"","format":"standard","meta":{"footnotes":""},"categories":[1888],"tags":[1111,1928,11,1927,1777,674,118,1011,27,303,777,12,1926,626,1925,25],"class_list":{"0":"post-193031","1":"post","2":"type-post","3":"status-publish","4":"format-standard","5":"has-post-thumbnail","7":"category-paris","8":"tag-actu","9":"tag-actu-paris","10":"tag-actualites","11":"tag-actualites-paris","12":"tag-eu","13":"tag-europe","14":"tag-faits-divers","15":"tag-fr","16":"tag-france","17":"tag-justice","18":"tag-meurtre","19":"tag-news","20":"tag-news-paris","21":"tag-paris","22":"tag-paris-news","23":"tag-republique-francaise"},"share_on_mastodon":{"url":"https:\/\/pubeurope.com\/@fr\/114720465443127765","error":""},"_links":{"self":[{"href":"https:\/\/www.europesays.com\/fr\/wp-json\/wp\/v2\/posts\/193031","targetHints":{"allow":["GET"]}}],"collection":[{"href":"https:\/\/www.europesays.com\/fr\/wp-json\/wp\/v2\/posts"}],"about":[{"href":"https:\/\/www.europesays.com\/fr\/wp-json\/wp\/v2\/types\/post"}],"author":[{"embeddable":true,"href":"https:\/\/www.europesays.com\/fr\/wp-json\/wp\/v2\/users\/2"}],"replies":[{"embeddable":true,"href":"https:\/\/www.europesays.com\/fr\/wp-json\/wp\/v2\/comments?post=193031"}],"version-history":[{"count":0,"href":"https:\/\/www.europesays.com\/fr\/wp-json\/wp\/v2\/posts\/193031\/revisions"}],"wp:featuredmedia":[{"embeddable":true,"href":"https:\/\/www.europesays.com\/fr\/wp-json\/wp\/v2\/media\/193032"}],"wp:attachment":[{"href":"https:\/\/www.europesays.com\/fr\/wp-json\/wp\/v2\/media?parent=193031"}],"wp:term":[{"taxonomy":"category","embeddable":true,"href":"https:\/\/www.europesays.com\/fr\/wp-json\/wp\/v2\/categories?post=193031"},{"taxonomy":"post_tag","embeddable":true,"href":"https:\/\/www.europesays.com\/fr\/wp-json\/wp\/v2\/tags?post=193031"}],"curies":[{"name":"wp","href":"https:\/\/api.w.org\/{rel}","templated":true}]}}