{"id":193049,"date":"2025-06-21T08:50:14","date_gmt":"2025-06-21T08:50:14","guid":{"rendered":"https:\/\/www.europesays.com\/fr\/193049\/"},"modified":"2025-06-21T08:50:14","modified_gmt":"2025-06-21T08:50:14","slug":"liran-est-au-plan-balistique-une-menace-pour-leurope-affirme-cet-ambassadeur-de-france","status":"publish","type":"post","link":"https:\/\/www.europesays.com\/fr\/193049\/","title":{"rendered":"\u00ab\u00a0L\u2019Iran est, au plan balistique, une menace pour l&rsquo;Europe\u00a0\u00bb affirme cet ambassadeur de France"},"content":{"rendered":"<p>Pour celui qui a \u00e9t\u00e9 ambassadeur aux \u00c9tats-Unis et en Allemagne, mais surtout conseiller diplomatique du pr\u00e9sident de la R\u00e9publique entre 2017 \u00e0 2019, le contexte g\u00e9opolitique est inflammable et le programme nucl\u00e9aire iranien tr\u00e8s pr\u00e9occupant.<\/p>\n<p><strong>\u00ab Les Europ\u00e9ens n\u2019ont eu aucune faiblesse vis-\u00e0-vis de l\u2019Iran \u00bb<\/strong><\/p>\n<p>Interrog\u00e9 sur la responsabilit\u00e9 de l\u2019Union europ\u00e9enne dans la poursuite par l\u2019Iran de son programme nucl\u00e9aire, apr\u00e8s l\u2019arr\u00eat des n\u00e9gociations entam\u00e9es 2003 par la France, l\u2019Allemagne et le Royaume-Uni, le diplomate affirme : \u00ab \u00c7a n\u2019est pas nous qui avons \u00e9chou\u00e9, c\u2019est l\u2019Iran et les \u00c9tats-Unis qui sont sortis de l\u2019accord. [\u2026] Les Europ\u00e9ens n\u2019ont eu aucune faiblesse vis-\u00e0-vis de l\u2019Iran, nous avons d\u00e9nonc\u00e9 ses manquements au droit international et \u00e0 ses obligations au titre des trait\u00e9s sur la non-prolif\u00e9ration nucl\u00e9aire et au titre de l\u2019accord de 2015 \u00bb.<\/p>\n<p>Sur la diplomatie europ\u00e9enne, Phillipe \u00c9tienne insiste : \u00ab Au dernier sommet du G7, les Europ\u00e9ens ont souscrit \u00e0 une d\u00e9claration qui affirme que la s\u00e9curit\u00e9 d\u2019Isra\u00ebl doit \u00eatre absolument assur\u00e9e face \u00e0 ces menaces iraniennes mais qui dit aussi qu\u2019il faut \u00e9viter l\u2019escalade et qu\u2019il faut une solution politique \u00bb.<\/p>\n<p><strong>\u00ab L\u2019Iran est une menace \u00bb<\/strong><\/p>\n<p>L\u2019ancien ambassadeur justifie la position de l\u2019Union europ\u00e9enne : \u00ab L\u2019Iran est une menace, le r\u00e9gime iranien est ce qu\u2019il est. Il r\u00e9prime sa population, il arr\u00eate m\u00eame des citoyens fran\u00e7ais [\u2026 ] C\u2019est une menace pour l\u2019environnement r\u00e9gional notamment Isra\u00ebl, c\u2019est m\u00eame au plan balistique une menace pour l\u2019Europe \u00bb. Il poursuit : \u00ab Quand nous parlons de solution politique et diplomatique aujourd\u2019hui c\u2019est parce que nous pensons qu\u2019une escalade, notamment par l\u2019implication militaire de la grande puissance am\u00e9ricaine, risque d\u2019avoir des effets extr\u00eamement n\u00e9gatifs pour toute la s\u00e9curit\u00e9 r\u00e9gionale et mondiale \u00bb.<\/p>\n<p>\u00c9crit par Sacha Ferrand.<\/p>\n<p><a href=\"https:\/\/www.publicsenat.fr\/emission\/ici-leurope\/otan-quelle-protection-pour-leurope-e40\" rel=\"nofollow noopener\" target=\"_blank\">Une \u00e9mission \u00e0 revoir en int\u00e9gralit\u00e9 sur notre espace replay.<\/a><\/p>\n","protected":false},"excerpt":{"rendered":"Pour celui qui a \u00e9t\u00e9 ambassadeur aux \u00c9tats-Unis et en Allemagne, mais surtout conseiller diplomatique du pr\u00e9sident de&hellip;\n","protected":false},"author":2,"featured_media":193050,"comment_status":"","ping_status":"","sticky":false,"template":"","format":"standard","meta":{"footnotes":""},"categories":[1586],"tags":[11,31122,312,1777,674,1011,27,12,25,364],"class_list":{"0":"post-193049","1":"post","2":"type-post","3":"status-publish","4":"format-standard","5":"has-post-thumbnail","7":"category-europe","8":"tag-actualites","9":"tag-conflit-israel-iran","10":"tag-diplomatie","11":"tag-eu","12":"tag-europe","13":"tag-fr","14":"tag-france","15":"tag-news","16":"tag-republique-francaise","17":"tag-union-europeenne"},"share_on_mastodon":{"url":"https:\/\/pubeurope.com\/@fr\/114720500840245486","error":""},"_links":{"self":[{"href":"https:\/\/www.europesays.com\/fr\/wp-json\/wp\/v2\/posts\/193049","targetHints":{"allow":["GET"]}}],"collection":[{"href":"https:\/\/www.europesays.com\/fr\/wp-json\/wp\/v2\/posts"}],"about":[{"href":"https:\/\/www.europesays.com\/fr\/wp-json\/wp\/v2\/types\/post"}],"author":[{"embeddable":true,"href":"https:\/\/www.europesays.com\/fr\/wp-json\/wp\/v2\/users\/2"}],"replies":[{"embeddable":true,"href":"https:\/\/www.europesays.com\/fr\/wp-json\/wp\/v2\/comments?post=193049"}],"version-history":[{"count":0,"href":"https:\/\/www.europesays.com\/fr\/wp-json\/wp\/v2\/posts\/193049\/revisions"}],"wp:featuredmedia":[{"embeddable":true,"href":"https:\/\/www.europesays.com\/fr\/wp-json\/wp\/v2\/media\/193050"}],"wp:attachment":[{"href":"https:\/\/www.europesays.com\/fr\/wp-json\/wp\/v2\/media?parent=193049"}],"wp:term":[{"taxonomy":"category","embeddable":true,"href":"https:\/\/www.europesays.com\/fr\/wp-json\/wp\/v2\/categories?post=193049"},{"taxonomy":"post_tag","embeddable":true,"href":"https:\/\/www.europesays.com\/fr\/wp-json\/wp\/v2\/tags?post=193049"}],"curies":[{"name":"wp","href":"https:\/\/api.w.org\/{rel}","templated":true}]}}