{"id":193056,"date":"2025-06-21T08:54:11","date_gmt":"2025-06-21T08:54:11","guid":{"rendered":"https:\/\/www.europesays.com\/fr\/193056\/"},"modified":"2025-06-21T08:54:11","modified_gmt":"2025-06-21T08:54:11","slug":"medias-france-televisions-victime-dune-panne-dans-la-nuit-retour-du-direct-sur-la-chaine-franceinfo","status":"publish","type":"post","link":"https:\/\/www.europesays.com\/fr\/193056\/","title":{"rendered":"M\u00e9dias. France T\u00e9l\u00e9visions victime d&rsquo;une panne dans la nuit, retour du direct sur la cha\u00eene franceinfo"},"content":{"rendered":"<p>La cha\u00eene d&rsquo;information en continu franceinfo a repris l&rsquo;antenne en direct vers 10 h 00 ce samedi matin, apr\u00e8s une panne technique qui a conduit \u00e0 une br\u00e8ve interruption de la diffusion des cha\u00eenes du groupe France T\u00e9l\u00e9visions dans la nuit.<\/p>\n<p>Interruption des programmes<\/p>\n<p>\u00ab Une panne majeure du syst\u00e8me de climatisation des salles h\u00e9bergeant les serveurs de diffusion des cha\u00eenes France 2, France 3, France 4, France 5 et France info a provoqu\u00e9 autour de minuit une interruption des programmes pr\u00e9vus \u00bb, a d\u00e9clar\u00e9 le groupe dans un communiqu\u00e9. \u00ab Les \u00e9quipes de France T\u00e9l\u00e9visions mobilis\u00e9es toute la nuit ont permis un retour progressif de la diffusion \u00e0 la normale \u00bb sur ces cha\u00eenes, a-t-elle ajout\u00e9. \u00c0 l&rsquo;antenne, l&rsquo;interruption n&rsquo;a dur\u00e9 que quelques secondes.<\/p>\n<p>Mais sur France Info, le direct a \u00e9t\u00e9 interrompu jusqu&rsquo;\u00e0 10 h 00 environ car \u00ab une partie du mat\u00e9riel de la r\u00e9gie de production de la cha\u00eene \u00bb en continu a \u00e9t\u00e9 endommag\u00e9 au cours de l&rsquo;incident. Le groupe public a pr\u00e9sent\u00e9 ses excuses \u00ab aupr\u00e8s de tous les t\u00e9l\u00e9spectateurs \u00bb.<\/p>\n","protected":false},"excerpt":{"rendered":"La cha\u00eene d&rsquo;information en continu franceinfo a repris l&rsquo;antenne en direct vers 10 h 00 ce samedi matin,&hellip;\n","protected":false},"author":2,"featured_media":193057,"comment_status":"","ping_status":"","sticky":false,"template":"","format":"standard","meta":{"footnotes":""},"categories":[4],"tags":[11,107,1011,27,329,12,25,2205],"class_list":{"0":"post-193056","1":"post","2":"type-post","3":"status-publish","4":"format-standard","5":"has-post-thumbnail","7":"category-france","8":"tag-actualites","9":"tag-fil-info","10":"tag-fr","11":"tag-france","12":"tag-france-monde","13":"tag-news","14":"tag-republique-francaise","15":"tag-television-medias"},"share_on_mastodon":{"url":"https:\/\/pubeurope.com\/@fr\/114720516824177152","error":""},"_links":{"self":[{"href":"https:\/\/www.europesays.com\/fr\/wp-json\/wp\/v2\/posts\/193056","targetHints":{"allow":["GET"]}}],"collection":[{"href":"https:\/\/www.europesays.com\/fr\/wp-json\/wp\/v2\/posts"}],"about":[{"href":"https:\/\/www.europesays.com\/fr\/wp-json\/wp\/v2\/types\/post"}],"author":[{"embeddable":true,"href":"https:\/\/www.europesays.com\/fr\/wp-json\/wp\/v2\/users\/2"}],"replies":[{"embeddable":true,"href":"https:\/\/www.europesays.com\/fr\/wp-json\/wp\/v2\/comments?post=193056"}],"version-history":[{"count":0,"href":"https:\/\/www.europesays.com\/fr\/wp-json\/wp\/v2\/posts\/193056\/revisions"}],"wp:featuredmedia":[{"embeddable":true,"href":"https:\/\/www.europesays.com\/fr\/wp-json\/wp\/v2\/media\/193057"}],"wp:attachment":[{"href":"https:\/\/www.europesays.com\/fr\/wp-json\/wp\/v2\/media?parent=193056"}],"wp:term":[{"taxonomy":"category","embeddable":true,"href":"https:\/\/www.europesays.com\/fr\/wp-json\/wp\/v2\/categories?post=193056"},{"taxonomy":"post_tag","embeddable":true,"href":"https:\/\/www.europesays.com\/fr\/wp-json\/wp\/v2\/tags?post=193056"}],"curies":[{"name":"wp","href":"https:\/\/api.w.org\/{rel}","templated":true}]}}