{"id":19307,"date":"2025-04-12T07:05:09","date_gmt":"2025-04-12T07:05:09","guid":{"rendered":"https:\/\/www.europesays.com\/fr\/19307\/"},"modified":"2025-04-12T07:05:09","modified_gmt":"2025-04-12T07:05:09","slug":"val-kilmer-les-vraies-raisons-de-son-deces-enfin-revelees","status":"publish","type":"post","link":"https:\/\/www.europesays.com\/fr\/19307\/","title":{"rendered":"Val Kilmer : les vraies raisons de son d\u00e9c\u00e8s enfin r\u00e9v\u00e9l\u00e9es"},"content":{"rendered":"<p>      R\u00e9sum\u00e9<\/p>\n<p>L&rsquo;acteur am\u00e9ricain Val Kilmer est d\u00e9c\u00e9d\u00e9 des suites d&rsquo;une pneumonie, avec plusieurs complications, selon des documents officiels r\u00e9v\u00e9l\u00e9s par TMZ. <\/p>\n<p>        Sommaire<\/p>\n<p>Le monde du cin\u00e9ma pleure <a href=\"https:\/\/www.public.fr\/top-gun-batman-lacteur-val-kilmer-est-mort-a-65-ans\" target=\"_blank\" rel=\"noopener\">la disparition de <strong>Val<\/strong> <strong>Kilmer<\/strong><\/a>, d\u00e9c\u00e9d\u00e9 le 1\u1d49\u02b3 avril dernier \u00e0 l&rsquo;\u00e2ge de 65 ans. Dix jours apr\u00e8s l&rsquo;annonce de sa mort, le m\u00e9dia am\u00e9ricain <a href=\"https:\/\/www.tmz.com\/2025\/04\/10\/val-kilmer-cause-of-death\/?adid=social-tmzlikeshop-ig\" target=\"_blank\" rel=\"noreferrer noopener\">TMZ<\/a> a finalement r\u00e9v\u00e9l\u00e9 <strong>les v\u00e9ritables causes du d\u00e9c\u00e8s. <\/strong><\/p>\n<p>Selon les documents officiels obtenus par le site, dont le certificat de d\u00e9c\u00e8s d\u00e9livr\u00e9 par le D\u00e9partement de la Sant\u00e9 du comt\u00e9 de Los Angeles, l&rsquo;acteur est bien <strong>mort des suites d&rsquo;une pneumonie<\/strong>. <\/p>\n<p>Le document mentionne \u00e9galement <strong>plusieurs complications<\/strong> sous-jacentes : une insuffisance respiratoire hypox\u00e9mique aigu\u00eb, une insuffisance respiratoire chronique, ainsi qu&rsquo;un carcinome \u00e9pidermo\u00efde localis\u00e9 \u00e0 la base de la langue. \u00ab\u00a0D&rsquo;autres facteurs contributifs incluent la malnutrition et une fistule trach\u00e9o-cutan\u00e9e\u00a0\u00bb, pr\u00e9cise TMZ. <\/p>\n<p>Une carri\u00e8re bris\u00e9e par la maladie<\/p>\n<p>Pour rappel, <a href=\"https:\/\/www.public.fr\/val-kilmer-face-au-cancer-il-revele-comment-son-ex-cher-l-a-aide\" target=\"_blank\" rel=\"noopener\">l&rsquo;ex-compagnon de la chanteuse Cher<\/a> a marqu\u00e9 le septi\u00e8me art de son empreinte. Sa filmographie est en effet impressionnante, avec une multitude de longs-m\u00e9trages \u00e0 son actif.<\/p>\n<p><strong>Val Kilmer restera surtout grav\u00e9 dans les m\u00e9moires pour trois r\u00f4les embl\u00e9matiques<\/strong>. Il a camp\u00e9 le lieutenant Tom \u00ab\u00a0Iceman\u00a0\u00bb Kazansky dans Top Gun aux c\u00f4t\u00e9s de Tom Cruise, puis a pr\u00eat\u00e9 ses traits au mythique Jim Morrison dans The Doors en 1991. <\/p>\n<p>En 1995, il enfilait le costume du justicier masqu\u00e9 dans Batman Forever. Malheureusement, la maladie l&rsquo;a progressivement \u00e9loign\u00e9 des plateaux \u00e0 partir des ann\u00e9es 2000, jusqu&rsquo;\u00e0 faire de plus en plus rare ses apparitions \u00e0 l&rsquo;\u00e9cran. Depuis une dizaine d&rsquo;ann\u00e9es, l&rsquo;ami de Michael Douglas luttait bel et bien contre <a href=\"https:\/\/www.public.fr\/val-kilmer-se-confie-sur-sa-lutte-contre-le-cancer-de-la-gorge\" target=\"_blank\" rel=\"noopener\">un cancer de la gorge<\/a>. <\/p>\n<p>Pluie d&rsquo;hommages pour Val Kilmer<\/p>\n<p>P\u00e8re de deux enfants, Val Kilmer a laiss\u00e9 Mercedes et Jack derri\u00e8re lui. Tr\u00e8s proches, ces derniers s&rsquo;\u00e9taient fait remarquer lors de la 74\u1d49 \u00e9dition du Festival de Cannes en 2021, o\u00f9 ils avaient foul\u00e9 ensemble le tapis rouge. <\/p>\n<p>Main dans la main, ils \u00e9taient venus pr\u00e9senter Val, un documentaire \u00e9mouvant consacr\u00e9 \u00e0 leur p\u00e8re, sign\u00e9 Leo Scott et Ting Poo.<\/p>\n<p><strong>Francis Ford Coppola, Cher, Jim Carrey\u00a0<\/strong>et bien d&rsquo;autres c\u00e9l\u00e9brit\u00e9s ont rendu hommage \u00e0 l&rsquo;acteur. Au CinemaCon, Tom Cruise\u00a0a d&rsquo;ailleurs observ\u00e9 une minute de silence pour sa co-star. <\/p>\n<p>      Mentionn\u00e9s dans cet article<\/p>\n<p>\u00c0 lire aussi<\/p>\n","protected":false},"excerpt":{"rendered":"R\u00e9sum\u00e9 L&rsquo;acteur am\u00e9ricain Val Kilmer est d\u00e9c\u00e9d\u00e9 des suites d&rsquo;une pneumonie, avec plusieurs complications, selon des documents officiels&hellip;\n","protected":false},"author":2,"featured_media":19308,"comment_status":"","ping_status":"","sticky":false,"template":"","format":"standard","meta":{"footnotes":""},"categories":[1359],"tags":[7544,58,59,1011,27,973,3726],"class_list":{"0":"post-19307","1":"post","2":"type-post","3":"status-publish","4":"format-standard","5":"has-post-thumbnail","7":"category-people","8":"tag-certificat-de-deces","9":"tag-divertissement","10":"tag-entertainment","11":"tag-fr","12":"tag-france","13":"tag-people","14":"tag-val-kilmer"},"share_on_mastodon":{"url":"https:\/\/pubeurope.com\/@fr\/114323726178365572","error":""},"_links":{"self":[{"href":"https:\/\/www.europesays.com\/fr\/wp-json\/wp\/v2\/posts\/19307","targetHints":{"allow":["GET"]}}],"collection":[{"href":"https:\/\/www.europesays.com\/fr\/wp-json\/wp\/v2\/posts"}],"about":[{"href":"https:\/\/www.europesays.com\/fr\/wp-json\/wp\/v2\/types\/post"}],"author":[{"embeddable":true,"href":"https:\/\/www.europesays.com\/fr\/wp-json\/wp\/v2\/users\/2"}],"replies":[{"embeddable":true,"href":"https:\/\/www.europesays.com\/fr\/wp-json\/wp\/v2\/comments?post=19307"}],"version-history":[{"count":0,"href":"https:\/\/www.europesays.com\/fr\/wp-json\/wp\/v2\/posts\/19307\/revisions"}],"wp:featuredmedia":[{"embeddable":true,"href":"https:\/\/www.europesays.com\/fr\/wp-json\/wp\/v2\/media\/19308"}],"wp:attachment":[{"href":"https:\/\/www.europesays.com\/fr\/wp-json\/wp\/v2\/media?parent=19307"}],"wp:term":[{"taxonomy":"category","embeddable":true,"href":"https:\/\/www.europesays.com\/fr\/wp-json\/wp\/v2\/categories?post=19307"},{"taxonomy":"post_tag","embeddable":true,"href":"https:\/\/www.europesays.com\/fr\/wp-json\/wp\/v2\/tags?post=19307"}],"curies":[{"name":"wp","href":"https:\/\/api.w.org\/{rel}","templated":true}]}}