{"id":193074,"date":"2025-06-21T09:05:10","date_gmt":"2025-06-21T09:05:10","guid":{"rendered":"https:\/\/www.europesays.com\/fr\/193074\/"},"modified":"2025-06-21T09:05:10","modified_gmt":"2025-06-21T09:05:10","slug":"merveilleuses-decouvertes-lors-de-ces-fouilles-archeologiques","status":"publish","type":"post","link":"https:\/\/www.europesays.com\/fr\/193074\/","title":{"rendered":"merveilleuses d\u00e9couvertes lors de ces fouilles arch\u00e9ologiques"},"content":{"rendered":"<p class=\"article__intro\">Les arch\u00e9ologues ont remont\u00e9 le temps, du Moyen \u00c2ge \u00e0 l&rsquo;\u00e9poque romaine, dans les sous-sols du centre-ville de Limoges. Les fouilles achev\u00e9es, les travaux de r\u00e9am\u00e9nagement vont \u00e0 pr\u00e9sent commencer. <\/p>\n<p>\n      L&rsquo;essentiel du jour : notre s\u00e9lection exclusive\n    <\/p>\n<p>\n      Chaque jour, notre r\u00e9daction vous r\u00e9serve le meilleur de l&rsquo;info r\u00e9gionale. Une s\u00e9lection rien que pour vous, pour rester en lien avec vos r\u00e9gions.\n    <\/p>\n<p>    France T\u00e9l\u00e9visions utilise votre adresse e-mail afin de vous envoyer la newsletter \u00ab\u00a0L&rsquo;essentiel du jour : notre s\u00e9lection exclusive\u00a0\u00bb. Vous pouvez vous d\u00e9sinscrire \u00e0 tout moment via le lien en bas de cette newsletter. <a target=\"_blank\" href=\"https:\/\/www.francetelevisions.fr\/groupe\/confidentialite\/politique-de-confidentialite\/politique-de-confidentialite-de-france-televisions-6503\" rel=\"nofollow noopener\">Notre politique de confidentialit\u00e9<\/a><\/p>\n<p>\u00c0 Limoges, le sol de la ville est r\u00e9put\u00e9 pour \u00eatre un vrai gruy\u00e8re dont les cavit\u00e9s ne sont pas toujours vides. Les derni\u00e8res fouilles arch\u00e9ologiques r\u00e9alis\u00e9es par le bureau d&rsquo;\u00e9tudes arch\u00e9ologiques \u00c9veha l&rsquo;ont bien d\u00e9montr\u00e9. Sur la place des Bancs, l&rsquo;un trois secteurs dans lesquels les fouilles ont \u00e9t\u00e9 r\u00e9alis\u00e9es, les traces d&rsquo;une occupation romaine antique ont \u00e9t\u00e9 retrouv\u00e9es.<\/p>\n<p><a data-article-figure=\"\" href=\"https:\/\/france3-regions.franceinfo.fr\/image\/06DMonGsMHP95UNCIqxUcUqtbAU\/1920x1080\/regions\/2025\/06\/19\/237-8827-00-00-02-12-6853de4aa9c83189570901.jpg\" data-pswp-width=\"1920\" data-pswp-height=\"1080\" target=\"_blank\" rel=\"nofollow noopener\"><\/p>\n<p>          <img width=\"600\" height=\"400\" class=\"article-image lazy\" data-src=\"https:\/\/www.europesays.com\/fr\/wp-content\/uploads\/2025\/06\/237-8827-00-00-02-12-6853de4aa9c83189570901.jpg\" alt=\"Les fouilles arch\u00e9ologiques pr\u00e9ventives ont commenc\u00e9 en f\u00e9vrier 2025 dans le cadre des travaux de r\u00e9am\u00e9nagement de la place des Bancs et de ses alentours, le 16 f\u00e9vrier \u00e0 Limoges.\" fetchpriority=\"high\" as=\"image\"\/><\/p>\n<p>\n            Les fouilles arch\u00e9ologiques pr\u00e9ventives ont commenc\u00e9 en f\u00e9vrier 2025 dans le cadre des travaux de r\u00e9am\u00e9nagement de la place des Bancs et de ses alentours, le 16 f\u00e9vrier \u00e0 Limoges.<br \/>\n                           \u2022<br \/>\n                                      \u00a9 Nicolas Chigot, France T\u00e9l\u00e9visions\n                      <\/p>\n<p><\/a><\/p>\n<p>\u00ab\u00a0On a de l&rsquo;habitation, des vestiges assez haut, d&rsquo;un m\u00e8tre minimum. Il ne reste que des bouts de murs. On a retrouv\u00e9 un puits \u00e0 eau.\u00a0On a arr\u00eat\u00e9 la fouille \u00e0 neuf m\u00e8tres de profondeur. Mais c&rsquo;est encore plus profond que \u00e7a. Cela va permettre de garder les vestiges mobiliers, c&rsquo;est une tr\u00e8s bonne conservation. On a retrouv\u00e9 beaucoup de vaisselle, des aiguilles. On a aussi retrouv\u00e9 un fragment de buste, et une sculpture d&rsquo;un homme et d&rsquo;une femme qui se tiennent la main, et une s\u00e9pulture d&rsquo;une enfant de six ans et un homme adulte, d\u00e9taille Claire Pesenti, responsable d&rsquo;op\u00e9ration. On a retrouv\u00e9 aussi un bassin qui \u00e9tait li\u00e9 \u00e0 l&rsquo;eau, et apr\u00e8s des choses qui sont moins visibles. Il y avait quelques ossements, notamment de b\u00e9b\u00e9s.\u00a0\u00bb<\/p>\n<blockquote class=\"ftvi_content_quote\">\n<p class=\"ftvi_citation_quote\">Il y a aussi une colonne de granit qui a \u00e9t\u00e9 retrouv\u00e9e dans un positionnement symbolique.<\/p>\n<p>Claire Pesenti<\/p>\n<p class=\"ftvi_citation_source\">Responsable d&rsquo;op\u00e9ration &#8211; Bureau d&rsquo;\u00e9tudes arch\u00e9ologiques Eveha<\/p>\n<\/blockquote>\n<p>D&rsquo;autres d\u00e9couvertes \u00e9tonnantes permettent de comprendre mieux le fonctionnement de la place des Bancs. Les chercheurs ont remarqu\u00e9 un endroit o\u00f9 se d\u00e9gageait une odeur de phosphate \u00ab\u00a0typique d&rsquo;un endroit o\u00f9 on parque les b\u00eates\u00a0\u00bb, pr\u00e9cise Claire Pesenti. On sait qu&rsquo;\u00e0 partir du XIII\u1d49 si\u00e8cle, des bouchers s&rsquo;installent, on voit que le terrain va \u00eatre aplati pour que la pente soit moins importante. On sait que les animaux y \u00e9taient amen\u00e9s vivants sur la place, pour \u00eatre tu\u00e9s, puis coup\u00e9s et vendus. C&rsquo;\u00e9tait le moyen de conserver la viande dans le meilleur \u00e9tat comme il n&rsquo;y avait pas de cha\u00eene de froid.\u00a0\u00bb\u00a0<\/p>\n<p>Les cavit\u00e9s vont \u00eatre rebouch\u00e9es. Le mobilier va \u00eatre pris en charge par le bureau d&rsquo;\u00e9tudes arch\u00e9ologiques \u00c9veha. \u00ab\u00a0On r\u00e9cup\u00e8re les objets dans nos locaux. Ils vont \u00eatre lav\u00e9s puis \u00e9tudi\u00e9s. On va ensuite rendre un rapport au service r\u00e9gional d&rsquo;arch\u00e9ologie. Les objets seront confi\u00e9s \u00e0 l&rsquo;\u00c9tat, mais la ville de Limoges pourra faire une demande si elle souhaite toutefois les conserver.\u00a0\u00bb<\/p>\n<p>Les \u00e9quipes d&rsquo;arch\u00e9ologie suivront l&rsquo;avanc\u00e9e des travaux jusqu&rsquo;au mois de mars 2026 pour veiller \u00e0 ne pas endommager des vestiges. \u00ab\u00a0On aura un gros travail de puzzle \u00e0 faire place du Poids Public, rue Libert\u00e9 et dans les rues adjacentes.\u00a0\u00bb\u00a0La ville de Limoges dispose d&rsquo;un syst\u00e8me de topographie des cavit\u00e9s pr\u00e9sentes dans Limoges pour anticiper en cas de travaux \u00ab\u00a0mais il y a toujours des surprises.\u00a0\u00bb<\/p>\n","protected":false},"excerpt":{"rendered":"Les arch\u00e9ologues ont remont\u00e9 le temps, du Moyen \u00c2ge \u00e0 l&rsquo;\u00e9poque romaine, dans les sous-sols du centre-ville de&hellip;\n","protected":false},"author":2,"featured_media":193075,"comment_status":"","ping_status":"","sticky":false,"template":"","format":"standard","meta":{"footnotes":""},"categories":[1358],"tags":[1348,1384,1385,1386,58,59,1011,27],"class_list":{"0":"post-193074","1":"post","2":"type-post","3":"status-publish","4":"format-standard","5":"has-post-thumbnail","7":"category-arts-et-design","8":"tag-arts","9":"tag-arts-and-design","10":"tag-arts-et-design","11":"tag-design","12":"tag-divertissement","13":"tag-entertainment","14":"tag-fr","15":"tag-france"},"share_on_mastodon":{"url":"https:\/\/pubeurope.com\/@fr\/114720560065719424","error":""},"_links":{"self":[{"href":"https:\/\/www.europesays.com\/fr\/wp-json\/wp\/v2\/posts\/193074","targetHints":{"allow":["GET"]}}],"collection":[{"href":"https:\/\/www.europesays.com\/fr\/wp-json\/wp\/v2\/posts"}],"about":[{"href":"https:\/\/www.europesays.com\/fr\/wp-json\/wp\/v2\/types\/post"}],"author":[{"embeddable":true,"href":"https:\/\/www.europesays.com\/fr\/wp-json\/wp\/v2\/users\/2"}],"replies":[{"embeddable":true,"href":"https:\/\/www.europesays.com\/fr\/wp-json\/wp\/v2\/comments?post=193074"}],"version-history":[{"count":0,"href":"https:\/\/www.europesays.com\/fr\/wp-json\/wp\/v2\/posts\/193074\/revisions"}],"wp:featuredmedia":[{"embeddable":true,"href":"https:\/\/www.europesays.com\/fr\/wp-json\/wp\/v2\/media\/193075"}],"wp:attachment":[{"href":"https:\/\/www.europesays.com\/fr\/wp-json\/wp\/v2\/media?parent=193074"}],"wp:term":[{"taxonomy":"category","embeddable":true,"href":"https:\/\/www.europesays.com\/fr\/wp-json\/wp\/v2\/categories?post=193074"},{"taxonomy":"post_tag","embeddable":true,"href":"https:\/\/www.europesays.com\/fr\/wp-json\/wp\/v2\/tags?post=193074"}],"curies":[{"name":"wp","href":"https:\/\/api.w.org\/{rel}","templated":true}]}}