{"id":193080,"date":"2025-06-21T09:08:10","date_gmt":"2025-06-21T09:08:10","guid":{"rendered":"https:\/\/www.europesays.com\/fr\/193080\/"},"modified":"2025-06-21T09:08:10","modified_gmt":"2025-06-21T09:08:10","slug":"zak-starkey-le-fils-de-ringo-starr-commence-a-regretter-davoir-accepte-de-jouer-pour-les-who","status":"publish","type":"post","link":"https:\/\/www.europesays.com\/fr\/193080\/","title":{"rendered":"Zak Starkey, le fils de Ringo Starr, commence \u00e0 regretter d\u2019avoir accept\u00e9 de jouer pour les Who"},"content":{"rendered":"<p>Zak Starkey pourrait \u00eatre en train de r\u00e9p\u00e9ter avec <a href=\"https:\/\/www.20minutes.fr\/arts-stars\/culture\/musique\/4158627-20250616-oasis-liam-gallagher-defend-fans-accuses-etre-ivrognes-surpoids\" target=\"_blank\" class=\"color-ultramarine c-link\" rel=\"noopener\">Oasis<\/a> s\u2019il n\u2019avait pas r\u00e9pondu \u00e0 l\u2019appel des Who quelques mois plus t\u00f4t. En effet, le batteur de 59 ans qui n\u2019est autre que le fils de<a href=\"https:\/\/www.20minutes.fr\/arts-stars\/people\/4136284-20250130-ringo-starr-assure-jamais-mange-pizza-vie\" target=\"_blank\" class=\"color-ultramarine c-link\" rel=\"noopener\"> Ringo Starr<\/a> a r\u00e9v\u00e9l\u00e9 au <a href=\"https:\/\/www.telegraph.co.uk\/music\/interviews\/zak-starkey-interview-ringo-starr\/\" rel=\"nofollow noopener\" target=\"_blank\" class=\"color-ultramarine c-link\">Telegraph<\/a> qu\u2019il avait refus\u00e9 une offre de rejoindre Oasis sur sc\u00e8ne avant de vivre un v\u00e9ritable calvaire avec les Who, groupe avec lequel il jouait pourtant depuis 29 ans.<\/p>\n<p>Le musicien a en effet \u00e9t\u00e9 vir\u00e9 deux fois cette ann\u00e9e par le groupe britannique. En avril, Zak Starkey avait annonc\u00e9 qu\u2019il quittait les Who sans plus d\u2019explication avant que Pete Townshend ne d\u00e9clare une semaine plus tard qu\u2019il restait finalement dans le groupe apr\u00e8s \u00ab\u00a0quelques probl\u00e8mes de communication\u00a0\u00bb. Mais le mois suivant, les v\u00e9t\u00e9rans du rock britannique annon\u00e7aient de nouveau le d\u00e9part de leur batteur.<\/p>\n<p>Pas sur le m\u00eame tempo<\/p>\n<p>D\u2019apr\u00e8s Zak Starkey, tout commenc\u00e9 lors d\u2019un concert au Royal Albert Hall de Londres en avril o\u00f9 les Who ont interpr\u00e9t\u00e9 The Song Is Over, un titre de plus de six minutes rarement jou\u00e9 sur sc\u00e8ne. \u00ab\u00a0Ce qu\u2019il s\u2019est pass\u00e9, c\u2019est que j\u2019avais raison et <a href=\"https:\/\/www.20minutes.fr\/arts-stars\/people\/2354663-20181015-roger-daltrey-the-who-decouvert-tard-trois-paternites\" target=\"_blank\" class=\"color-ultramarine c-link\" rel=\"noopener\">Roger Daltrey<\/a> s\u2019est tromp\u00e9\u00a0\u00bb, a affirm\u00e9 Zak Starkey. Selon le batteur, Roger Daltrey \u00ab\u00a0est arriv\u00e9 une mesure trop t\u00f4t\u00a0\u00bb pendant la performance.<\/p>\n<p>Une semaine apr\u00e8s le concert, Zak Starkey a re\u00e7u un appel du manager du groupe, Bill Curbishley\u00a0: \u00ab\u00a0Il m\u2019a dit\u00a0: \u00ab\u00a0C\u2019est mon devoir malheureux de t\u2019informer que ta pr\u00e9sence ne sera plus n\u00e9cessaire. Roger dit que tu as rat\u00e9 quelques temps\u00a0\u00bb\u00a0\u00bb. Le musicien assure pourtant avoir regard\u00e9 la performance et ne pas avoir trouv\u00e9 \u00ab\u00a0de temps rat\u00e9s\u00a0\u00bb. Une issue d\u2019autant plus cocasse que Roger Daltrey est quasiment sourd\u00a0!<\/p>\n","protected":false},"excerpt":{"rendered":"Zak Starkey pourrait \u00eatre en train de r\u00e9p\u00e9ter avec Oasis s\u2019il n\u2019avait pas r\u00e9pondu \u00e0 l\u2019appel des Who&hellip;\n","protected":false},"author":2,"featured_media":193081,"comment_status":"","ping_status":"","sticky":false,"template":"","format":"standard","meta":{"footnotes":""},"categories":[1355],"tags":[1697,58,59,1011,27,2705,4534,1361,873,23929,973,133],"class_list":{"0":"post-193080","1":"post","2":"type-post","3":"status-publish","4":"format-standard","5":"has-post-thumbnail","7":"category-musique","8":"tag-concert","9":"tag-divertissement","10":"tag-entertainment","11":"tag-fr","12":"tag-france","13":"tag-groupe","14":"tag-londres","15":"tag-music","16":"tag-musique","17":"tag-oasis","18":"tag-people","19":"tag-video"},"share_on_mastodon":{"url":"https:\/\/pubeurope.com\/@fr\/114720571660885158","error":""},"_links":{"self":[{"href":"https:\/\/www.europesays.com\/fr\/wp-json\/wp\/v2\/posts\/193080","targetHints":{"allow":["GET"]}}],"collection":[{"href":"https:\/\/www.europesays.com\/fr\/wp-json\/wp\/v2\/posts"}],"about":[{"href":"https:\/\/www.europesays.com\/fr\/wp-json\/wp\/v2\/types\/post"}],"author":[{"embeddable":true,"href":"https:\/\/www.europesays.com\/fr\/wp-json\/wp\/v2\/users\/2"}],"replies":[{"embeddable":true,"href":"https:\/\/www.europesays.com\/fr\/wp-json\/wp\/v2\/comments?post=193080"}],"version-history":[{"count":0,"href":"https:\/\/www.europesays.com\/fr\/wp-json\/wp\/v2\/posts\/193080\/revisions"}],"wp:featuredmedia":[{"embeddable":true,"href":"https:\/\/www.europesays.com\/fr\/wp-json\/wp\/v2\/media\/193081"}],"wp:attachment":[{"href":"https:\/\/www.europesays.com\/fr\/wp-json\/wp\/v2\/media?parent=193080"}],"wp:term":[{"taxonomy":"category","embeddable":true,"href":"https:\/\/www.europesays.com\/fr\/wp-json\/wp\/v2\/categories?post=193080"},{"taxonomy":"post_tag","embeddable":true,"href":"https:\/\/www.europesays.com\/fr\/wp-json\/wp\/v2\/tags?post=193080"}],"curies":[{"name":"wp","href":"https:\/\/api.w.org\/{rel}","templated":true}]}}