{"id":193082,"date":"2025-06-21T09:09:10","date_gmt":"2025-06-21T09:09:10","guid":{"rendered":"https:\/\/www.europesays.com\/fr\/193082\/"},"modified":"2025-06-21T09:09:10","modified_gmt":"2025-06-21T09:09:10","slug":"voici-la-liste-des-films-annonces-jusquen-2028","status":"publish","type":"post","link":"https:\/\/www.europesays.com\/fr\/193082\/","title":{"rendered":"voici la liste des films annonc\u00e9s jusqu&rsquo;en 2028"},"content":{"rendered":"<p>C\u2019est le chaos chez Marvel\u00a0? Oui et non. Depuis Avengers\u00a0: Endgame, l\u2019avenir du MCU est loin d\u2019\u00eatre tout trac\u00e9. On ne compte plus le nombre de projets promis aux spectateurs et qui n\u2019ont finalement jamais vu le jour. Citer Blade suffit \u00e0 convaincre que la vie n\u2019est plus un long fleuve tranquille pour l\u2019entreprise de Kevin Feige. M\u00eame les productions phares, celles consacr\u00e9es aux Avengers, sont concern\u00e9es par <strong>ce jeu des chaises musicales<\/strong> qui consiste \u00e0 reporter et d\u00e9placer des m\u00e9trages au sein du calendrier de la franchise. Alors que les liens entre les films sont \u00e9troits, que chaque proposition doit introduire certains \u00e9l\u00e9ments qui seront d\u00e9velopp\u00e9s chez ses successeurs, on comprend ais\u00e9ment pourquoi la <strong>saga du multivers<\/strong> ressemble de plus en plus \u00e0 un immense sac de n\u0153uds, pour les spectateurs mais aussi visiblement pour les cr\u00e9atifs en charge de son d\u00e9veloppement. On fait le point sur <strong>tous les films annonc\u00e9s \u00e0 date.\u00a0<\/strong><\/p>\n<p> Les 4 Fantastiques \u2014 23 juillet 2025 (Phase 6) <\/p>\n<p>C\u2019est le blockbuster de l\u2019\u00e9t\u00e9 pour Marvel, p\u00e9riode qui lui a plut\u00f4t bien r\u00e9ussi l\u2019an dernier avec la sortie de Deadpool &amp; Wolverine au cin\u00e9ma. Six ans apr\u00e8s le rachat de la 20th Century Fox, la Maison des id\u00e9es s\u2019offre enfin l\u2019opportunit\u00e9 de mettre le retour au bercail des 4 Fantastiques \u00e0 profit. \u00c0 la diff\u00e9rence des X-Men, le studio mise sur un red\u00e9marrage de z\u00e9ro. Aucun des acteurs des pr\u00e9c\u00e9dentes adaptations ne sera convi\u00e9, ce sont <strong>Pedro Pascal, Vanessa Kirby, Joseph Quinn et Ebon Moss-Bachrach<\/strong> qui portent ce projet. Une nouvelle famille qui, Marvel l\u2019esp\u00e8re, attirera les regards des spectateurs que les pr\u00e9c\u00e9dents films n\u2019ont pas convaincus.<\/p>\n<\/p>\n<p>    <a href=\"https:\/\/www.youtube.com\/user\/JournalduGeek?sub_confirmation=1\" target=\"_blank\" rel=\"nofollow noopener\"><br \/>\n        S&rsquo;abonner \u00e0 Journal du Geek<br \/>\n    <\/a> <\/p>\n<p>L\u2019histoire \u00e9voluera dans une <strong>dimension parall\u00e8le<\/strong>, <strong>inspir\u00e9e des ann\u00e9es 60<\/strong>. Envoy\u00e9s dans l\u2019espace pour les besoins d\u2019une mission, quatre scientifiques vont \u00eatre expos\u00e9s \u00e0 des rayons cosmiques qui vont modifier leur organisme et leur conf\u00e9rer des pouvoirs surhumains. L\u2019essentiel de l\u2019intrigue ne devrait n\u00e9anmoins pas \u00e9voluer \u00e0 cette p\u00e9riode mais plut\u00f4t raconter comment, maintenant qu\u2019ils sont devenus les gardiens de la Terre, ils font face \u00e0 l\u2019arriv\u00e9e de <strong>l\u2019ennemi le plus puissant qu\u2019il ait eu \u00e0 affronter<\/strong>. <strong>Galactus<\/strong>, d\u00e9j\u00e0 invit\u00e9 pour Les Quatre Fantastiques et le Surfeur d\u2019argent de Tim Story, repr\u00e9sentera une menace colossale pour la plan\u00e8te bleue. Matt Shakman, r\u00e9alisateur de la s\u00e9rie Wandavision, est d\u2019ailleurs la cam\u00e9ra et adapte un sc\u00e9nario de Josh Friedman et Jeff Kaplan.<\/p>\n<p> Spider-Man\u00a0: Brand New Day \u2014 29 juillet 2026 (Phase 6) <\/p>\n<p>Quatre ans apr\u00e8s No Way Home, Peter Parker va reprendre du service. Sony Pictures et Marvel continuent leur collaboration autour de l\u2019homme-araign\u00e9e avec un quatri\u00e8me film port\u00e9 par Tom Holland. Devant la cam\u00e9ra de Daniel Destin Cretton, Peter Parker sera confront\u00e9 \u00e0 de nouveaux d\u00e9fis\u2026 \u00e0 l\u2019\u00e9chelle de la rue, si l\u2019on en croit les rumeurs. En effet, apr\u00e8s avoir mis\u00e9 largement sur le multivers, le MCU veut revenir aux origines du personnage en lui conf\u00e9rant des ennemis plus possibles qu\u2019un sort ouvrant la voie \u00e0 des m\u00e9chants de toutes les dimensions. Les d\u00e9tails de l\u2019intrigue restent secrets mais le titre du film appuie sur la volont\u00e9 de renouveau des deux entit\u00e9s.<\/p>\n<p> Avengers\u00a0: Doomsday \u2014 16 d\u00e9cembre 2026 (Phase 6) <\/p>\n<p>Il aura fallu prendre son mal en patience mais \u00e7a arrive. D\u2019abord d\u00e9velopp\u00e9 sous le titre d\u2019Avengers\u00a0: Kang Dynasty, avant que <a href=\"https:\/\/www.journaldugeek.com\/2023\/12\/19\/jonathan-majors-kang-evince-du-mcu-apres-avoir-ete-reconnu-coupable-dagression\/\" target=\"_blank\" rel=\"noopener\">Jonathan Majors ne soit \u00e9vinc\u00e9<\/a>, Avengers 6 a connu de nombreux reports au cours des derni\u00e8res ann\u00e9es. Il \u00e9tait d\u2019abord promis \u00e0 une sortie en 2025 avant que le changement de direction ne contraigne Kevin Feige \u00e0 repousser son film d\u2019une ann\u00e9e. Le retour de Robert Downey Jr a \u00e9t\u00e9 officialis\u00e9 dans la foul\u00e9e, l\u2019acteur abandonne Iron Man pour camper Fatalis, adversaire embl\u00e9matique des 4 Fantastiques dans les comics. Avengers\u00a0: Doomsday est alors promis pour le mois d\u2019avril 2026 avant un dernier changement pour que la firme mise finalement sur le mois de d\u00e9cembre prochain.<\/p>\n<p> <img loading=\"lazy\" decoding=\"async\" class=\"size-full wp-image-50555146\" src=\"https:\/\/www.europesays.com\/fr\/wp-content\/uploads\/2025\/06\/Doomsday-robert-downey-jr-1.jpg\" alt=\"Doomsday Robert Downey Jr\" width=\"1920\" height=\"1280\"  \/>\u00a9 Journal du Geek <\/p>\n<p>Le film doit faire intervenir une galerie importante de personnages et promet d\u2019\u00eatre un film de tous les superlatifs. Il ouvrira la voie \u00e0 <a href=\"https:\/\/www.journaldugeek.com\/2025\/02\/12\/avengers-6-ca-avance-tres-bien-pour-secret-wars\/\" target=\"_blank\" rel=\"noopener\">Avengers\u00a0: Secret Wars<\/a>, conclusion de la saga de l\u2019infini et red\u00e9marrage avant une nouvelle phase et sans doute saga. Jusqu\u2019ici, Kevin Feige cultive le myst\u00e8re sur ce que l\u2019avenir r\u00e9serve \u00e0 ses h\u00e9ros, cela ne l\u2019a pas emp\u00each\u00e9 de s\u00e9curiser quatre films pour 2028.<\/p>\n<p> Avengers\u00a0: Secret Wars \u2014 15 d\u00e9cembre 2027 (Phase 6) <\/p>\n<p>Comme Endgame, Secret Wars\u00a0a la lourde responsabilit\u00e9 de clore un chapitre douloureux pour la Maison des id\u00e9es. Joe et Anthony Russo devraient immortaliser le plus gros film de superh\u00e9ros jamais r\u00e9alis\u00e9, du moins en terme de personnages et d\u2019enjeux. Si l\u2019on ne sait pas vraiment ce que ce volet r\u00e9serve, la narration devrait s\u2019emparer de certains \u00e9l\u00e9ments \u00e9voqu\u00e9s sur le papier glac\u00e9 dans un arc narratif \u00e9ponyme. Une guerre massive entre les X-Men, les Avengers, les New Avengers et Les 4 Fantastiques se pr\u00e9pare.<\/p>\n<p> Nouvelle saga en 2028 <\/p>\n<p>Pour ne pas vendre la m\u00e8che trop vite, et r\u00e9v\u00e9ler pr\u00e9matur\u00e9ment l\u2019identit\u00e9 de celles et ceux qui survivront \u00e0 Secret Wars, Marvel ne dit pas de quoi son avenir sera fait. Quatre films sont n\u00e9anmoins promis pour 2028. Le premier doit sortir en f\u00e9vrier 2028, suivi d\u2019un autre en mai avant des sorties successives en novembre et d\u00e9cembre 2028. Ce dernier projet vient d\u2019\u00eatre officialis\u00e9, sans que sa teneur ne soit partag\u00e9e. Simple report de la sortie de novembre ou projet surprise, il est encore trop t\u00f4t pour le dire. On peut d\u00e9j\u00e0 imagin\u00e9 que l\u2019un de ces films sera consacr\u00e9 aux X-Men, eux qui doivent faire un retour triomphant au cin\u00e9ma apr\u00e8s le rachat de la Fox par Disney. Mickey pr\u00e9parait cette introduction depuis un moment, avec les apparitions du professeur Xavier dans Doctor Strange in the Multiverse of Madness ou la r\u00e9union des superh\u00e9ros dans <a href=\"https:\/\/www.journaldugeek.com\/critique\/critique-deadpool-wolverine-le-film-dont-marvel-avait-besoin\/\" target=\"_blank\" rel=\"noopener\">Deadpool et Wolverine<\/a>.<\/p>\n<p> Des films dans les limbes du d\u00e9veloppement <\/p>\n<p>Outre ces propositions dont la sortie est assur\u00e9e, il existe quantit\u00e9 de projets promis qui n\u2019ont pas encore eu l\u2019occasion de se concr\u00e9tiser. C\u2019est particuli\u00e8rement vrai pour Blade, d\u2019abord annonc\u00e9 pour le mois de juillet 2022, il est pass\u00e9 entre de nombreuses mains jusqu\u2019\u00e0 tout \u00e0 fait dispara\u00eetre du calendrier Marvel. \u00c0 l\u2019heure actuelle, son statut est ind\u00e9termin\u00e9 et il ne para\u00eet plus \u00eatre au centre des priorit\u00e9s du g\u00e9ant. M\u00eame son de cloche pour Shang-Chi 2, dont Daniel Destin Cretton doit se charger. C\u2019est aussi le cas d\u2019Armor Wars, initialement con\u00e7u comme une s\u00e9rie \u00e0 destination de Disney+ avant de devenir un film qui doit poursuivre l\u2019h\u00e9ritage Iron Man. Depuis, c\u2019est silence radio pour le film qui doit faire intervenir le War Machine de Don Cheadle.<\/p>\n<p>  \u00c0 retenir <\/p>\n<ul>\n<li>Les 4 Fantastiques, premiers pas \u2014 23 juillet 2025<\/li>\n<li>Spider-Man\u00a0: Brand New Day \u2014 29 juillet 2026<\/li>\n<li>Avengers\u00a0: Doomsday \u2014 16 d\u00e9cembre 2026<\/li>\n<li>Avengers\u00a0: Secret Wars \u2014 15 d\u00e9cembre 2027<\/li>\n<li>Untilted Marvel Movie \u2014 f\u00e9vrier 2028<\/li>\n<li>Untilted Marvel Movie \u2014 mai 2028<\/li>\n<li>Untilted Marvel Movie \u2014 novembre 2028<\/li>\n<li>Untilted Marvel Movie \u2014 d\u00e9cembre 2028<\/li>\n<li>Blade \u2014 pas de date<\/li>\n<li>Shang-Chi 2 \u2014 pas de date<\/li>\n<li>Armor Wars \u2014\u00a0 pas de date<\/li>\n<li>Nova \u2014 pas de date<\/li>\n<li>X-Men reboot \u2014 pas de date<\/li>\n<\/ul>\n<blockquote>\n<p class=\"text-base text-neutral-700 dark:text-neutral-300\">\ud83d\udfe3 Pour ne manquer aucune news sur le Journal du Geek, abonnez-vous sur <a href=\"https:\/\/news.google.com\/publications\/CAAqBwgKMNr_hAswwYyCAw?hl=fr&amp;gl=FR&amp;ceid=FR%3Afr\" target=\"_blank\" rel=\"noopener\">Google Actualit\u00e9s<\/a> et sur <a href=\"https:\/\/whatsapp.com\/channel\/0029VaClM5y4tRry12tb7D2h\" target=\"_blank\" rel=\"noopener\">notre WhatsApp<\/a>. Et si vous nous adorez, on a <a href=\"https:\/\/www.journaldugeek.com\/newsletter\/\" target=\"_blank\" rel=\"noopener\">une newsletter tous les matins<\/a>.<\/p>\n<\/blockquote>\n","protected":false},"excerpt":{"rendered":"C\u2019est le chaos chez Marvel\u00a0? Oui et non. Depuis Avengers\u00a0: Endgame, l\u2019avenir du MCU est loin d\u2019\u00eatre tout&hellip;\n","protected":false},"author":2,"featured_media":193083,"comment_status":"","ping_status":"","sticky":false,"template":"","format":"standard","meta":{"footnotes":""},"categories":[1354],"tags":[11320,58,59,1346,1011,27,2135,11224,1360],"class_list":{"0":"post-193082","1":"post","2":"type-post","3":"status-publish","4":"format-standard","5":"has-post-thumbnail","7":"category-films","8":"tag-avengers","9":"tag-divertissement","10":"tag-entertainment","11":"tag-films","12":"tag-fr","13":"tag-france","14":"tag-marvel","15":"tag-mcu","16":"tag-movies"},"share_on_mastodon":{"url":"https:\/\/pubeurope.com\/@fr\/114720575729415351","error":""},"_links":{"self":[{"href":"https:\/\/www.europesays.com\/fr\/wp-json\/wp\/v2\/posts\/193082","targetHints":{"allow":["GET"]}}],"collection":[{"href":"https:\/\/www.europesays.com\/fr\/wp-json\/wp\/v2\/posts"}],"about":[{"href":"https:\/\/www.europesays.com\/fr\/wp-json\/wp\/v2\/types\/post"}],"author":[{"embeddable":true,"href":"https:\/\/www.europesays.com\/fr\/wp-json\/wp\/v2\/users\/2"}],"replies":[{"embeddable":true,"href":"https:\/\/www.europesays.com\/fr\/wp-json\/wp\/v2\/comments?post=193082"}],"version-history":[{"count":0,"href":"https:\/\/www.europesays.com\/fr\/wp-json\/wp\/v2\/posts\/193082\/revisions"}],"wp:featuredmedia":[{"embeddable":true,"href":"https:\/\/www.europesays.com\/fr\/wp-json\/wp\/v2\/media\/193083"}],"wp:attachment":[{"href":"https:\/\/www.europesays.com\/fr\/wp-json\/wp\/v2\/media?parent=193082"}],"wp:term":[{"taxonomy":"category","embeddable":true,"href":"https:\/\/www.europesays.com\/fr\/wp-json\/wp\/v2\/categories?post=193082"},{"taxonomy":"post_tag","embeddable":true,"href":"https:\/\/www.europesays.com\/fr\/wp-json\/wp\/v2\/tags?post=193082"}],"curies":[{"name":"wp","href":"https:\/\/api.w.org\/{rel}","templated":true}]}}