{"id":193096,"date":"2025-06-21T09:16:09","date_gmt":"2025-06-21T09:16:09","guid":{"rendered":"https:\/\/www.europesays.com\/fr\/193096\/"},"modified":"2025-06-21T09:16:09","modified_gmt":"2025-06-21T09:16:09","slug":"cinq-jeunes-de-17-a-22-ans-interpelles-pour-un-rapt-contre-rancon-commis-dans-lain-en-2024","status":"publish","type":"post","link":"https:\/\/www.europesays.com\/fr\/193096\/","title":{"rendered":"cinq jeunes de 17 \u00e0 22 ans interpell\u00e9s pour un rapt contre ran\u00e7on commis dans l&rsquo;Ain en 2024"},"content":{"rendered":"<p>Le p\u00e8re d\u2019un influenceur et entrepreneur en crypto avait \u00e9t\u00e9 s\u00e9questr\u00e9, violent\u00e9, asperg\u00e9 d\u2019essence puis transport\u00e9 dans le coffre d\u2019une voiture tandis que les ravisseurs exigeaient une ran\u00e7on. Cinq suspects ont \u00e9t\u00e9 interpell\u00e9s.<\/p>\n<p class=\"fig-paragraph\">Cinq personnes ont \u00e9t\u00e9 arr\u00eat\u00e9es en d\u00e9but de semaine dans la Sarthe et dans les Yvelines et incarc\u00e9r\u00e9es dans le cadre d&rsquo;une enqu\u00eate sur le rapt contre ran\u00e7on fin 2024 du p\u00e8re d&rsquo;un\u00a0<a href=\"http:\/\/www.lefigaro.fr\/secteur\/high-tech\/attaques-en-pleine-rue-doigts-coupes-l-enlevement-d-investisseurs-en-cryptos-et-de-leurs-proches-un-mal-francais-20250513\" data-fig-type=\"Article\" data-gtm-custom-categorie=\"navigation\" data-gtm-custom-action=\"crossclick\" data-gtm-custom-label=\"Contextuel\" data-gtm-event=\"customEventSPE\" data-fig-domain=\"LEFIGARO\" target=\"_blank\" rel=\"noopener\">entrepreneur en cryptomonnaie<\/a>\u00a0de l&rsquo;Ain, a annonc\u00e9 samedi le parquet.<\/p>\n<p class=\"fig-paragraph\">Des individus arm\u00e9s avaient s\u00e9questr\u00e9 un couple \u00e0 leur domicile de Saint-Genis-Pouilly, dans l&rsquo;Ain tout pr\u00e8s de la fronti\u00e8re suisse, le 31 d\u00e9cembre 2024, et demand\u00e9 une ran\u00e7on \u00e0 leur fils, un influenceur \u00abconnu du grand public\u00bb et vivant \u00e0 Duba\u00ef, avait indiqu\u00e9 le parquet \u00e0 l&rsquo;\u00e9poque. Puis avaient enlev\u00e9 le p\u00e8re, retrouv\u00e9 quelques heures plus tard dans le coffre d&rsquo;une voiture dans la Sarthe par des policiers du Mans, pr\u00e8s de 700 km plus loin.<\/p>\n<p class=\"fig-paragraph\">\u00abCinq individus\u00bb ont \u00e9t\u00e9 interpell\u00e9s mardi et plac\u00e9s en d\u00e9tention provisoire vendredi notamment pour \u00abenl\u00e8vement\u00bb et \u00abviolences aggrav\u00e9es\u00bb, a annonc\u00e9 Karine Malara, procureur de Bourg-en-Bresse dans un communiqu\u00e9.<\/p>\n<p class=\"fig-paragraph\">Il s&rsquo;agit de quatre majeurs \u00e2g\u00e9s de 18 \u00e0 22 ans et d&rsquo;un mineur de 17 ans. Ils ont \u00e9t\u00e9 interpell\u00e9s dans la Sarthe et dans les Yvelines, pr\u00e9cise la magistrate. Les suspects ont \u00e9t\u00e9 mis en examen vendredi notamment pour \u00abvol \u00e0 main arm\u00e9e\u00bb, \u00abextorsion, enl\u00e8vements, s\u00e9questrations\u00bb et \u00abviolences aggrav\u00e9es\u00bb, et tous ont \u00e9t\u00e9 plac\u00e9s en d\u00e9tention provisoire.<\/p>\n<p class=\"fig-paragraph\">Le p\u00e8re de l&rsquo;influenceur, \u00e2g\u00e9 de 56 ans, avait \u00e9t\u00e9 \u00abviolent\u00e9, asperg\u00e9 d&rsquo;essence et transport\u00e9 dans le coffre d&rsquo;une voiture, \u00e0 d\u00e9faut de paiement\u00bb de la ran\u00e7on demand\u00e9e, ajoute Karine Malara.<\/p>\n","protected":false},"excerpt":{"rendered":"Le p\u00e8re d\u2019un influenceur et entrepreneur en crypto avait \u00e9t\u00e9 s\u00e9questr\u00e9, violent\u00e9, asperg\u00e9 d\u2019essence puis transport\u00e9 dans le&hellip;\n","protected":false},"author":2,"featured_media":193097,"comment_status":"","ping_status":"","sticky":false,"template":"","format":"standard","meta":{"footnotes":""},"categories":[4],"tags":[119,11,3694,271,2951,9049,3695,3696,118,1011,27,2825,1253,303,12,1072,2694,25,2949],"class_list":{"0":"post-193096","1":"post","2":"type-post","3":"status-publish","4":"format-standard","5":"has-post-thumbnail","7":"category-france","8":"tag-accident","9":"tag-actualites","10":"tag-affaires","11":"tag-crime","12":"tag-criminalite","13":"tag-cryptomonnaie","14":"tag-enquetes","15":"tag-evenements","16":"tag-faits-divers","17":"tag-fr","18":"tag-france","19":"tag-insecurite","20":"tag-islamisme","21":"tag-justice","22":"tag-news","23":"tag-police","24":"tag-proces","25":"tag-republique-francaise","26":"tag-violences"},"share_on_mastodon":{"url":"https:\/\/pubeurope.com\/@fr\/114720603216827092","error":""},"_links":{"self":[{"href":"https:\/\/www.europesays.com\/fr\/wp-json\/wp\/v2\/posts\/193096","targetHints":{"allow":["GET"]}}],"collection":[{"href":"https:\/\/www.europesays.com\/fr\/wp-json\/wp\/v2\/posts"}],"about":[{"href":"https:\/\/www.europesays.com\/fr\/wp-json\/wp\/v2\/types\/post"}],"author":[{"embeddable":true,"href":"https:\/\/www.europesays.com\/fr\/wp-json\/wp\/v2\/users\/2"}],"replies":[{"embeddable":true,"href":"https:\/\/www.europesays.com\/fr\/wp-json\/wp\/v2\/comments?post=193096"}],"version-history":[{"count":0,"href":"https:\/\/www.europesays.com\/fr\/wp-json\/wp\/v2\/posts\/193096\/revisions"}],"wp:featuredmedia":[{"embeddable":true,"href":"https:\/\/www.europesays.com\/fr\/wp-json\/wp\/v2\/media\/193097"}],"wp:attachment":[{"href":"https:\/\/www.europesays.com\/fr\/wp-json\/wp\/v2\/media?parent=193096"}],"wp:term":[{"taxonomy":"category","embeddable":true,"href":"https:\/\/www.europesays.com\/fr\/wp-json\/wp\/v2\/categories?post=193096"},{"taxonomy":"post_tag","embeddable":true,"href":"https:\/\/www.europesays.com\/fr\/wp-json\/wp\/v2\/tags?post=193096"}],"curies":[{"name":"wp","href":"https:\/\/api.w.org\/{rel}","templated":true}]}}