{"id":193098,"date":"2025-06-21T09:17:11","date_gmt":"2025-06-21T09:17:11","guid":{"rendered":"https:\/\/www.europesays.com\/fr\/193098\/"},"modified":"2025-06-21T09:17:11","modified_gmt":"2025-06-21T09:17:11","slug":"jusqua-39-c-attendus-samedi-16-departements-en-vigilance-orange","status":"publish","type":"post","link":"https:\/\/www.europesays.com\/fr\/193098\/","title":{"rendered":"Jusqu\u2019\u00e0 39\u00a0\u00b0C attendus samedi, 16 d\u00e9partements en vigilance orange"},"content":{"rendered":"<p>Vendredi, on a d\u00e9pass\u00e9 les 39\u00a0\u00b0C \u00e0 Vailhan (H\u00e9rault), les 38\u00a0\u00b0C \u00e0 Grospierre (Ardennes), et les 37\u00a0\u00b0C \u00e0 <a href=\"https:\/\/www.20minutes.fr\/societe\/4079790-20240305-saintes-troisieme-inondation-depuis-novembre-commence-faire-beaucoup-habitants\" class=\"color-ultramarine c-link\" target=\"_blank\" rel=\"noopener\">Saintes<\/a> (Charente-Maritime) <a href=\"https:\/\/www.20minutes.fr\/dossier\/angouleme\" class=\"color-ultramarine c-link\" target=\"_blank\" rel=\"noopener\">Angoul\u00eame<\/a> (Charente) et <a href=\"https:\/\/www.20minutes.fr\/bordeaux\/\" class=\"color-ultramarine c-link\" target=\"_blank\" rel=\"noopener\">Bordeaux<\/a> (Gironde). Et ce n\u2019est pas termin\u00e9. La <a href=\"https:\/\/www.20minutes.fr\/dossier\/canicule\" class=\"color-ultramarine c-link\" target=\"_blank\" rel=\"noopener\">vague de chaleur<\/a> qui a d\u00e9marr\u00e9 jeudi, culmine samedi sur l\u2019ensemble de la France, avec encore 16 d\u00e9partements plac\u00e9s en vigilance orange \u00ab\u00a0canicule\u00a0\u00bb, surtout dans l\u2019ouest du pays o\u00f9 les temp\u00e9ratures devraient souvent d\u00e9passer 35\u00a0\u00b0C pour la deuxi\u00e8me journ\u00e9e cons\u00e9cutive. Un pic \u00e0 39\u00a0\u00b0C est m\u00eame attendu dans les Charentes et sur le Lauragais, pr\u00e8s de <a href=\"https:\/\/www.20minutes.fr\/toulouse\/\" class=\"color-ultramarine c-link\" target=\"_blank\" rel=\"noopener\">Toulouse<\/a>.<\/p>\n<blockquote class=\"twitter-tweet\" align=\"center\" data-lang=\"fr_FR\">\n<p lang=\"fr\" dir=\"ltr\">\ud83d\udfe0\ud83c\udf21 La vague de chaleur se poursuit ce week-end, et atteint son paroxysme samedi avec 36 \u00e0 38\u00b0C g\u00e9n\u00e9ralis\u00e9s du Rennais \u00e0 l&rsquo;Occitanie.<\/p>\n<p>Dimanche, les temp\u00e9ratures devraient nettement baisser sur la moiti\u00e9 ouest. Les fortes chaleurs persistent \u00e0 l&rsquo;est.<\/p>\n<p>\ud83d\udc49 <a href=\"https:\/\/t.co\/pdehHB8nVy\">https:\/\/t.co\/pdehHB8nVy<\/a> <a href=\"https:\/\/t.co\/7ikNmH4jFC\">pic.twitter.com\/7ikNmH4jFC<\/a><\/p>\n<p>\u2014 M\u00e9t\u00e9o-France (@meteofrance) <a href=\"https:\/\/twitter.com\/meteofrance\/status\/1936066760970846235?ref_src=twsrc%5Etfw\" target=\"_blank\" rel=\"noopener\">June 20, 2025<\/a><\/p><\/blockquote>\n<p class=\"mb-m@xs text-l@xs\">En cliquant sur\u00ab J\u2019accepte \u00bb, vous acceptez le d\u00e9p\u00f4t de cookies par des services externes et aurez ainsi acc\u00e8s aux contenus de nos partenaires.<\/p>\n<p class=\"mb-xl@xs text-s@xs\">Plus d\u2019informations sur la page<a href=\"https:\/\/www.20minutes.fr\/gestion-cookies\" class=\"mx-xxs@xs color-ultramarine\" target=\"_blank\" rel=\"noopener\">Politique de gestion des cookies<\/a><\/p>\n<p>J\u2019accepte<\/p>\n<p><a href=\"https:\/\/meteofrance.com\/\" target=\"_blank\" class=\"color-ultramarine c-link\" rel=\"noopener\">M\u00e9t\u00e9o-France<\/a> annonce des temp\u00e9ratures \u00ab\u00a0partout sup\u00e9rieures \u00e0 30\u00a0\u00b0C dans l\u2019int\u00e9rieur du pays\u00a0\u00bb et entre 35 \u00e0 38\u00a0\u00b0C dans l\u2019int\u00e9rieur de la Bretagne et sur les Pays-de-la-Loire. Les temp\u00e9ratures \u00e9lev\u00e9es s\u2019\u00e9tendront au nord de la Loire jusqu\u2019au Bassin parisien et vers l\u2019Est, mais aussi de l\u2019autre c\u00f4t\u00e9 de la Manche, en Angleterre.<\/p>\n<p>Des parcs et jardins ouverts toute la nuit dans plusieurs villes<\/p>\n<p>La vigilance orange canicule est ainsi maintenue dans 14 d\u00e9partements dans l\u2019Ouest, allant de la Manche aux Charentes et du Morbihan \u00e0 l\u2019Indre-et-Loire, auxquels il faut ajouter le Rh\u00f4ne et l\u2019Is\u00e8re, pour toute la journ\u00e9e de samedi. Les nuages et parfois des ond\u00e9es se manifesteront sur certaines r\u00e9gions dans l\u2019apr\u00e8s-midi. Une soixantaine d\u2019autres d\u00e9partements ont \u00e9t\u00e9 plac\u00e9s en vigilance jaune canicule pour la journ\u00e9e de samedi, et six pour les orages.<\/p>\n<\/p>\n<p>La Gironde \u00e9tait en vigilance jaune vendredi mais il faisait encore 36\u00a0\u00b0C vers 19 heures \u00e0 Bordeaux, o\u00f9 plusieurs dizaines de milliers de visiteurs sont attendues jusqu\u2019\u00e0 dimanche pour le festival <a href=\"https:\/\/www.20minutes.fr\/bordeaux\/4159178-20250620-fete-musique-bordeaux-faire-21-juin\" class=\"color-ultramarine c-link\" target=\"_blank\" rel=\"noopener\">\u00ab\u00a0Bordeaux f\u00eate le vin\u00a0\u00bb<\/a>. Dans l\u2019apr\u00e8s-midi, les participants s\u2019agglutinaient \u00e0 l\u2019ombre des arbres et des parasols, \u00e9vitant au maximum les quais de pierre surchauff\u00e9s de la Garonne.<\/p>\n<p>Sous un soleil de plomb, avec des temp\u00e9ratures nocturnes inhabituellement \u00e9lev\u00e9es, \u00e9coles, maisons de retraite, collectivit\u00e9s et entreprises doivent s\u2019adapter dans tous les territoires touch\u00e9s. \u00c0 Toulouse, les pi\u00e9tons fuyaient la chaleur, notamment sur la place du Capitole, o\u00f9 de grandes ombri\u00e8res permettent selon la mairie de r\u00e9duire la chaleur de 5\u00a0\u00b0C en moyenne. Un certain nombre de villes ont annonc\u00e9 qu\u2019elles laisseraient ouverts des parcs et jardins toute la nuit au moins jusqu\u2019\u00e0 dimanche pour permettre aux habitants de se rafra\u00eechir, \u00e0 l\u2019instar de Tours ou de Rennes.<\/p>\n<p>L\u2019une des vagues de chaleur les plus pr\u00e9coces depuis\u00a01947<\/p>\n<p>Plusieurs d\u00e9partements ont \u00e9mis des alertes concernant la pollution \u00e0 l\u2019ozone samedi, notamment en Ile-de-France, Provence-Alpes-C\u00f4te-d&rsquo;Azur et Occitanie. \u00c0 Lorient (Morbihan), l\u2019agglom\u00e9ration a d\u00e9cid\u00e9 de la gratuit\u00e9 de ses transports en commun, et la pr\u00e9fecture a d\u00e9cr\u00e9t\u00e9 l\u2019abaissement \u00e0 90\u00a0km\/h de la vitesse sur les routes nationales du Morbihan \u00e0 partir de vendredi\u00a020\u00a0heures en raison de cette pollution.<\/p>\n<p><a href=\"https:\/\/www.20minutes.fr\/dossier\/canicule\" class=\"c-link c-btn c-btn--primary\" target=\"_blank\" rel=\"noopener\">Notre dossier sur la canicule<\/a><\/p>\n<p>C\u2019est la 50e vague de chaleur recens\u00e9e par M\u00e9t\u00e9o-France depuis\u00a01947, et parmi l\u2019une des plus pr\u00e9coces. Selon J\u00e9r\u00f4me Lecou, pr\u00e9visionniste de M\u00e9t\u00e9o-France, \u00ab\u00a0on va commencer \u00e0 avoir un l\u00e9ger rafra\u00eechissement\u00a0\u00bb samedi soir \u00ab\u00a0avec une sortie de la vigilance d\u00e8s dimanche\u00a0\u00bb et une chaleur cantonn\u00e9e lundi \u00ab\u00a0plut\u00f4t aux r\u00e9gions m\u00e9ridionales\u00a0\u00bb.<\/p>\n<p><script async src=\"https:\/\/platform.twitter.com\/widgets.js\" charset=\"utf-8\"><\/script><\/p>\n","protected":false},"excerpt":{"rendered":"Vendredi, on a d\u00e9pass\u00e9 les 39\u00a0\u00b0C \u00e0 Vailhan (H\u00e9rault), les 38\u00a0\u00b0C \u00e0 Grospierre (Ardennes), et les 37\u00a0\u00b0C \u00e0&hellip;\n","protected":false},"author":2,"featured_media":193099,"comment_status":"","ping_status":"","sticky":false,"template":"","format":"standard","meta":{"footnotes":""},"categories":[2],"tags":[47,11,3177,1997,829,6698,13208,1011,27,2905,2722,848,3047,2487,2721,766,12,2219,2680,2636,584,104,2224,2312],"class_list":{"0":"post-193098","1":"post","2":"type-post","3":"status-publish","4":"format-standard","5":"has-post-thumbnail","7":"category-actualites","8":"tag-actualite","9":"tag-actualites","10":"tag-aquitaine","11":"tag-bordeaux","12":"tag-bretagne","13":"tag-canicule","14":"tag-chaleur","15":"tag-fr","16":"tag-france","17":"tag-gironde","18":"tag-haute-garonne","19":"tag-ille-et-vilaine","20":"tag-loire-atlantique","21":"tag-meteo","22":"tag-midi-pyrenees","23":"tag-nantes","24":"tag-news","25":"tag-nouvelle-aquitaine","26":"tag-occitanie","27":"tag-pays-de-la-loire","28":"tag-rennes","29":"tag-societe","30":"tag-sud-ouest","31":"tag-toulouse"},"share_on_mastodon":{"url":"https:\/\/pubeurope.com\/@fr\/114720606988002676","error":""},"_links":{"self":[{"href":"https:\/\/www.europesays.com\/fr\/wp-json\/wp\/v2\/posts\/193098","targetHints":{"allow":["GET"]}}],"collection":[{"href":"https:\/\/www.europesays.com\/fr\/wp-json\/wp\/v2\/posts"}],"about":[{"href":"https:\/\/www.europesays.com\/fr\/wp-json\/wp\/v2\/types\/post"}],"author":[{"embeddable":true,"href":"https:\/\/www.europesays.com\/fr\/wp-json\/wp\/v2\/users\/2"}],"replies":[{"embeddable":true,"href":"https:\/\/www.europesays.com\/fr\/wp-json\/wp\/v2\/comments?post=193098"}],"version-history":[{"count":0,"href":"https:\/\/www.europesays.com\/fr\/wp-json\/wp\/v2\/posts\/193098\/revisions"}],"wp:featuredmedia":[{"embeddable":true,"href":"https:\/\/www.europesays.com\/fr\/wp-json\/wp\/v2\/media\/193099"}],"wp:attachment":[{"href":"https:\/\/www.europesays.com\/fr\/wp-json\/wp\/v2\/media?parent=193098"}],"wp:term":[{"taxonomy":"category","embeddable":true,"href":"https:\/\/www.europesays.com\/fr\/wp-json\/wp\/v2\/categories?post=193098"},{"taxonomy":"post_tag","embeddable":true,"href":"https:\/\/www.europesays.com\/fr\/wp-json\/wp\/v2\/tags?post=193098"}],"curies":[{"name":"wp","href":"https:\/\/api.w.org\/{rel}","templated":true}]}}