{"id":193100,"date":"2025-06-21T09:18:37","date_gmt":"2025-06-21T09:18:37","guid":{"rendered":"https:\/\/www.europesays.com\/fr\/193100\/"},"modified":"2025-06-21T09:18:37","modified_gmt":"2025-06-21T09:18:37","slug":"le-pole-petite-enfance-ferme-trois-jours","status":"publish","type":"post","link":"https:\/\/www.europesays.com\/fr\/193100\/","title":{"rendered":"le p\u00f4le petite enfance ferm\u00e9 trois jours"},"content":{"rendered":"<p>La gale s\u2019est invit\u00e9e \u00e0 la cr\u00e8che de Saint-Genest-Lerpt le week-end dernier et la Ville a \u00e9t\u00e9 inform\u00e9e d\u00e8s lundi matin par les parents de l\u2019enfant malade. Les diff\u00e9rents interlocuteurs ont \u00e9t\u00e9 sollicit\u00e9s\u00a0: l\u2019Agence r\u00e9gionale de sant\u00e9 (ARS), la Protection maternelle infantile (PMI), la m\u00e9decine du travail et l\u2019agent communal r\u00e9f\u00e9rent sant\u00e9.<\/p>\n<p>\u00ab\u00a0Suivant les recommandations, la d\u00e9cision de fermer toutes les structures mercredi, jeudi et vendredi a \u00e9t\u00e9 prise\u00a0\u00bb, explique C\u00e9line Ramoin, directrice enfance jeunesse \u00e9ducation de la Ville. La cr\u00e8che, le jardin d\u2019enfants et la microcr\u00e8che rouvriront lundi 23\u00a0juin, apr\u00e8s d\u00e9sinfection compl\u00e8te des locaux, \u00ab\u00a0dans les meilleures conditions\u00a0\u00bb.<\/p>\n<p>  Trois enfants affect\u00e9s<\/p>\n<p>Une centaine d\u2019enfants et vingt-deux agents dont 18 travaillant au contact des enfants \u00e9taient concern\u00e9s. \u00ab\u00a0Pour les agents, il y a des passerelles entre les trois structures donc nous avons tout ferm\u00e9 par pr\u00e9caution. Les personnels et les familles ont \u00e9t\u00e9 rassur\u00e9s par cette d\u00e9cision\u00a0\u00bb, poursuit C\u00e9line Ramoin.<\/p>\n<p>Tout le monde a re\u00e7u un traitement, les enfants via leur m\u00e9decin, et les agents communaux par le biais de la m\u00e9decine du travail avec financement de la collectivit\u00e9. Au total, trois enfants ont contract\u00e9 la gale.<\/p>\n<p>Maladie infectieuse de la peau, la gale est \u00ab\u00a0une affection contagieuse mais sans gravit\u00e9, qui se transmet par le contact et dont le principal sympt\u00f4me chez l\u2019homme est la d\u00e9mangeaison\u00a0\u00bb, pr\u00e9cise l\u2019ARS.<\/p>\n","protected":false},"excerpt":{"rendered":"La gale s\u2019est invit\u00e9e \u00e0 la cr\u00e8che de Saint-Genest-Lerpt le week-end dernier et la Ville a \u00e9t\u00e9 inform\u00e9e&hellip;\n","protected":false},"author":2,"featured_media":193101,"comment_status":"","ping_status":"","sticky":false,"template":"","format":"standard","meta":{"footnotes":""},"categories":[9653],"tags":[1111,11,2430,7539,1777,674,107,1011,27,3367,12,25,12491,4001,17929,71,104],"class_list":{"0":"post-193100","1":"post","2":"type-post","3":"status-publish","4":"format-standard","5":"has-post-thumbnail","7":"category-saint-etienne","8":"tag-actu","9":"tag-actualites","10":"tag-auvergne-rhone-alpes","11":"tag-edition-loire-sud","12":"tag-eu","13":"tag-europe","14":"tag-fil-info","15":"tag-fr","16":"tag-france","17":"tag-loire","18":"tag-news","19":"tag-republique-francaise","20":"tag-roche-la-moliere-bassin","21":"tag-saint-etienne","22":"tag-saint-genest-lerpt","23":"tag-sante","24":"tag-societe"},"share_on_mastodon":{"url":"https:\/\/pubeurope.com\/@fr\/114720611072457684","error":""},"_links":{"self":[{"href":"https:\/\/www.europesays.com\/fr\/wp-json\/wp\/v2\/posts\/193100","targetHints":{"allow":["GET"]}}],"collection":[{"href":"https:\/\/www.europesays.com\/fr\/wp-json\/wp\/v2\/posts"}],"about":[{"href":"https:\/\/www.europesays.com\/fr\/wp-json\/wp\/v2\/types\/post"}],"author":[{"embeddable":true,"href":"https:\/\/www.europesays.com\/fr\/wp-json\/wp\/v2\/users\/2"}],"replies":[{"embeddable":true,"href":"https:\/\/www.europesays.com\/fr\/wp-json\/wp\/v2\/comments?post=193100"}],"version-history":[{"count":0,"href":"https:\/\/www.europesays.com\/fr\/wp-json\/wp\/v2\/posts\/193100\/revisions"}],"wp:featuredmedia":[{"embeddable":true,"href":"https:\/\/www.europesays.com\/fr\/wp-json\/wp\/v2\/media\/193101"}],"wp:attachment":[{"href":"https:\/\/www.europesays.com\/fr\/wp-json\/wp\/v2\/media?parent=193100"}],"wp:term":[{"taxonomy":"category","embeddable":true,"href":"https:\/\/www.europesays.com\/fr\/wp-json\/wp\/v2\/categories?post=193100"},{"taxonomy":"post_tag","embeddable":true,"href":"https:\/\/www.europesays.com\/fr\/wp-json\/wp\/v2\/tags?post=193100"}],"curies":[{"name":"wp","href":"https:\/\/api.w.org\/{rel}","templated":true}]}}