{"id":19311,"date":"2025-04-12T07:08:19","date_gmt":"2025-04-12T07:08:19","guid":{"rendered":"https:\/\/www.europesays.com\/fr\/19311\/"},"modified":"2025-04-12T07:08:19","modified_gmt":"2025-04-12T07:08:19","slug":"audiences-tv-flashback-leader-en-nette-baisse-sur-tf-1","status":"publish","type":"post","link":"https:\/\/www.europesays.com\/fr\/19311\/","title":{"rendered":"Audiences TV\u00a0: \u00ab\u00a0Flashback\u00a0\u00bb leader en nette baisse sur TF\u00a01"},"content":{"rendered":"<p class=\"paragraph text_align_left\">Aurait-il pr\u00e9f\u00e9r\u00e9 faire un retour \u00e0 la semaine pr\u00e9c\u00e9dente ? Malgr\u00e9 une baisse notable, <a href=\"https:\/\/www.leparisien.fr\/culture-loisirs\/tv\/audiences-tv-tres-bon-demarrage-pour-flashback-sur-tf-1-qui-ecrase-le-retour-des-traitres-de-m-6-04-04-2025-MKMZ57NVPJDKJPJ767LYJZ2ZX4.php\" target=\"_blank\" rel=\"nofollow noopener\">\u00ab Flashback \u00bb a r\u00e9ussi \u00e0 conserver la t\u00eate des audiences<\/a> ce jeudi. La s\u00e9rie de TF 1 <a href=\"https:\/\/www.leparisien.fr\/culture-loisirs\/tv\/porte-monnaie-a-scratch-minitels-et-cabines-telephoniques-avec-flashback-retour-vers-les-annees-1990-03-04-2025-6F36N5BOBFG73J3HESASTCRTLA.php\" target=\"_blank\" rel=\"nofollow noopener\">port\u00e9e par Micha\u00ebl Youn et Constance Gay<\/a> a s\u00e9duit 3,26 millions de fid\u00e8les en moyenne, \u00e9garant toutefois 750 000 curieux par rapport \u00e0 son lancement. Les parts de march\u00e9 restent n\u00e9anmoins tr\u00e8s bonnes avec 21,2 % de l\u2019ensemble du public et 27,8 % des femmes responsables des achats de moins de cinquante ans.<\/p>\n<p class=\"paragraph text_align_left\">France 3 est deuxi\u00e8me avec le t\u00e9l\u00e9film fran\u00e7ais en rediffusion \u00ab Drame en haute mer \u00bb, emmen\u00e9 par Barbara Schulz et Ari\u00e9 Elmaleh. Celui-ci a attir\u00e9 2,09 millions de Fran\u00e7ais, pour 12,1 % de parts d\u2019audience. Lors de son pr\u00e9c\u00e9dent et unique passage en prime time, le 20 d\u00e9cembre 2023 sur France 2, cette fiction avait r\u00e9uni 2,94 millions de personnes (15,8 %).<\/p>\n<p>\u00ab Cash investigation \u00bb \u00e0 la peine<\/p>\n<p class=\"paragraph text_align_left\">France 2 d\u00e9croche la m\u00e9daille de bronze avec un nouveau num\u00e9ro de son magazine <a href=\"https:\/\/www.leparisien.fr\/culture-loisirs\/tv\/les-traitres-dans-les-coulisses-du-tournage-hypersecret-du-jeu-a-succes-de-m-6-21-03-2025-GDAHSTU2IRG4PA4AO4Z445CX2Q.php\" target=\"_blank\" rel=\"nofollow noopener\">\u00ab Cash investigation \u00bb<\/a>, pr\u00e9sent\u00e9 par \u00c9lise Lucet. L\u2019enqu\u00eate sur <a href=\"https:\/\/www.leparisien.fr\/high-tech\/intelligence-artificielle\/\" target=\"_blank\" rel=\"nofollow noopener\">l\u2019intelligence artificielle<\/a> a int\u00e9ress\u00e9 1,46 million de t\u00e9l\u00e9spectateurs (8,9 %). Il s\u2019agit du plus faible r\u00e9sultat de l\u2019\u00e9mission depuis juin 2023.<\/p>\n<p class=\"paragraph text_align_left\">M 6 est au pied du podium avec la suite de la quatri\u00e8me saison de <a href=\"https:\/\/www.leparisien.fr\/culture-loisirs\/tv\/les-traitres-dans-les-coulisses-du-tournage-hypersecret-du-jeu-a-succes-de-m-6-21-03-2025-GDAHSTU2IRG4PA4AO4Z445CX2Q.php\" target=\"_blank\" rel=\"nofollow noopener\">son jeu \u00ab Les Tra\u00eetres \u00bb<\/a>, diaboliquement anim\u00e9 par \u00c9ric Antoine. La chasse aux f\u00e9lons avec Sophie Tapie, Adil Rami ou encore Hugo et Jade Leb\u0153uf a plu \u00e0 1,30 million d\u2019habitu\u00e9s en moyenne, en l\u00e9g\u00e8re baisse sur une semaine. Les parts de march\u00e9 s\u2019\u00e9l\u00e8vent \u00e0 8,7 % sur tous les publics et \u00e0 19,3 % sur les m\u00e9nag\u00e8res de moins de cinquante ans.<\/p>\n<p class=\"paragraph text_align_left\">Parmi les autres cha\u00eenes, France 5 tire son \u00e9pingle du jeu avec le documentaire in\u00e9dit \u00ab Sahara vert, l\u2019\u00e9nigme du paradis perdu \u00bb. Celui-ci a int\u00e9ress\u00e9 974 000 personnes, pour 5,7 % de parts de march\u00e9.<\/p>\n","protected":false},"excerpt":{"rendered":"Aurait-il pr\u00e9f\u00e9r\u00e9 faire un retour \u00e0 la semaine pr\u00e9c\u00e9dente ? Malgr\u00e9 une baisse notable, \u00ab Flashback \u00bb a&hellip;\n","protected":false},"author":2,"featured_media":19312,"comment_status":"","ping_status":"","sticky":false,"template":"","format":"standard","meta":{"footnotes":""},"categories":[1356],"tags":[872,58,59,1011,27,252,2205,1364],"class_list":{"0":"post-19311","1":"post","2":"type-post","3":"status-publish","4":"format-standard","5":"has-post-thumbnail","7":"category-television","8":"tag-culture-et-loisirs","9":"tag-divertissement","10":"tag-entertainment","11":"tag-fr","12":"tag-france","13":"tag-television","14":"tag-television-medias","15":"tag-tv"},"share_on_mastodon":{"url":"https:\/\/pubeurope.com\/@fr\/114323739978398288","error":""},"_links":{"self":[{"href":"https:\/\/www.europesays.com\/fr\/wp-json\/wp\/v2\/posts\/19311","targetHints":{"allow":["GET"]}}],"collection":[{"href":"https:\/\/www.europesays.com\/fr\/wp-json\/wp\/v2\/posts"}],"about":[{"href":"https:\/\/www.europesays.com\/fr\/wp-json\/wp\/v2\/types\/post"}],"author":[{"embeddable":true,"href":"https:\/\/www.europesays.com\/fr\/wp-json\/wp\/v2\/users\/2"}],"replies":[{"embeddable":true,"href":"https:\/\/www.europesays.com\/fr\/wp-json\/wp\/v2\/comments?post=19311"}],"version-history":[{"count":0,"href":"https:\/\/www.europesays.com\/fr\/wp-json\/wp\/v2\/posts\/19311\/revisions"}],"wp:featuredmedia":[{"embeddable":true,"href":"https:\/\/www.europesays.com\/fr\/wp-json\/wp\/v2\/media\/19312"}],"wp:attachment":[{"href":"https:\/\/www.europesays.com\/fr\/wp-json\/wp\/v2\/media?parent=19311"}],"wp:term":[{"taxonomy":"category","embeddable":true,"href":"https:\/\/www.europesays.com\/fr\/wp-json\/wp\/v2\/categories?post=19311"},{"taxonomy":"post_tag","embeddable":true,"href":"https:\/\/www.europesays.com\/fr\/wp-json\/wp\/v2\/tags?post=19311"}],"curies":[{"name":"wp","href":"https:\/\/api.w.org\/{rel}","templated":true}]}}