{"id":193111,"date":"2025-06-21T09:24:09","date_gmt":"2025-06-21T09:24:09","guid":{"rendered":"https:\/\/www.europesays.com\/fr\/193111\/"},"modified":"2025-06-21T09:24:09","modified_gmt":"2025-06-21T09:24:09","slug":"peut-etre-une-piste-de-la-police-pour-identifier-la-victime","status":"publish","type":"post","link":"https:\/\/www.europesays.com\/fr\/193111\/","title":{"rendered":"peut-\u00eatre une piste de la police pour identifier la victime"},"content":{"rendered":"<p>            Par<br \/>\n        <strong><br \/>\n            <a href=\"https:\/\/actu.fr\/auteur\/jm-aubert\" title=\"Consulter tous les articles de Jean-Marc Aubert\" rel=\"nofollow noopener\" target=\"_blank\">Jean-Marc Aubert<\/a><br \/>\n        <\/strong><\/p>\n<p>        Publi\u00e9 le<\/p>\n<p>            21 juin 2025 \u00e0 10h36<br \/>\n        ; mis \u00e0 jour le 21 juin 2025 \u00e0 10h41    <\/p>\n<p>Une semaine apr\u00e8s la d\u00e9couverte d\u2019un homme <strong>tu\u00e9 de deux balles<\/strong> pr\u00e8s de la mairie de Montpellier, le myst\u00e8re demeure sur son identification. Mais la police exploite une piste.<\/p>\n<p class=\" wall-content\">Les enqu\u00eateurs de la<strong> Division contre le crime organis\u00e9 et sp\u00e9cialis\u00e9<\/strong> -DCOS- de la police judiciaire de Montpellier n\u2019ont toujours pas mis un nom sur la victime -un homme \u00e2g\u00e9 entre 20 et 30 ans- retrouv\u00e9e mort par un t\u00e9moin avec deux balles dans le corps, dans la nuit du jeudi 12 au vendredi 13 juin 2025, vers 1h, \u00a0sur un sentier situ\u00e9 entre la rue des Acconiers et le Lez, entre l\u2019h\u00f4tel de ville de Port Marianne et le March\u00e9 du Lez.<\/p>\n<p>    <a href=\"https:\/\/www.google.com\/maps\/embed?pb=!1m18!1m12!1m3!1d3786.413020928444!2d3.898746246377031!3d43.595633487446335!2m3!1f0!2f0!3f0!3m2!1i1024!2i768!4f13.1!3m3!1m2!1s0x12b6af8c1bd1c5ab%3A0x95088572dc5d1ed8!2sRue%20des%20Acconiers%2C%2034000%20Montpellier!5e0!3m2!1sfr!2sfr!4v1750490772775!5m2!1sfr!2sfr\" title=\"Ouvrie le lien\" rel=\"nofollow noopener\" target=\"_blank\">Cliquez ici pour visualiser le contenu<\/a><\/p>\n<p class=\" wall-content\">L\u2019inconnu gisait avec un projectile dans le thorax et \u00e0 une jambe, ce qui a permis depuis \u00e0 un expert balistique de d\u00e9terminer le calibre de l\u2019arme \u00e0 feu utilis\u00e9e par le ou les meurtriers. Le d\u00e9c\u00e8s serait survenu une ou deux heures ayant pr\u00e9c\u00e9d\u00e9 la d\u00e9couverte macabre. Il n\u2019est pas exclu que cet homme a d\u2019abord re\u00e7u une balle dans une jambe, avant de tenter de s\u2019enfuir et d\u2019\u00eatre abattu avec une seconde balle. Pour quel mobile ? Myst\u00e8re.<\/p>\n<p class=\" wall-content\">Selon nos informations, les policiers montpelli\u00e9rains exploitent une piste pour l\u2019identifier : un <strong>\u00e9tudiant est port\u00e9 disparu<\/strong> depuis une semaine et il correspondrait au signalement de l\u2019inconnu tu\u00e9 \u00e0 Port Marianne. Sa famille et ses amis se mobilisent et m\u00e8nent des recherches pour retrouver sa trace, en vain.<\/p>\n<p>Vid\u00e9os : en ce moment sur ActuInconnu au Taj<\/p>\n<p class=\" wall-content\">Une disparition brutale, anormale et inqui\u00e9tante qui int\u00e9resserait les enqu\u00eateurs de la DCOS, qui ont d\u00e9couvert gr\u00e2ce \u00e0 l\u2019ADN pr\u00e9lev\u00e9 et transmis qu\u2019il ne \u00ab\u00a0matchait\u00a0\u00bb pas dans le fichier national du<strong>\u00a0Traitement d\u2019ant\u00e9c\u00e9dents judiciaires<\/strong> -Taj- utilis\u00e9 par les policiers et les gendarmes lors des enqu\u00eates judiciaires (recherche des auteurs d\u2019infractions), administratives (recrutement \u00e0 un emploi sensible) et certaines enqu\u00eates de renseignement.<\/p>\n<p class=\" wall-content\">Le Taj contient des informations sur toutes les personnes mises en cause pour des d\u00e9lits et des crimes qui ont \u00e9t\u00e9 plac\u00e9s en garde \u00e0 vue, ainsi que sur les victimes. D\u00e8s lors, l\u2019inconnu d\u00e9couvert d\u00e9c\u00e9d\u00e9 de mort violente, il y a une semaine, est inconnu de la justice. La piste actuellement explor\u00e9e par la police judiciaire concernant la disparition inexpliqu\u00e9e de cet \u00e9tudiant devrait rapidement aboutir gr\u00e2ce \u00e0 des comparaisons ADN.<\/p>\n<p class=\" wall-content\">Suivez toute l\u2019actualit\u00e9 de vos villes et m\u00e9dias favoris en vous inscrivant \u00e0 <a href=\"https:\/\/moncompte.actu.fr\" title=\"D\u00e9couvez Mon Actu\" rel=\"nofollow noopener\" data-trk=\"{&quot;cta&quot;:{&quot;action&quot;:&quot;https:\\\/\\\/moncompte.actu.fr&quot;,&quot;category&quot;:&quot;mon compte&quot;,&quot;from&quot;:&quot;article footer&quot;,&quot;name&quot;:&quot;Mon actu&quot;,&quot;type&quot;:&quot;cta&quot;}}\" target=\"_blank\">Mon Actu<\/a>.<\/p>\n","protected":false},"excerpt":{"rendered":"Par Jean-Marc Aubert Publi\u00e9 le 21 juin 2025 \u00e0 10h36 ; mis \u00e0 jour le 21 juin 2025&hellip;\n","protected":false},"author":2,"featured_media":193112,"comment_status":"","ping_status":"","sticky":false,"template":"","format":"standard","meta":{"footnotes":""},"categories":[9599],"tags":[1111,11,1777,674,118,1011,27,303,777,2208,12,2680,1072,25],"class_list":{"0":"post-193111","1":"post","2":"type-post","3":"status-publish","4":"format-standard","5":"has-post-thumbnail","7":"category-montpellier","8":"tag-actu","9":"tag-actualites","10":"tag-eu","11":"tag-europe","12":"tag-faits-divers","13":"tag-fr","14":"tag-france","15":"tag-justice","16":"tag-meurtre","17":"tag-montpellier","18":"tag-news","19":"tag-occitanie","20":"tag-police","21":"tag-republique-francaise"},"share_on_mastodon":{"url":"https:\/\/pubeurope.com\/@fr\/114720635092014631","error":""},"_links":{"self":[{"href":"https:\/\/www.europesays.com\/fr\/wp-json\/wp\/v2\/posts\/193111","targetHints":{"allow":["GET"]}}],"collection":[{"href":"https:\/\/www.europesays.com\/fr\/wp-json\/wp\/v2\/posts"}],"about":[{"href":"https:\/\/www.europesays.com\/fr\/wp-json\/wp\/v2\/types\/post"}],"author":[{"embeddable":true,"href":"https:\/\/www.europesays.com\/fr\/wp-json\/wp\/v2\/users\/2"}],"replies":[{"embeddable":true,"href":"https:\/\/www.europesays.com\/fr\/wp-json\/wp\/v2\/comments?post=193111"}],"version-history":[{"count":0,"href":"https:\/\/www.europesays.com\/fr\/wp-json\/wp\/v2\/posts\/193111\/revisions"}],"wp:featuredmedia":[{"embeddable":true,"href":"https:\/\/www.europesays.com\/fr\/wp-json\/wp\/v2\/media\/193112"}],"wp:attachment":[{"href":"https:\/\/www.europesays.com\/fr\/wp-json\/wp\/v2\/media?parent=193111"}],"wp:term":[{"taxonomy":"category","embeddable":true,"href":"https:\/\/www.europesays.com\/fr\/wp-json\/wp\/v2\/categories?post=193111"},{"taxonomy":"post_tag","embeddable":true,"href":"https:\/\/www.europesays.com\/fr\/wp-json\/wp\/v2\/tags?post=193111"}],"curies":[{"name":"wp","href":"https:\/\/api.w.org\/{rel}","templated":true}]}}