{"id":193115,"date":"2025-06-21T09:26:12","date_gmt":"2025-06-21T09:26:12","guid":{"rendered":"https:\/\/www.europesays.com\/fr\/193115\/"},"modified":"2025-06-21T09:26:12","modified_gmt":"2025-06-21T09:26:12","slug":"comment-se-passe-la-collecte-de-sang-a-lhotel-de-ville-de-rouen","status":"publish","type":"post","link":"https:\/\/www.europesays.com\/fr\/193115\/","title":{"rendered":"comment se passe la collecte de sang \u00e0 l&rsquo;h\u00f4tel de ville de Rouen\u00a0?"},"content":{"rendered":"<p>            Par<br \/>\n        <strong><br \/>\n            <a href=\"https:\/\/actu.fr\/auteur\/thomas-rideau\" title=\"Consulter tous les articles de Thomas Rideau\" target=\"_blank\" rel=\"noopener\">Thomas Rideau<\/a><br \/>\n        <\/strong><\/p>\n<p>        Publi\u00e9 le<\/p>\n<p>            21 juin 2025 \u00e0 11h06        <\/p>\n<p>Comme chaque ann\u00e9e, les <strong>appels aux dons de sang<\/strong> sont nombreux. En effet, il est n\u00e9cessaire de renforcer les stocks de sang, plasma et plaquettes au d\u00e9but de l\u2019\u00e9t\u00e9 puisque les dons sont moins fr\u00e9quents en p\u00e9riode de vacances estivales.<\/p>\n<p class=\" wall-content\">Raison pour laquelle une <strong>grande collecte de sang<\/strong> a \u00e9t\u00e9 organis\u00e9e \u00e0 l\u2019h\u00f4tel de ville de <a href=\"https:\/\/actu.fr\/normandie\/rouen_76540\" target=\"_blank\" rel=\"noopener\">Rouen<\/a>, jeudi 12\u00a0juin 2025. Reportage.<\/p>\n<p>Une collecte comme les autres<\/p>\n<p class=\" wall-content\">\u00ab\u2009L\u2019\u00e9t\u00e9, l\u2019hiver ou bien en p\u00e9riode de grandes f\u00eates, c\u2019est l\u00e0 o\u00f9 il y a plus d\u2019accidents, c\u2019est \u00e0 ce moment-l\u00e0 que nous avons besoin de sang total\u2009\u00bb confirme Na\u00efs, une infirmi\u00e8re pr\u00e9sente \u00e0 l\u2019H\u00f4tel de ville.\u00a0Les pr\u00e9l\u00e8vements sont r\u00e9alis\u00e9s par un personnel m\u00e9dical qualifi\u00e9 et exp\u00e9riment\u00e9. La dur\u00e9e totale est d\u2019<strong>une heure<\/strong>, en comprenant l\u2019entretien pr\u00e9alable au don avec le m\u00e9decin ou l\u2019infirmier (e), le pr\u00e9l\u00e8vement, le repos ainsi qu\u2019une pause (une collation est propos\u00e9e pour s\u2019hydrater, discuter et passer le temps n\u00e9cessaire \u00e0 la r\u00e9cup\u00e9ration).<\/p>\n<p class=\" wall-content\">Dans le couloir, les donneurs attendent avant d\u2019\u00eatre appel\u00e9s. Maxime, un jeune trentenaire, vient donner son sang pour la premi\u00e8re fois\u2009: \u00ab\u2009je me suis enfin d\u00e9cid\u00e9 \u00e0 sauter le pas et je pense que c\u2019est important de donner son sang\u2009\u00bb, dit-il avec un ton affirm\u00e9. Par la suite, il ajoute\u2009:<\/p>\n<blockquote class=\"ac-article-quote wall-content\">\n<p>Je faisais d\u00e9j\u00e0 des dons, notamment des dons de cheveux et je me suis dit qu\u2019il \u00e9tait temps de passer un nouveau cap.<\/p>\n<p>    <strong>Maxime, <\/strong><br \/>\n        donneur de sang    <\/p><\/blockquote>\n<p>Vid\u00e9os : en ce moment sur ActuLes personnes \u00e9ligibles aux dons<\/p>\n<p class=\" wall-content\">\u00ab\u2009Tout le monde peut faire des dons. Bien \u00e9videmment, il faut surveiller les contre-indications m\u00e9dicales\u2009\u00bb, assure Na\u00efs. De plus, il est n\u00e9cessaire, \u00e9galement, de \u00ab\u2009se renseigner aupr\u00e8s de l\u2019EFS, l\u2019\u00e9tablissement fran\u00e7ais de sang\u2009\u00bb, qui pourra diriger les futurs donneurs vers des \u00ab\u2009m\u00e9decins ou infirmiers\u2009\u00bb pour r\u00e9pondre \u00e0 leurs questions.<\/p>\n<p class=\" wall-content\">\u00c0 noter qu\u2019il est <strong>toujours possible de faire des dons<\/strong>.\u00a0Toute l\u2019ann\u00e9e, la Maison du don, situ\u00e9e \u00e0 Bois-Guillaume, accueille les donneurs, sur rendez-vous.<\/p>\n<p class=\" wall-content\"><strong>Ivanna RAZAFINDRAZAKA<\/strong><\/p>\n<p>Maison du don\u2009: 609 chemin de la Bret\u00e8que 76230 Rouen \u2013 Bois Guillaume Horaires Lundi, mardi, mercredi et vendredi\u2009: 9h-18h Jeudi\u2009: de 11h \u00e0 19h Samedi\u2009: 8h-13h Le 1er samedi du mois\u2009: de 8h \u00e0 18h Bus\u2009: Arr\u00eat table de pierre (Ligne 11) Parking\u2009: EFS<\/p>\n<p>Suivez l\u2019actualit\u00e9 de Rouen sur notre <a href=\"https:\/\/www.whatsapp.com\/channel\/0029VaKfnf99hXF2ddApFB1D\" target=\"_blank\" rel=\"noopener\">cha\u00eene WhatsApp<\/a> et sur notre <a href=\"https:\/\/www.tiktok.com\/@76actu.fr?lang=fr\" target=\"_blank\" rel=\"noopener\">compte TikTok<\/a><\/p>\n<p class=\" wall-content\">Suivez toute l\u2019actualit\u00e9 de vos villes et m\u00e9dias favoris en vous inscrivant \u00e0 <a href=\"https:\/\/moncompte.actu.fr\" title=\"D\u00e9couvez Mon Actu\" rel=\"nofollow noopener\" data-trk=\"{&quot;cta&quot;:{&quot;action&quot;:&quot;https:\\\/\\\/moncompte.actu.fr&quot;,&quot;category&quot;:&quot;mon compte&quot;,&quot;from&quot;:&quot;article footer&quot;,&quot;name&quot;:&quot;Mon actu&quot;,&quot;type&quot;:&quot;cta&quot;}}\" target=\"_blank\">Mon Actu<\/a>.<\/p>\n<p>                    <script async src=\"\/\/www.tiktok.com\/embed.js\"><\/script><\/p>\n","protected":false},"excerpt":{"rendered":"Par Thomas Rideau Publi\u00e9 le 21 juin 2025 \u00e0 11h06 Comme chaque ann\u00e9e, les appels aux dons de&hellip;\n","protected":false},"author":2,"featured_media":193116,"comment_status":"","ping_status":"","sticky":false,"template":"","format":"standard","meta":{"footnotes":""},"categories":[9587],"tags":[1111,11,1777,674,1011,27,12,5161,25,9590,104,3400],"class_list":{"0":"post-193115","1":"post","2":"type-post","3":"status-publish","4":"format-standard","5":"has-post-thumbnail","7":"category-rouen","8":"tag-actu","9":"tag-actualites","10":"tag-eu","11":"tag-europe","12":"tag-fr","13":"tag-france","14":"tag-news","15":"tag-normandie","16":"tag-republique-francaise","17":"tag-rouen","18":"tag-societe","19":"tag-solidarite"},"share_on_mastodon":{"url":"https:\/\/pubeurope.com\/@fr\/114720642344859127","error":""},"_links":{"self":[{"href":"https:\/\/www.europesays.com\/fr\/wp-json\/wp\/v2\/posts\/193115","targetHints":{"allow":["GET"]}}],"collection":[{"href":"https:\/\/www.europesays.com\/fr\/wp-json\/wp\/v2\/posts"}],"about":[{"href":"https:\/\/www.europesays.com\/fr\/wp-json\/wp\/v2\/types\/post"}],"author":[{"embeddable":true,"href":"https:\/\/www.europesays.com\/fr\/wp-json\/wp\/v2\/users\/2"}],"replies":[{"embeddable":true,"href":"https:\/\/www.europesays.com\/fr\/wp-json\/wp\/v2\/comments?post=193115"}],"version-history":[{"count":0,"href":"https:\/\/www.europesays.com\/fr\/wp-json\/wp\/v2\/posts\/193115\/revisions"}],"wp:featuredmedia":[{"embeddable":true,"href":"https:\/\/www.europesays.com\/fr\/wp-json\/wp\/v2\/media\/193116"}],"wp:attachment":[{"href":"https:\/\/www.europesays.com\/fr\/wp-json\/wp\/v2\/media?parent=193115"}],"wp:term":[{"taxonomy":"category","embeddable":true,"href":"https:\/\/www.europesays.com\/fr\/wp-json\/wp\/v2\/categories?post=193115"},{"taxonomy":"post_tag","embeddable":true,"href":"https:\/\/www.europesays.com\/fr\/wp-json\/wp\/v2\/tags?post=193115"}],"curies":[{"name":"wp","href":"https:\/\/api.w.org\/{rel}","templated":true}]}}