{"id":193119,"date":"2025-06-21T09:30:13","date_gmt":"2025-06-21T09:30:13","guid":{"rendered":"https:\/\/www.europesays.com\/fr\/193119\/"},"modified":"2025-06-21T09:30:13","modified_gmt":"2025-06-21T09:30:13","slug":"qui-sont-ces-opposants-qui-manifesteront-lundi","status":"publish","type":"post","link":"https:\/\/www.europesays.com\/fr\/193119\/","title":{"rendered":"qui sont ces opposants qui manifesteront lundi\u00a0?"},"content":{"rendered":"<p>Ils sont en col\u00e8re. Voire \u00ab\u00a0\u00e0 bout de nerfs.\u00a0\u00bb Y compris entre eux comme ce jeudi o\u00f9 ils avaient invit\u00e9 les m\u00e9dias \u00e0 une conf\u00e9rence de presse sous tension. Le ton est parfois mont\u00e9 \u00e9tonnamment haut pour des gens qui partagent pourtant un m\u00eame adversaire, <a href=\"https:\/\/www.ledauphine.com\/p\/eric-piolle\" target=\"_blank\" rel=\"nofollow noopener\">Eric Piolle<\/a>, et un m\u00eame objectif\u00a0: d\u00e9noncer la politique de la Ville en mati\u00e8re d\u2019am\u00e9nagements urbains. Et qui, in fine , s\u2019opposent \u00e0 la r\u00e9duction de places de stationnement, que ce soit pour les r\u00e9sidents ou la vie commerciale.<\/p>\n<p>\u00ab\u00a0On se rapproche des pays de l\u2019Est\u00a0!\u00a0\u00bb<\/p>\n<p><a href=\"https:\/\/www.ledauphine.com\/societe\/2024\/07\/11\/isere-grenoble-requalification-de-l-avenue-jeanne-d-arc-ca-grogne-toujours\" target=\"_blank\" rel=\"nofollow noopener\">Avenue Jeanne-d\u2019Arc<\/a> , places Notre-Dame, de Metz,&#8230;<\/p>\n","protected":false},"excerpt":{"rendered":"Ils sont en col\u00e8re. Voire \u00ab\u00a0\u00e0 bout de nerfs.\u00a0\u00bb Y compris entre eux comme ce jeudi o\u00f9 ils&hellip;\n","protected":false},"author":2,"featured_media":193120,"comment_status":"","ping_status":"","sticky":false,"template":"","format":"standard","meta":{"footnotes":""},"categories":[9566],"tags":[1111,11,2430,3542,4406,1984,33,112,1777,674,107,1011,27,2731,2732,108,12,316,25,2803],"class_list":{"0":"post-193119","1":"post","2":"type-post","3":"status-publish","4":"format-standard","5":"has-post-thumbnail","7":"category-grenoble","8":"tag-actu","9":"tag-actualites","10":"tag-auvergne-rhone-alpes","11":"tag-circulation","12":"tag-commerce-et-services","13":"tag-conseil-municipal","14":"tag-economie","15":"tag-edition-grenoble-agglomeration","16":"tag-eu","17":"tag-europe","18":"tag-fil-info","19":"tag-fr","20":"tag-france","21":"tag-grenoble","22":"tag-grenoble-bassin","23":"tag-isere","24":"tag-news","25":"tag-politique","26":"tag-republique-francaise","27":"tag-transport"},"share_on_mastodon":{"url":"https:\/\/pubeurope.com\/@fr\/114720658773066821","error":""},"_links":{"self":[{"href":"https:\/\/www.europesays.com\/fr\/wp-json\/wp\/v2\/posts\/193119","targetHints":{"allow":["GET"]}}],"collection":[{"href":"https:\/\/www.europesays.com\/fr\/wp-json\/wp\/v2\/posts"}],"about":[{"href":"https:\/\/www.europesays.com\/fr\/wp-json\/wp\/v2\/types\/post"}],"author":[{"embeddable":true,"href":"https:\/\/www.europesays.com\/fr\/wp-json\/wp\/v2\/users\/2"}],"replies":[{"embeddable":true,"href":"https:\/\/www.europesays.com\/fr\/wp-json\/wp\/v2\/comments?post=193119"}],"version-history":[{"count":0,"href":"https:\/\/www.europesays.com\/fr\/wp-json\/wp\/v2\/posts\/193119\/revisions"}],"wp:featuredmedia":[{"embeddable":true,"href":"https:\/\/www.europesays.com\/fr\/wp-json\/wp\/v2\/media\/193120"}],"wp:attachment":[{"href":"https:\/\/www.europesays.com\/fr\/wp-json\/wp\/v2\/media?parent=193119"}],"wp:term":[{"taxonomy":"category","embeddable":true,"href":"https:\/\/www.europesays.com\/fr\/wp-json\/wp\/v2\/categories?post=193119"},{"taxonomy":"post_tag","embeddable":true,"href":"https:\/\/www.europesays.com\/fr\/wp-json\/wp\/v2\/tags?post=193119"}],"curies":[{"name":"wp","href":"https:\/\/api.w.org\/{rel}","templated":true}]}}