{"id":19313,"date":"2025-04-12T07:09:11","date_gmt":"2025-04-12T07:09:11","guid":{"rendered":"https:\/\/www.europesays.com\/fr\/19313\/"},"modified":"2025-04-12T07:09:11","modified_gmt":"2025-04-12T07:09:11","slug":"jacques-dutronc-pas-debarrasse-de-ses-demons-ca-desespere-thomas","status":"publish","type":"post","link":"https:\/\/www.europesays.com\/fr\/19313\/","title":{"rendered":"Jacques Dutronc pas d\u00e9barrass\u00e9 de ses d\u00e9mons, \u00e7a d\u00e9sesp\u00e8re Thomas"},"content":{"rendered":"<p><strong>Jacques Dutronc<\/strong> f\u00eatera son 82e anniversaire le 28 avril prochain. Mais entre la vieillesse et ses exc\u00e8s, le chanteur a d\u00fb faire face \u00e0 quelques probl\u00e8mes de sant\u00e9. \u00ab\u00a0Je suis \u00e0 la bi\u00e8re sans alcool depuis neuf mois, mais \u00e7a va\u00a0\u00bb, avant-il d\u00e9clar\u00e9 dans les colonnes du journal Le Parisien, en 2023, apr\u00e8s avoir attrap\u00e9 \u00ab\u00a0une belle bronchite\u00a0\u00bb. \u00ab\u00a0J&rsquo;ai du mal \u00e0 marcher, \u00e0 cause d&rsquo;<strong>une proth\u00e8se de hanche broy\u00e9e<\/strong>, c&rsquo;est pour \u00e7a qu&rsquo;il y a des golfettes dans le jardin\u00a0\u00bb, a-t-il ajout\u00e9. Il y a trois ans, Jacques Dutronc avait entam\u00e9 une tourn\u00e9e aux c\u00f4t\u00e9s de son fils Thomas, qu&rsquo;il a eu avec la chanteuse Fran\u00e7oise Hardy, d\u00e9c\u00e9d\u00e9e en 2024. Une tourn\u00e9e qu&rsquo;il n&rsquo;a malheureusement pas pu terminer comme c&rsquo;\u00e9tait pr\u00e9vu initialement. \u00ab\u00a0\u00c7a s&rsquo;arr\u00eate parce que mon p\u00e8re pr\u00e9f\u00e8re arr\u00eater maintenant (&#8230;). C&rsquo;est vrai qu&rsquo;il n&rsquo;est pas rentr\u00e9 chez lui, en Corse, pendant toute la tourn\u00e9e. Il est rest\u00e9 sur le continent, ce n&rsquo;est pas facile. Et puis, il va avoir 80 ans. Il s&rsquo;inqui\u00e8te de ne <strong>pas tenir le coup<\/strong>\u00ab\u00a0, avait expliqu\u00e9 Thomas Dutronc \u00e0 l&rsquo;\u00e9poque, \u00e0 l&rsquo;antenne de RTL.<\/p>\n<p>Thomas Dutronc : \u00ab\u00a0des petites inhalations de produits\u00a0\u00bb<\/p>\n<p>Et de poursuivre : \u00ab\u00a0Je suis s\u00fbr qu&rsquo;il va regretter de ne pas continuer, parce qu&rsquo;on lui avait fait un spectacle aux petits oignons. Il a chant\u00e9 merveilleusement, une voix vraiment fabuleuse\u00a0\u00bb. R\u00e9cemment, c&rsquo;est dans un nouvel \u00e9pisode du podcast Coloscopie, avec <strong>Laurent Baffie<\/strong>, que le musicien de 51 ans a de nouveau parl\u00e9 de son p\u00e8re. <strong>\u00ab\u00a0<\/strong>Je trouve qu&rsquo;ils (&#8230;)<a href=\"https:\/\/www.closermag.fr\/people\/des-quil-boit-un-verre-jacques-dutronc-pas-debarrasse-de-ses-demons-ca-desespere-thomas-3536116\" rel=\"nofollow noopener\" target=\"_blank\" data-ylk=\"slk:Lire la suite sur Closer;elm:context_link;itc:0;sec:content-canvas\" class=\"link \">Lire la suite sur Closer<\/a><a href=\"https:\/\/www.closermag.fr\/people\/mes-parents-morts-les-lourdes-confidences-danny-duperey-sur-son-traumatisme-a-8-ans-3536232\" rel=\"nofollow noopener\" target=\"_blank\" data-ylk=\"slk:\u201cMes parents morts\u2026\u201d : les lourdes confidences d\u2019Anny Duperey sur son traumatisme, \u00e0 8 ans;elm:context_link;itc:0;sec:content-canvas\" class=\"link \">\u201cMes parents morts\u2026\u201d : les lourdes confidences d\u2019Anny Duperey sur son traumatisme, \u00e0 8 ans<\/a><br \/><a href=\"https:\/\/www.closermag.fr\/vecu\/temoignage-jai-decouvert-que-mon-amant-me-trompait-quand-il-ma-balance-une-culotte-a-la-figure-3536231\" rel=\"nofollow noopener\" target=\"_blank\" data-ylk=\"slk:T\u00c9MOIGNAGE. \u201cJ\u2019ai d\u00e9couvert que mon amant me trompait quand il m\u2019a balanc\u00e9 une culotte \u00e0 la figure\u201d;elm:context_link;itc:0;sec:content-canvas\" class=\"link \">T\u00c9MOIGNAGE. \u201cJ\u2019ai d\u00e9couvert que mon amant me trompait quand il m\u2019a balanc\u00e9 une culotte \u00e0 la figure\u201d<\/a><br \/><a href=\"https:\/\/www.closermag.fr\/people\/venu-la-pour-biser-franck-dubosc-a-mis-la-honte-de-sa-vie-a-son-fils-de-14-ans-et-il-ne-regrette-rien-3536235\" rel=\"nofollow noopener\" target=\"_blank\" data-ylk=\"slk:\u201cVenu l\u00e0 pour b*iser !\u201d : Franck Dubosc a mis la honte de sa vie \u00e0 son fils de 14 ans et il ne regrette rien;elm:context_link;itc:0;sec:content-canvas\" class=\"link \">\u201cVenu l\u00e0 pour b*iser !\u201d : Franck Dubosc a mis la honte de sa vie \u00e0 son fils de 14 ans et il ne regrette rien<\/a><br \/><a href=\"https:\/\/www.closermag.fr\/people\/coluche-vue-hallucinante-et-nature-luxuriante-a-quoi-ressemblait-sa-maison-en-guadeloupe-3535091\" rel=\"nofollow noopener\" target=\"_blank\" data-ylk=\"slk:Coluche : vue hallucinante et nature luxuriante... A quoi ressemblait sa maison en Guadeloupe ?;elm:context_link;itc:0;sec:content-canvas\" class=\"link \">Coluche : vue hallucinante et nature luxuriante&#8230; A quoi ressemblait sa maison en Guadeloupe ?<\/a><br \/><a href=\"https:\/\/www.closermag.fr\/vecu\/alpes-maritimes-une-fillette-de-6-ans-promene-son-chien-elle-le-voit-mourir-dans-un-bain-de-sang-3536236\" rel=\"nofollow noopener\" target=\"_blank\" data-ylk=\"slk:Alpes-Maritimes : une fillette de 6 ans prom\u00e8ne son chien, elle le voit mourir dans un bain de sang;elm:context_link;itc:0;sec:content-canvas\" class=\"link \">Alpes-Maritimes : une fillette de 6 ans prom\u00e8ne son chien, elle le voit mourir dans un bain de sang<\/a><\/p>\n","protected":false},"excerpt":{"rendered":"Jacques Dutronc f\u00eatera son 82e anniversaire le 28 avril prochain. Mais entre la vieillesse et ses exc\u00e8s, le&hellip;\n","protected":false},"author":2,"featured_media":19314,"comment_status":"","ping_status":"","sticky":false,"template":"","format":"standard","meta":{"footnotes":""},"categories":[1355],"tags":[58,59,1011,27,7549,7545,7548,7547,1361,873,7546,3110],"class_list":{"0":"post-19313","1":"post","2":"type-post","3":"status-publish","4":"format-standard","5":"has-post-thumbnail","7":"category-musique","8":"tag-divertissement","9":"tag-entertainment","10":"tag-fr","11":"tag-france","12":"tag-francoise-hardy","13":"tag-jacques-dutronc","14":"tag-journal-le-parisien","15":"tag-laurent-baffie","16":"tag-music","17":"tag-musique","18":"tag-problemes-de-sante","19":"tag-thomas-dutronc"},"share_on_mastodon":{"url":"https:\/\/pubeurope.com\/@fr\/114323741922010124","error":""},"_links":{"self":[{"href":"https:\/\/www.europesays.com\/fr\/wp-json\/wp\/v2\/posts\/19313","targetHints":{"allow":["GET"]}}],"collection":[{"href":"https:\/\/www.europesays.com\/fr\/wp-json\/wp\/v2\/posts"}],"about":[{"href":"https:\/\/www.europesays.com\/fr\/wp-json\/wp\/v2\/types\/post"}],"author":[{"embeddable":true,"href":"https:\/\/www.europesays.com\/fr\/wp-json\/wp\/v2\/users\/2"}],"replies":[{"embeddable":true,"href":"https:\/\/www.europesays.com\/fr\/wp-json\/wp\/v2\/comments?post=19313"}],"version-history":[{"count":0,"href":"https:\/\/www.europesays.com\/fr\/wp-json\/wp\/v2\/posts\/19313\/revisions"}],"wp:featuredmedia":[{"embeddable":true,"href":"https:\/\/www.europesays.com\/fr\/wp-json\/wp\/v2\/media\/19314"}],"wp:attachment":[{"href":"https:\/\/www.europesays.com\/fr\/wp-json\/wp\/v2\/media?parent=19313"}],"wp:term":[{"taxonomy":"category","embeddable":true,"href":"https:\/\/www.europesays.com\/fr\/wp-json\/wp\/v2\/categories?post=19313"},{"taxonomy":"post_tag","embeddable":true,"href":"https:\/\/www.europesays.com\/fr\/wp-json\/wp\/v2\/tags?post=19313"}],"curies":[{"name":"wp","href":"https:\/\/api.w.org\/{rel}","templated":true}]}}