{"id":193133,"date":"2025-06-21T09:37:14","date_gmt":"2025-06-21T09:37:14","guid":{"rendered":"https:\/\/www.europesays.com\/fr\/193133\/"},"modified":"2025-06-21T09:37:14","modified_gmt":"2025-06-21T09:37:14","slug":"canicule-en-loire-atlantique-a-quoi-sattendre-aujourdhui-journee-la-plus-chaude","status":"publish","type":"post","link":"https:\/\/www.europesays.com\/fr\/193133\/","title":{"rendered":"Canicule en Loire-Atlantique\u00a0: \u00e0 quoi s\u2019attendre aujourd\u2019hui, journ\u00e9e la plus chaude\u00a0?"},"content":{"rendered":"<p>Le thermom\u00e8tre affichait d\u00e9j\u00e0 entre 18 et 23\u00a0\u00b0C dans l\u2019Ouest, samedi 21\u00a0juin 2025, \u00e0 5\u00a0heures. M\u00e9t\u00e9o-France a m\u00eame relev\u00e9 24 \u00e0 25\u00a0\u00b0C dans les d\u00e9partements voisins d\u2019Ille-et-Vilaine et de Vend\u00e9e.<\/p>\n<p>\u00c0 6\u00a0h\u00a030, le compte Bluesky de suivi et de d\u00e9cryptage de la m\u00e9t\u00e9o en Bretagne, Temps Breton, a mesur\u00e9 23,9\u00a0\u00b0C \u00e0 Saint-Brevins-les-Pins et 23,2\u00a0\u00b0C \u00e0 Donges. Les pr\u00e9visions annoncent des minimales toujours \u00e9lev\u00e9es dans la matin\u00e9e.<\/p>\n<p><strong>? \u00c0 LIRE AUSSI |<\/strong> <br \/><a href=\"https:\/\/rennes.maville.com\/actu\/actudet_-canicule-en-loire-atlantique-risque-eleve-de-feux-de-forets-et-de-vegetation-_8-6863873_actu.Htm\" target=\"_self\" rel=\"noopener\">Canicule en Loire-Atlantique\u00a0: risque \u00e9lev\u00e9 de feux de for\u00eats et de v\u00e9g\u00e9tation<\/a> <br \/><a href=\"https:\/\/nantes.maville.com\/actu\/actudet_-canicule-au-travail-et-a-l-ecole-ils-racontent-la-surchauffe-au-quotidien-_52716-6864679_actu.Htm\" target=\"_self\" rel=\"noopener\">Canicule au travail et \u00e0 l\u2019\u00e9cole\u00a0: ils racontent la surchauffe au quotidien<\/a><\/p>\n<p>Une apr\u00e8s-midi chaude<\/p>\n<p><a href=\"https:\/\/nantes.maville.com\/actu\/actudet_-canicule-en-loire-atlantique-un-pic-de-chaleur-et-jusqu-a-39-c-attendus-_8-6863465_actu.Htm\" target=\"_self\" rel=\"noopener\">L\u2019apr\u00e8s-midi, les maximales atteindront 35 \u00e0 37\u00a0\u00b0C dans les seize d\u00e9partements plac\u00e9s en vigilance orange<\/a>, dont la Loire-Atlantique et le reste des Pays de la Loire. Dans l\u2019ouest de la r\u00e9gion, des pointes \u00e0 38-39 \u00b0C sont attendues. Temps Breton pr\u00e9voit 38\u00a0\u00b0C \u00e0 Ancenis, Nort-sur-Erdre, Ch\u00e2teaubriant et Clisson. Le mercure monterait \u00e0 36\u00a0\u00b0C \u00e0 Nantes.<\/p>\n<p>\u00a0Un renforcement soudain du vent, s\u2019accompagnant d\u2019un rafra\u00eechissement des temp\u00e9ratures, est probable en fin de journ\u00e9e sur les c\u00f4tes de la Manche\u00a0, pr\u00e9cise M\u00e9t\u00e9o-France.<\/p>\n<p>Une nuit plus fra\u00eeche<\/p>\n<p>La nuit prochaine risque d\u2019\u00eatre moins chaude. \u00a0Les temp\u00e9ratures redescendent sur les d\u00e9partements de Bretagne, de Normandie et des Pays de la Loire\u00a0 dans la nuit de samedi \u00e0 dimanche, indique M\u00e9t\u00e9o-France. Les pr\u00e9visions annoncent des minimales comprises entre 14 et 18\u00a0\u00b0C.<\/p>\n<p>Aucune autre vigilance, orange ou autres, n\u2019est en cours en Loire-Atlantique.<\/p>\n<p>\u00a0<\/p>\n","protected":false},"excerpt":{"rendered":"Le thermom\u00e8tre affichait d\u00e9j\u00e0 entre 18 et 23\u00a0\u00b0C dans l\u2019Ouest, samedi 21\u00a0juin 2025, \u00e0 5\u00a0heures. M\u00e9t\u00e9o-France a m\u00eame&hellip;\n","protected":false},"author":2,"featured_media":193134,"comment_status":"","ping_status":"","sticky":false,"template":"","format":"standard","meta":{"footnotes":""},"categories":[2818],"tags":[1111,11,11351,33192,6698,27703,1777,674,1011,27,33193,3465,3047,766,12,2636,25],"class_list":{"0":"post-193133","1":"post","2":"type-post","3":"status-publish","4":"format-standard","5":"has-post-thumbnail","7":"category-nantes","8":"tag-actu","9":"tag-actualites","10":"tag-attendre","11":"tag-aujourd","12":"tag-canicule","13":"tag-chaude","14":"tag-eu","15":"tag-europe","16":"tag-fr","17":"tag-france","18":"tag-hui","19":"tag-journee","20":"tag-loire-atlantique","21":"tag-nantes","22":"tag-news","23":"tag-pays-de-la-loire","24":"tag-republique-francaise"},"share_on_mastodon":{"url":"https:\/\/pubeurope.com\/@fr\/114720686214751264","error":""},"_links":{"self":[{"href":"https:\/\/www.europesays.com\/fr\/wp-json\/wp\/v2\/posts\/193133","targetHints":{"allow":["GET"]}}],"collection":[{"href":"https:\/\/www.europesays.com\/fr\/wp-json\/wp\/v2\/posts"}],"about":[{"href":"https:\/\/www.europesays.com\/fr\/wp-json\/wp\/v2\/types\/post"}],"author":[{"embeddable":true,"href":"https:\/\/www.europesays.com\/fr\/wp-json\/wp\/v2\/users\/2"}],"replies":[{"embeddable":true,"href":"https:\/\/www.europesays.com\/fr\/wp-json\/wp\/v2\/comments?post=193133"}],"version-history":[{"count":0,"href":"https:\/\/www.europesays.com\/fr\/wp-json\/wp\/v2\/posts\/193133\/revisions"}],"wp:featuredmedia":[{"embeddable":true,"href":"https:\/\/www.europesays.com\/fr\/wp-json\/wp\/v2\/media\/193134"}],"wp:attachment":[{"href":"https:\/\/www.europesays.com\/fr\/wp-json\/wp\/v2\/media?parent=193133"}],"wp:term":[{"taxonomy":"category","embeddable":true,"href":"https:\/\/www.europesays.com\/fr\/wp-json\/wp\/v2\/categories?post=193133"},{"taxonomy":"post_tag","embeddable":true,"href":"https:\/\/www.europesays.com\/fr\/wp-json\/wp\/v2\/tags?post=193133"}],"curies":[{"name":"wp","href":"https:\/\/api.w.org\/{rel}","templated":true}]}}