{"id":193135,"date":"2025-06-21T09:38:20","date_gmt":"2025-06-21T09:38:20","guid":{"rendered":"https:\/\/www.europesays.com\/fr\/193135\/"},"modified":"2025-06-21T09:38:20","modified_gmt":"2025-06-21T09:38:20","slug":"pres-de-nantes-lembarras-du-choix-pour-la-fete-de-la-musique","status":"publish","type":"post","link":"https:\/\/www.europesays.com\/fr\/193135\/","title":{"rendered":"Pr\u00e8s de Nantes, l\u2019embarras du choix pour la f\u00eate de la musique"},"content":{"rendered":"<p>            Par<br \/>\n        <strong><br \/>\n            <a href=\"https:\/\/actu.fr\/auteur\/laurent-fortin\" title=\"Consulter tous les articles de Laurent Fortin\" target=\"_blank\" rel=\"noopener\">Laurent Fortin<\/a><br \/>\n        <\/strong><\/p>\n<p>        Publi\u00e9 le<\/p>\n<p>            21 juin 2025 \u00e0 9h42        <\/p>\n<p><b>\u2022 A VERTOU<\/b><\/p>\n<p class=\" wall-content\">Samedi 21\u00a0juin, la ville de <a href=\"https:\/\/actu.fr\/pays-de-la-loire\/vertou_44215\" target=\"_blank\" rel=\"noopener\"><b>Vertou <\/b><\/a>f\u00eatera la musique avec des <b>concerts sur plusieurs sc\u00e8nes du centre-ville<\/b>. Une <b>douzaine de groupes amateurs feront le spectacle<\/b>. Les cafetiers et restaurateurs du centre-ville accueilleront le public en terrasse en esp\u00e9rant que le temps soit de la partie.<\/p>\n<p class=\" wall-content\">\u00c0 <a href=\"https:\/\/librecour.vertou.fr\/\" target=\"_blank\" rel=\"noopener\">Libre Cour<\/a>,<a href=\"https:\/\/www.emd-vertou.fr\/\" target=\"_blank\" rel=\"noopener\"> l\u2019\u00e9cole de musique et de danse<\/a> d\u00e9marrera la journ\u00e9e avec \u00e0 10\u2009h\u200915,<b> l\u2019ensemble de guitares,<\/b> avant de laisser la place, \u00e0 10\u2009h\u200945, <b>au trio de Glinka,<\/b> compos\u00e9 de clarinette, fl\u00fbte, piano, puis \u00e0 la chorale \u00e0 partir de 11\u2009h et \u00e0 la danse, sur le parvis, \u00e0 11\u2009h\u200930. D\u2019autres \u00e9l\u00e8ves proposeront un concert d\u00e8s 9\u2009h\u200930 aux <a href=\"https:\/\/salles-communales.fr\/fr\/salle\/vertou-44123-salle-de-la-foret-reigniers-1\" target=\"_blank\" rel=\"noopener\">Reigniers <\/a>et \u00e0 12\u2009h, \u00e0 La <a href=\"https:\/\/www.google.com\/maps\/place\/La+Cale+De+Beautour\/data=!4m2!3m1!1s0x0:0xa91ed20a4d39f494?sa=X&amp;ved=1t:2428&amp;ictx=111\" target=\"_blank\" rel=\"noopener\">Cale de Beautour<\/a>. Enfin, un autre ensemble sera \u00e0 l\u2019Esplanade<a href=\"https:\/\/vertou.fr\/se-divertir\/musique-theatre-danse\/cour-et-jardin\/\" target=\"_blank\" rel=\"noopener\"> Cour et Jardin<\/a> \u00e0 18\u2009h\u200930 dont les groupes de musique actuelle et jazz.<\/p>\n<p class=\" wall-content\">Devant Cour et jardin justement, la soir\u00e9e se poursuivra avec, \u00e0 partir de 20\u2009h, <a href=\"https:\/\/www.facebook.com\/groups\/363485473690460\/posts\/7783022045070062\/\" target=\"_blank\" rel=\"noopener\">Na\u00e7\u00e3o Pitu<\/a>, sp\u00e9cialiste de musique afro-br\u00e9silienne. A 21\u2009h, <a href=\"https:\/\/www.facebook.com\/Halimajoymusic\" target=\"_blank\" rel=\"noopener\">Halima Joy<\/a>, une<b> french pop electro arabe,<\/b> qui puise dans ses racines et son v\u00e9cu multiculturel pour cr\u00e9er sa musique. A 22\u2009h, place au son pop-rock de <a href=\"https:\/\/linkaband.com\/phonix#:~:text=Phonix%20est%20un%20groupe%20dynamique,un%20bassiste%20et%20un%20batteur.\" target=\"_blank\" rel=\"noopener\">Phonix <\/a>qui propose des reprises dynamiques. A\u00a023\u2009h, le groupe <a href=\"https:\/\/www.facebook.com\/SoundOfOnes\/?locale=fr_FR\" target=\"_blank\" rel=\"noopener\">Sound of ones<\/a> proposera un son blues rock, stoner, hard rock.<\/p>\n<p class=\" wall-content\">La <a href=\"https:\/\/www.google.com\/maps\/place\/\/@47.168185,-1.4732838,15z\/data=!4m2!3m1!1s0x0:0xed319b6c6c955a2e?entry=s&amp;sa=X&amp;ved=1t%3A199789\" target=\"_blank\" rel=\"noopener\">place Saint-Martin<\/a> accueillera \u00e9galement plusieurs groupes. A commencer, d\u00e8s 19\u2009h, par le jazz de <a href=\"https:\/\/www.lezaralouest.com\/spectacles\/trio-quartet\/jazz-trouble-6-_R_208_35_.htm\" target=\"_blank\" rel=\"noopener\">Trouble 6,<\/a> puis \u00e0\u00a020\u2009h, <a href=\"https:\/\/www.facebook.com\/p\/421-61552502120664\/\" target=\"_blank\" rel=\"noopener\">421 groupe nantais <\/a>chantant en fran\u00e7ais. Egalement en fran\u00e7ais, les textes engag\u00e9s de <a href=\"https:\/\/linktr.ee\/zetki.groupe\" target=\"_blank\" rel=\"noopener\">Zetki<\/a>, \u00e0 partir de 21\u2009h, qui seront accompagn\u00e9s, de sonorit\u00e9s rock percutantes. <a href=\"https:\/\/www.youtube.com\/c\/groupefoxrock\" target=\"_blank\" rel=\"noopener\">Fox Rock<\/a> sera dans la m\u00eame lign\u00e9e \u00e0 partir de 22\u2009h\u2009: un groupe d\u2019amis vertaviens, cr\u00e9\u00e9 en 2010, qui puise ses inspirations dans les 70\u2019s\u2026 (chansons anglo-saxonnes et fran\u00e7aises). The Peek cells finira la soir\u00e9e \u00e0 partir de 23\u2009h, avec un son pop rock.<\/p>\n<p>Vid\u00e9os : en ce moment sur Actu<\/p>\n<p class=\" wall-content\">Autre lieu musical, l\u2019<a href=\"https:\/\/www.google.com\/maps\/place\/Esp.+Ren%C3%A9+Cassin,+44120+Vertou\/@47.1702082,-1.4782497,1079m\/data=!3m1!1e3!4m6!3m5!1s0x4805e62a5df5e7cf:0x1c0f69292a60a970!8m2!3d47.168652!4d-1.4719555!16s%2Fg%2F11kj00j8z1?entry=ttu&amp;g_ep=EgoyMDI1MDYxNy4wIKXMDSoASAFQAw%3D%3D\" target=\"_blank\" rel=\"noopener\">esplanade Ren\u00e9 Cassin<\/a> avec \u00e0 18\u2009h\u200930, la chorale le Ch\u0153ur et les Cordes puis le <a href=\"https:\/\/www.facebook.com\/choralechoeurduchenevertou\/\" target=\"_blank\" rel=\"noopener\">Ch\u0153ur du ch\u00eane <\/a>\u00e0\u00a019\u2009h\u200945, compos\u00e9 d\u2019<b>une soixantaine de choristes<\/b>, au r\u00e9pertoire \u00e9clectique, du profane au sacr\u00e9, sous la direction de Nancy Hourcq.<\/p>\n<p class=\" wall-content\">La rue Bertrand sera \u00e9galement anim\u00e9e avec le <a href=\"https:\/\/linkaband.com\/kickoff\" target=\"_blank\" rel=\"noopener\">groupe Kickoff<\/a> qui proposera, \u00e0 partir de 20\u2009h\u200930, un son pop rock cuivr\u00e9\u2009; tout comme la <a href=\"https:\/\/www.google.com\/maps\/place\/\/@47.1680975,-1.4764166,15z\/data=!4m2!3m1!1s0x0:0xc212ac5004b84a41?entry=s&amp;sa=X&amp;ved=1t%3A199789\" target=\"_blank\" rel=\"noopener\">rue Charles Lecour<\/a> avec \u00e0 la m\u00eame heure\u00a0le rock de<a href=\"https:\/\/www.facebook.com\/dinosaurblackout\/\" target=\"_blank\" rel=\"noopener\"> Dinosaur Blackout<\/a>\u2009: des Nantais m\u00ealant influences grunge, britpop et rock des ann\u00e9es 90.<\/p>\n<p class=\" wall-content\">La liste n\u2019est sans doute pas exhaustive. Plusieurs autres concerts \u00e9taient aussi annonc\u00e9s aux Viviers, au Ch\u00eane et quartier de la Gare. Le principe de la f\u00eate de la musique\u2009: improviser. Il suffira de se fier \u00e0 ses oreilles.<\/p>\n<p class=\" wall-content\"><b>\u2022 A BASSE-GOULAINE<\/b><\/p>\n<p class=\" wall-content\"><b>Annul\u00e9e l\u2019ann\u00e9e derni\u00e8re,<\/b> apr\u00e8s que le site ait \u00e9t\u00e9 envahi par un campement illicite de la communaut\u00e9 des gens du voyage, et limit\u00e9e \u00e0 une seule sc\u00e8ne en 2023 suite \u00e0 <b>une contestation sociale des agents<\/b>, la f\u00eate de la musique reprend\u00a0ses droits \u00e0 <a href=\"https:\/\/actu.fr\/pays-de-la-loire\/basse-goulaine_44009\" target=\"_blank\" rel=\"noopener\"><b>Basse-Goulaine<\/b><\/a>. Deux endroits accueilleront les groupes\u2009: <a href=\"https:\/\/www.basse-goulaine.fr\/parc-de-la-grillonnais\/\" target=\"_blank\" rel=\"noopener\">le parc de la Grillonnais<\/a> et la <a href=\"https:\/\/www.basse-goulaine.fr\/lespace-paul-bouin\/\" target=\"_blank\" rel=\"noopener\">salle Paul Bouin.<\/a><\/p>\n<p class=\" wall-content\">Dans cette derni\u00e8re, deux prestations qui animeront la soir\u00e9e\u2009: \u00e0 partir de 19\u2009h\u200930 c\u2019est l\u2019association <a href=\"https:\/\/goulainecountry.fr\/\" target=\"_blank\" rel=\"noopener\">Goulaine Country <\/a>qui assurera le spectacle dans la petite salle\u2009; \u00e0 21h, l\u2019association <a href=\"https:\/\/www.basse-goulaine.fr\/contacts\/vivons-le\/\" target=\"_blank\" rel=\"noopener\">Vivons-Le<\/a> proposera\u00a0un spectacle musical \u00a0\u00bb Bienvenue chez les Psys, le r\u00e9cit d\u2019histoires courtes entre patients et m\u00e9decins qui se rencontrent au fil des visites.<\/p>\n<p class=\" wall-content\">Dans le parc de la Grillonnais (derri\u00e8re la mairie), deux sc\u00e8nes sont install\u00e9es pour des concerts en fin d\u2019apr\u00e8s-midi et d\u00e9but de soir\u00e9e\u2009: la sc\u00e8ne acoustique dans le kiosque et la sc\u00e8ne amplifi\u00e9e sur la pelouse.<\/p>\n<p class=\" wall-content\">Pour la premi\u00e8re, le Ch\u0153ur d\u2019enfants de<a href=\"https:\/\/embg.fr\/\" target=\"_blank\" rel=\"noopener\"> l\u2019\u00e9cole de musique<\/a> d\u00e9marrera de 17h \u00e0 17h20, puis Les Amis de l\u2019harmonica jusqu\u2019 \u00e0 17h40, puis l\u2019ensemble Guitares et compagnie de l\u2019\u00e9cole de musique de 18h \u00e0 18h30 et pour finir par Golena (groupe d\u2019instruments \u00e0 vent de l\u2019\u00e9cole de musique).<\/p>\n<p class=\" wall-content\">Sur la seconde, l\u2019ensemble rock de l\u2019\u00e9cole de musique jouera de 17h30 \u00e0 18h, le groupe Pop goulaine de 18h30 \u00e0 19h puis Hoopla Matic (trio rock-funk) de 19h40 \u00e0 20h40 et enfin Axel (DJ) de 20h40 \u00e0 21h10.<\/p>\n<p>    <img   decoding=\"async\" loading=\"lazy\" class=\"size-large\" src=\"https:\/\/www.europesays.com\/fr\/wp-content\/uploads\/2025\/06\/8200a281665867600a28166584a00av-1-960x640.jpg\" alt=\"La f\u00eate de la musique \u00e0 Basse-Goulaine aura lieu dans le parc de la Grillonnais et salle Paul-Bouin.\" width=\"960\" height=\"640\"\/><br \/>\n    La f\u00eate de la musique \u00e0 Basse-Goulaine aura lieu dans le parc de la Grillonnais et salle Paul-Bouin. \u00a9Hebdo de S\u00e8vre et Maine<\/p>\n<p class=\" wall-content\">Suivez toute l\u2019actualit\u00e9 de vos villes et m\u00e9dias favoris en vous inscrivant \u00e0 <a href=\"https:\/\/moncompte.actu.fr\" title=\"D\u00e9couvez Mon Actu\" rel=\"nofollow noopener\" data-trk=\"{&quot;cta&quot;:{&quot;action&quot;:&quot;https:\\\/\\\/moncompte.actu.fr&quot;,&quot;category&quot;:&quot;mon compte&quot;,&quot;from&quot;:&quot;article footer&quot;,&quot;name&quot;:&quot;Mon actu&quot;,&quot;type&quot;:&quot;cta&quot;}}\" target=\"_blank\">Mon Actu<\/a>.<\/p>\n","protected":false},"excerpt":{"rendered":"Par Laurent Fortin Publi\u00e9 le 21 juin 2025 \u00e0 9h42 \u2022 A VERTOU Samedi 21\u00a0juin, la ville de&hellip;\n","protected":false},"author":2,"featured_media":193136,"comment_status":"","ping_status":"","sticky":false,"template":"","format":"standard","meta":{"footnotes":""},"categories":[2818],"tags":[1111,11,1697,1777,674,1011,27,1652,873,766,12,2636,25,2900],"class_list":{"0":"post-193135","1":"post","2":"type-post","3":"status-publish","4":"format-standard","5":"has-post-thumbnail","7":"category-nantes","8":"tag-actu","9":"tag-actualites","10":"tag-concert","11":"tag-eu","12":"tag-europe","13":"tag-fr","14":"tag-france","15":"tag-loisirs-culture","16":"tag-musique","17":"tag-nantes","18":"tag-news","19":"tag-pays-de-la-loire","20":"tag-republique-francaise","21":"tag-vignoble-nantais"},"share_on_mastodon":{"url":"https:\/\/pubeurope.com\/@fr\/114720689576444000","error":""},"_links":{"self":[{"href":"https:\/\/www.europesays.com\/fr\/wp-json\/wp\/v2\/posts\/193135","targetHints":{"allow":["GET"]}}],"collection":[{"href":"https:\/\/www.europesays.com\/fr\/wp-json\/wp\/v2\/posts"}],"about":[{"href":"https:\/\/www.europesays.com\/fr\/wp-json\/wp\/v2\/types\/post"}],"author":[{"embeddable":true,"href":"https:\/\/www.europesays.com\/fr\/wp-json\/wp\/v2\/users\/2"}],"replies":[{"embeddable":true,"href":"https:\/\/www.europesays.com\/fr\/wp-json\/wp\/v2\/comments?post=193135"}],"version-history":[{"count":0,"href":"https:\/\/www.europesays.com\/fr\/wp-json\/wp\/v2\/posts\/193135\/revisions"}],"wp:featuredmedia":[{"embeddable":true,"href":"https:\/\/www.europesays.com\/fr\/wp-json\/wp\/v2\/media\/193136"}],"wp:attachment":[{"href":"https:\/\/www.europesays.com\/fr\/wp-json\/wp\/v2\/media?parent=193135"}],"wp:term":[{"taxonomy":"category","embeddable":true,"href":"https:\/\/www.europesays.com\/fr\/wp-json\/wp\/v2\/categories?post=193135"},{"taxonomy":"post_tag","embeddable":true,"href":"https:\/\/www.europesays.com\/fr\/wp-json\/wp\/v2\/tags?post=193135"}],"curies":[{"name":"wp","href":"https:\/\/api.w.org\/{rel}","templated":true}]}}