{"id":193141,"date":"2025-06-21T09:41:11","date_gmt":"2025-06-21T09:41:11","guid":{"rendered":"https:\/\/www.europesays.com\/fr\/193141\/"},"modified":"2025-06-21T09:41:11","modified_gmt":"2025-06-21T09:41:11","slug":"toulouse-voici-les-bonnes-adresses-du-mangeur-masque-pour-survivre-pendant-lete","status":"publish","type":"post","link":"https:\/\/www.europesays.com\/fr\/193141\/","title":{"rendered":"Toulouse. Voici les bonnes adresses du Mangeur Masqu\u00e9 pour \u00ab\u00a0survivre\u00a0\u00bb pendant l&rsquo;\u00e9t\u00e9"},"content":{"rendered":"<p>            Par<br \/>\n        <strong><br \/>\n            <a href=\"https:\/\/actu.fr\/auteur\/redaction-toulouse\" title=\"Consulter tous les articles de R\u00e9daction de Toulouse\" target=\"_blank\" rel=\"noopener\">R\u00e9daction de Toulouse<\/a><br \/>\n        <\/strong><\/p>\n<p>        Publi\u00e9 le<\/p>\n<p>            21 juin 2025 \u00e0 11h00        <\/p>\n<p>Quand le mercure s\u2019affole, pensez \u00e0 vous hydrater. Faites un tour chez <strong>Oh My Cooks<\/strong> (place Mage ou rue Boulbonne) pour boire leur excellente citronnade \u00e0 la fleur d\u2019oranger. Vous pouvez aussi en profiter pour croquer l\u2019un de leurs d\u00e9licieux cookies. C\u2019est m\u00eame vivement conseill\u00e9.<\/p>\n<p>Fra\u00eecheur, bonheur !<\/p>\n<p class=\" wall-content\">J\u2019avoue \u00e9galement avoir une L\u00c9G\u00c8RE addiction pour le caf\u00e9 frapp\u00e9 du<strong> Flower\u2019s Caf\u00e9<\/strong>. Toujours un bon r\u00e9flexe \u00e0 adopter. Sur l\u2019autre rive, au pied de la Grave, le caf\u00e9 glac\u00e9 de <strong>Copola<\/strong> fait aussi beaucoup de bien par o\u00f9 il passe. Comme leur bissap maison (infusion d\u2019hibiscus). \u00c0 siroter du bout de la paille dans le nouveau jardin tout juste inaugur\u00e9 au pied du monument pr\u00e9f\u00e9r\u00e9 des Toulousains.<\/p>\n<p class=\" wall-content\">Si vous souhaitez prendre soin de votre summer body et r\u00e9futer l\u2019existence de tout barbecue durant les mois d\u2019\u00e9t\u00e9, alors ces trois adresses et leurs cartes pleines de fraicheur vous offriront la l\u00e9g\u00e8ret\u00e9 souhait\u00e9e. Commen\u00e7ons par <strong>la guinguette de poche de la Chapelle des Carm\u00e9lite<\/strong>s : des propositions tr\u00e8s v\u00e9g\u00e9tales (gaspacho, salade tomates\/burrata\u2026) et un petit coin d\u2019ombre bienvenu sous des arbres majestueux. Du c\u00f4t\u00e9 de la Place Dupuy, Mauna Loa propose midi et soir un copieux poke bowl rempli de riz de Camargue et de l\u00e9gumes de saison et du coin.<\/p>\n<p class=\" wall-content\">Direction la rue de Belfort pour se poser dans le patio bien a\u00e9r\u00e9 de <strong>YAZ<\/strong>, cantine du midi aux assiettes m\u00e9diterran\u00e9ennes. Au choix : houmous, cr\u00e8me de ch\u00e8vre frais, aubergine grill\u00e9e, ou encore shawarma, une poitrine d\u2019agneau de 7 heures, roul\u00e9e aux \u00e9pices, et propos\u00e9e uniquement le jeudi et le vendredi. J\u2019ai \u00e9videmment gard\u00e9 le meilleur pour la faim.<\/p>\n<p>Des glaces plein le cornet !<br \/>\n    <img   decoding=\"async\" loading=\"lazy\" class=\"size-large\" src=\"https:\/\/www.europesays.com\/fr\/wp-content\/uploads\/2025\/06\/9002af42df4868402af42df487902av-960x640.jpg\" alt=\"La p\u00e2tisserie Un Petit G\u00e2teau fait actuellement une pause avant de rouvrir le 3 juillet.\" width=\"960\" height=\"640\"\/><br \/>\n    La p\u00e2tisserie Un Petit G\u00e2teau fait actuellement une pause avant de rouvrir le 3 juillet. \u00a9L.M.M.<\/p>\n<p class=\" wall-content\">Que serait un \u00e9t\u00e9 sans glace ? R\u00e9ponse : une saison g\u00e2ch\u00e9e. Mes adresses pr\u00e9f\u00e9r\u00e9es :<strong> Cacao Fages<\/strong> \u00e0 Saint-Cyprien (je suis fan de ses Mister Fages, fa\u00e7on Mister Freeze), <strong>La Golosa<\/strong> aux Carmes, <strong>Bello &amp; Angeli<\/strong> \u00e0 Victor Hugo, le camion rose de<strong> CREM\u2019S<\/strong> devant le jardin des Plantes, ou Barrelle du c\u00f4t\u00e9 de Blagnac (sa cr\u00e8me glac\u00e9e fleur d\u2019oranger\/pistache est \u00e0 tomber !).<\/p>\n<p class=\" wall-content\">Sans oublier le petit nouveau, <strong>Un Petit G\u00e2teau<\/strong>, p\u00e2tisserie d\u2019exception pr\u00e8s de la place de la Bourse qui propose d\u00e9sormais des glaces \u00e0 l\u2019italienne pendant l\u2019\u00e9t\u00e9. J\u2019ai litt\u00e9ralement fondu pour celle au fromage blanc, \u00e9clatante dans son cornet vanill\u00e9. Voil\u00e0, avec tout \u00e7a, vous avez LARGEMENT de quoi survivre \u00e0 l\u2019\u00e9t\u00e9 toulousain !<\/p>\n<p class=\" wall-content\"><b>LE MANGEUR MASQU\u00c9\u00a0<br \/>Suivez-le <a href=\"https:\/\/www.instagram.com\/le_mangeur_masque\/?hl=fr\" target=\"_blank\" rel=\"noopener\">sur Insta<\/a>.\u00a0<\/b><\/p>\n<p class=\" wall-content\">Suivez toute l\u2019actualit\u00e9 de vos villes et m\u00e9dias favoris en vous inscrivant \u00e0 <a href=\"https:\/\/moncompte.actu.fr\" title=\"D\u00e9couvez Mon Actu\" rel=\"nofollow noopener\" data-trk=\"{&quot;cta&quot;:{&quot;action&quot;:&quot;https:\\\/\\\/moncompte.actu.fr&quot;,&quot;category&quot;:&quot;mon compte&quot;,&quot;from&quot;:&quot;article footer&quot;,&quot;name&quot;:&quot;Mon actu&quot;,&quot;type&quot;:&quot;cta&quot;}}\" target=\"_blank\">Mon Actu<\/a>.<\/p>\n<p>                    <script async src=\"\/\/www.instagram.com\/embed.js\"><\/script><\/p>\n","protected":false},"excerpt":{"rendered":"Par R\u00e9daction de Toulouse Publi\u00e9 le 21 juin 2025 \u00e0 11h00 Quand le mercure s\u2019affole, pensez \u00e0 vous&hellip;\n","protected":false},"author":2,"featured_media":193142,"comment_status":"","ping_status":"","sticky":false,"template":"","format":"standard","meta":{"footnotes":""},"categories":[2816],"tags":[1111,11,1777,674,1011,27,1652,12,2680,25,2850,2312],"class_list":{"0":"post-193141","1":"post","2":"type-post","3":"status-publish","4":"format-standard","5":"has-post-thumbnail","7":"category-toulouse","8":"tag-actu","9":"tag-actualites","10":"tag-eu","11":"tag-europe","12":"tag-fr","13":"tag-france","14":"tag-loisirs-culture","15":"tag-news","16":"tag-occitanie","17":"tag-republique-francaise","18":"tag-restaurants-de-toulouse","19":"tag-toulouse"},"share_on_mastodon":{"url":"https:\/\/pubeurope.com\/@fr\/114720701404847557","error":""},"_links":{"self":[{"href":"https:\/\/www.europesays.com\/fr\/wp-json\/wp\/v2\/posts\/193141","targetHints":{"allow":["GET"]}}],"collection":[{"href":"https:\/\/www.europesays.com\/fr\/wp-json\/wp\/v2\/posts"}],"about":[{"href":"https:\/\/www.europesays.com\/fr\/wp-json\/wp\/v2\/types\/post"}],"author":[{"embeddable":true,"href":"https:\/\/www.europesays.com\/fr\/wp-json\/wp\/v2\/users\/2"}],"replies":[{"embeddable":true,"href":"https:\/\/www.europesays.com\/fr\/wp-json\/wp\/v2\/comments?post=193141"}],"version-history":[{"count":0,"href":"https:\/\/www.europesays.com\/fr\/wp-json\/wp\/v2\/posts\/193141\/revisions"}],"wp:featuredmedia":[{"embeddable":true,"href":"https:\/\/www.europesays.com\/fr\/wp-json\/wp\/v2\/media\/193142"}],"wp:attachment":[{"href":"https:\/\/www.europesays.com\/fr\/wp-json\/wp\/v2\/media?parent=193141"}],"wp:term":[{"taxonomy":"category","embeddable":true,"href":"https:\/\/www.europesays.com\/fr\/wp-json\/wp\/v2\/categories?post=193141"},{"taxonomy":"post_tag","embeddable":true,"href":"https:\/\/www.europesays.com\/fr\/wp-json\/wp\/v2\/tags?post=193141"}],"curies":[{"name":"wp","href":"https:\/\/api.w.org\/{rel}","templated":true}]}}