{"id":193145,"date":"2025-06-21T09:43:16","date_gmt":"2025-06-21T09:43:16","guid":{"rendered":"https:\/\/www.europesays.com\/fr\/193145\/"},"modified":"2025-06-21T09:43:16","modified_gmt":"2025-06-21T09:43:16","slug":"a-20-minutes-de-lille-un-spectacle-medieval-sensationnel-sinspirant-de-faits-reels-a-decouvrir","status":"publish","type":"post","link":"https:\/\/www.europesays.com\/fr\/193145\/","title":{"rendered":"\u00c0 20 minutes de Lille, un spectacle m\u00e9di\u00e9val sensationnel, s&rsquo;inspirant de faits r\u00e9els, \u00e0 d\u00e9couvrir"},"content":{"rendered":"<p>            Par<br \/>\n        <strong><br \/>\n            <a href=\"https:\/\/actu.fr\/auteur\/raphael-mahlmann\" title=\"Consulter tous les articles de Rapha\u00ebl Mahlmann\" target=\"_blank\" rel=\"noopener\">Rapha\u00ebl Mahlmann<\/a><br \/>\n        <\/strong><\/p>\n<p>        Publi\u00e9 le<\/p>\n<p>            21 juin 2025 \u00e0 10h46        <\/p>\n<p>De la danse, du <a href=\"https:\/\/actu.fr\/hauts-de-france\/lille_59350\/lille-un-theatre-va-ouvrir-dans-lancien-couvent-des-carmes-de-wazemmes_61541443.html\" target=\"_blank\" rel=\"noopener\">th\u00e9\u00e2tre<\/a>, des cascades, des combats et des<b> effets sp\u00e9ciaux<\/b>. Voil\u00e0 ce qui vous attend pour ce <a href=\"https:\/\/actu.fr\/hauts-de-france\/lille_59350\/la-catho-de-lille-recrute-des-acteurs-aussi-amateurs-pour-un-spectacle-grandiose_62758178.html\" target=\"_blank\" rel=\"noopener\">spectacle<\/a> d\u2019envergure qui se tiendra lors d\u2019une<b> f\u00eate m\u00e9di\u00e9vale<\/b> pr\u00e8s de Lille prochainement. Un \u00e9v\u00e9nement \u00e0 ne pas manquer pour tous les f\u00e9rus d\u2019histoire. On vous en dit plus.<\/p>\n<p>Au c\u0153ur du Moyen-\u00c2ge<\/p>\n<p class=\" wall-content\">Ce nouveau spectacle <a href=\"https:\/\/actu.fr\/societe\/hauts-de-france-patrimoine-cette-eglise-imposante-et-remarquable-vient-detre-classee-monument-historique_62640108.html\" target=\"_blank\" rel=\"noopener\">historique<\/a> baptis\u00e9 \u00ab\u2009Le Tr\u00e9sor du Braban\u00e7on\u2009\u00bb se tiendra en plein air \u00e0 <a href=\"https:\/\/actu.fr\/hauts-de-france\/bouvines_59106\" target=\"_blank\" rel=\"noopener\">Bouvines <\/a>(Nord)<b> les 26, 27 et 28\u00a0juin 2025<\/b>. \u00c0 noter que le samedi 28 juin 2025 est \u00e9galement le jour de la f\u00eate m\u00e9di\u00e9vale \u00ab\u2009Le Lys et le Lion en f\u00eate\u2009\u00bb qui aura \u00e9galement lieu dans la commune.<\/p>\n<p class=\" wall-content\">\u00c0 partir de 21h, les<b> spectateurs seront plong\u00e9s au XIIIe\u00a0si\u00e8cle<\/b>, au lendemain de la c\u00e9l\u00e8bre<b> bataille de Bouvines en 1214<\/b>. \u00ab\u00a0La solde de mercenaires braban\u00e7ons, tous d\u00e9cim\u00e9s, dispara\u00eet myst\u00e9rieusement, raconte l\u2019association Blac (Bouvines l\u2019aventure continue), \u00e0 l\u2019origine du spectacle. Une \u00e9pop\u00e9e haletante s\u2019engage entre trahisons, complots et un tournoi m\u00e9di\u00e9val grandiose en mars 1227 \u00e0 Lille. Fulbert Bras-de-Fer, capitaine mercenaire, croit voir son heure de gloire arriver\u2026 mais le destin pourrait en d\u00e9cider autrement.\u00a0\u00bb<\/p>\n<p class=\" wall-content\">Pour ce nouveau spectacle, l\u2019association a d\u00e9cid\u00e9 de mettre le paquet\u2009: <b>150\u00a0b\u00e9n\u00e9voles, 500 costumes et 15 tableaux <\/b>seront au rendez-vous pour une immersion en plein Moyen-\u00c2ge pendant une heure et demie.<\/p>\n<p class=\" wall-content\">Les enfants de l\u2019association pr\u00e9senteront <b>un court spectacle <\/b>en premi\u00e8re partie intitul\u00e9 \u00ab\u2009Bouvines, potins et catapultes\u2009\u00bb.<\/p>\n<p>Vid\u00e9os : en ce moment sur ActuF\u00eate m\u00e9di\u00e9vale \u00e0 Bouvines<\/p>\n<p class=\" wall-content\"><b>Deux autres spectacles<\/b> seront \u00e9galement organis\u00e9s le jour de la f\u00eate m\u00e9di\u00e9vale de Bouvines le samedi 28 juin 2025. \u00c0 partir de 15h, \u00ab\u2009Magnus et le chasseur de Dragons\u2009\u00bb enchantera les spectateurs pendant une heure. Place ensuite \u00e0 un <b>tournoi \u00e9questre fantastique <\/b>propos\u00e9 par la <b>compagnie nordiste<\/b> Unicorn Legends. Et tout au long de la journ\u00e9e, un <b>march\u00e9 m\u00e9di\u00e9val et du terroir<\/b> sera ouvert de 11h \u00e0 20h. Des<b> foodtrucks<\/b> seront \u00e9galement pr\u00e9sents.<\/p>\n<p>Spectacle \u00ab\u00a0Le Tr\u00e9sor du Braban\u00e7on\u00a0\u00bb les 26, 27 et 28 juin, au<b> <\/b>1100, rue d\u2019Infi\u00e8re \u00e0 Bouvines. Tarifs :\u00a0de 10 \u00e0 30 \u20ac. Pour r\u00e9server sa place, <a href=\"https:\/\/www.billetweb.fr\/le-tresor-du-brabancon&amp;multi=26887&amp;margin=no_margin&amp;color=635BFF&amp;parent=blac&amp;margin=no_margin&amp;color=635BFF\" target=\"_blank\" rel=\"noopener\">c\u2019est ICI<\/a>.<\/p>\n<p class=\" wall-content\">Suivez toute l\u2019actualit\u00e9 de vos villes et m\u00e9dias favoris en vous inscrivant \u00e0 <a href=\"https:\/\/moncompte.actu.fr\" title=\"D\u00e9couvez Mon Actu\" rel=\"nofollow noopener\" data-trk=\"{&quot;cta&quot;:{&quot;action&quot;:&quot;https:\\\/\\\/moncompte.actu.fr&quot;,&quot;category&quot;:&quot;mon compte&quot;,&quot;from&quot;:&quot;article footer&quot;,&quot;name&quot;:&quot;Mon actu&quot;,&quot;type&quot;:&quot;cta&quot;}}\" target=\"_blank\">Mon Actu<\/a>.<\/p>\n","protected":false},"excerpt":{"rendered":"Par Rapha\u00ebl Mahlmann Publi\u00e9 le 21 juin 2025 \u00e0 10h46 De la danse, du th\u00e9\u00e2tre, des cascades, des&hellip;\n","protected":false},"author":2,"featured_media":193146,"comment_status":"","ping_status":"","sticky":false,"template":"","format":"standard","meta":{"footnotes":""},"categories":[2815],"tags":[1111,11,1063,1777,674,1011,27,811,1307,12,25,104,853],"class_list":{"0":"post-193145","1":"post","2":"type-post","3":"status-publish","4":"format-standard","5":"has-post-thumbnail","7":"category-lille","8":"tag-actu","9":"tag-actualites","10":"tag-animations","11":"tag-eu","12":"tag-europe","13":"tag-fr","14":"tag-france","15":"tag-hauts-de-france","16":"tag-lille","17":"tag-news","18":"tag-republique-francaise","19":"tag-societe","20":"tag-spectacles"},"share_on_mastodon":{"url":"https:\/\/pubeurope.com\/@fr\/114720709241830440","error":""},"_links":{"self":[{"href":"https:\/\/www.europesays.com\/fr\/wp-json\/wp\/v2\/posts\/193145","targetHints":{"allow":["GET"]}}],"collection":[{"href":"https:\/\/www.europesays.com\/fr\/wp-json\/wp\/v2\/posts"}],"about":[{"href":"https:\/\/www.europesays.com\/fr\/wp-json\/wp\/v2\/types\/post"}],"author":[{"embeddable":true,"href":"https:\/\/www.europesays.com\/fr\/wp-json\/wp\/v2\/users\/2"}],"replies":[{"embeddable":true,"href":"https:\/\/www.europesays.com\/fr\/wp-json\/wp\/v2\/comments?post=193145"}],"version-history":[{"count":0,"href":"https:\/\/www.europesays.com\/fr\/wp-json\/wp\/v2\/posts\/193145\/revisions"}],"wp:featuredmedia":[{"embeddable":true,"href":"https:\/\/www.europesays.com\/fr\/wp-json\/wp\/v2\/media\/193146"}],"wp:attachment":[{"href":"https:\/\/www.europesays.com\/fr\/wp-json\/wp\/v2\/media?parent=193145"}],"wp:term":[{"taxonomy":"category","embeddable":true,"href":"https:\/\/www.europesays.com\/fr\/wp-json\/wp\/v2\/categories?post=193145"},{"taxonomy":"post_tag","embeddable":true,"href":"https:\/\/www.europesays.com\/fr\/wp-json\/wp\/v2\/tags?post=193145"}],"curies":[{"name":"wp","href":"https:\/\/api.w.org\/{rel}","templated":true}]}}