{"id":193149,"date":"2025-06-21T09:45:12","date_gmt":"2025-06-21T09:45:12","guid":{"rendered":"https:\/\/www.europesays.com\/fr\/193149\/"},"modified":"2025-06-21T09:45:12","modified_gmt":"2025-06-21T09:45:12","slug":"pas-de-metro-a-marseille-ce-dimanche-risque-dinterruption-en-raison-dun-mouvement-social","status":"publish","type":"post","link":"https:\/\/www.europesays.com\/fr\/193149\/","title":{"rendered":"Pas de m\u00e9tro \u00e0 Marseille ce dimanche ? \u00ab\u00a0Risque d&rsquo;interruption\u00a0\u00bb en raison d&rsquo;un mouvement social"},"content":{"rendered":"<p>\u00ab\u00a0\u00c0 l&rsquo;initiative de <a href=\"https:\/\/www.syndicat-fo-rtm.fr\/actus\/c\/0\/i\/89393069\/preavis-de-greve-metro\" target=\"_blank\" rel=\"noopener\">l&rsquo;organisation syndicale Force Ouvri\u00e8re<\/a>, le personnel du Poste de Commande Centralis\u00e9e du m\u00e9tro sera en gr\u00e8ve ce dimanche, d\u00e9taille le texte du communiqu\u00e9 envoy\u00e9 dans la matin\u00e9e. Les agents concern\u00e9s, affect\u00e9s \u00e0 la supervision du m\u00e9tro, assurent les missions de r\u00e9gulation des trains, de gestion des alarmes et d&rsquo;information de la client\u00e8le au sein des locaux du poste de commandement.\u00a0\u00bb<\/p>\n<p>\u00ab\u00a0Privil\u00e9gier les autres modes de transport\u00a0\u00bb<\/p>\n<p>Les revendications portent sur \u00ab\u00a0la crainte d&rsquo;une remise en cause de l&rsquo;organisation actuelle du travail\u00a0\u00bb. La RTM \u00ab\u00a0pr\u00e9sente ses excuses \u00e0 sa client\u00e8le et l&rsquo;invite \u00e0 privil\u00e9gier les autres modes de transport\u00a0\u00bb.<\/p>\n","protected":false},"excerpt":{"rendered":"\u00ab\u00a0\u00c0 l&rsquo;initiative de l&rsquo;organisation syndicale Force Ouvri\u00e8re, le personnel du Poste de Commande Centralis\u00e9e du m\u00e9tro sera en&hellip;\n","protected":false},"author":2,"featured_media":193150,"comment_status":"","ping_status":"","sticky":false,"template":"","format":"standard","meta":{"footnotes":""},"categories":[2814],"tags":[17,1111,11,33194,6664,1777,674,1011,27,884,4047,12,5261,882,13637,25,4510,104],"class_list":{"0":"post-193149","1":"post","2":"type-post","3":"status-publish","4":"format-standard","5":"has-post-thumbnail","7":"category-marseille","8":"tag-17","9":"tag-actu","10":"tag-actualites","11":"tag-dinterruption","12":"tag-dimanche","13":"tag-eu","14":"tag-europe","15":"tag-fr","16":"tag-france","17":"tag-marseille","18":"tag-metro","19":"tag-news","20":"tag-pas","21":"tag-provence-alpes-cote-dazur","22":"tag-raison","23":"tag-republique-francaise","24":"tag-risque","25":"tag-societe"},"share_on_mastodon":{"url":"https:\/\/pubeurope.com\/@fr\/114720717223210779","error":""},"_links":{"self":[{"href":"https:\/\/www.europesays.com\/fr\/wp-json\/wp\/v2\/posts\/193149","targetHints":{"allow":["GET"]}}],"collection":[{"href":"https:\/\/www.europesays.com\/fr\/wp-json\/wp\/v2\/posts"}],"about":[{"href":"https:\/\/www.europesays.com\/fr\/wp-json\/wp\/v2\/types\/post"}],"author":[{"embeddable":true,"href":"https:\/\/www.europesays.com\/fr\/wp-json\/wp\/v2\/users\/2"}],"replies":[{"embeddable":true,"href":"https:\/\/www.europesays.com\/fr\/wp-json\/wp\/v2\/comments?post=193149"}],"version-history":[{"count":0,"href":"https:\/\/www.europesays.com\/fr\/wp-json\/wp\/v2\/posts\/193149\/revisions"}],"wp:featuredmedia":[{"embeddable":true,"href":"https:\/\/www.europesays.com\/fr\/wp-json\/wp\/v2\/media\/193150"}],"wp:attachment":[{"href":"https:\/\/www.europesays.com\/fr\/wp-json\/wp\/v2\/media?parent=193149"}],"wp:term":[{"taxonomy":"category","embeddable":true,"href":"https:\/\/www.europesays.com\/fr\/wp-json\/wp\/v2\/categories?post=193149"},{"taxonomy":"post_tag","embeddable":true,"href":"https:\/\/www.europesays.com\/fr\/wp-json\/wp\/v2\/tags?post=193149"}],"curies":[{"name":"wp","href":"https:\/\/api.w.org\/{rel}","templated":true}]}}