{"id":193153,"date":"2025-06-21T09:47:16","date_gmt":"2025-06-21T09:47:16","guid":{"rendered":"https:\/\/www.europesays.com\/fr\/193153\/"},"modified":"2025-06-21T09:47:16","modified_gmt":"2025-06-21T09:47:16","slug":"la-presquile-desormais-interdite-aux-voitures","status":"publish","type":"post","link":"https:\/\/www.europesays.com\/fr\/193153\/","title":{"rendered":"la Presqu&rsquo;\u00eele d\u00e9sormais interdite aux voitures !"},"content":{"rendered":"<p>La Zone \u00e0 trafic limit\u00e9 (ZTL) entre en vigueur, excluant le trafic motoris\u00e9 de la Presqu&rsquo;\u00eele entre les Terreaux et la place Bellecour. Deux grands p\u00e9rim\u00e8tres rendus aux riverains, aux pi\u00e9tons et aux cyclistes, seulement coup\u00e9s par la rue Grenette qui devient un axe o\u00f9 circuleront les bus TCL, eux aussi bout\u00e9s hors de la Presqu&rsquo;\u00eele.<\/p>\n<p>D\u00e9sormais, pour traverser le 2e arrondissement de Lyon d&rsquo;un fleuve \u00e0 l&rsquo;autre, il faudra plut\u00f4t privil\u00e9gier le tunnel de la Croix-Rousse ou Perrache.<\/p>\n<p>Les riverains, commer\u00e7ants, livreurs et taxis seront encore les bienvenus dans la ZTL de Lyon, \u00e0 condition d&rsquo;avoir fait les demandes pour obtenir un badge aupr\u00e8s de la boutique LPA Cordeliers ou sur <a href=\"https:\/\/www.lpa.fr\/\" target=\"_blank\" rel=\"noopener\">le site internet de LPA<\/a>, d\u00e9sormais n\u00e9cessaire pour entrer dans l&rsquo;un des cinq acc\u00e8s r\u00e9alis\u00e9s par la M\u00e9tropole : rue du pr\u00e9sident Edouard Herriot, rue Gentil, rue Childebert, rue Constantine et rue du Port-du-Temple.<\/p>\n<p>Les \u00e9cologistes ont d\u00e9cid\u00e9 toutefois d&rsquo;abaisser les bornes d&rsquo;acc\u00e8s \u00e0 la ZTL chaque jour de 6h \u00e0 13h, afin de garantir une fluidit\u00e9 pour les all\u00e9es-et-venues matinales des habitants et des livreurs. N&rsquo;importe qui pourra alors s&rsquo;engouffrer avec sa voiture dans la Presqu&rsquo;\u00eele, mais en cas de contr\u00f4le de police, il faudra \u00eatre en mesure de justifier sa pr\u00e9sence dans la ZTL.<\/p>\n<p>D&rsquo;ailleurs, si la ZTL entre en vigueur ce samedi, les bornes resteront abaiss\u00e9es 24h\/24 jusqu&rsquo;\u00e0 mi-juillet, et aucune verbalisation ne sera r\u00e9alis\u00e9e pour les automobilistes ind\u00e9sirables durant l&rsquo;\u00e9t\u00e9.<\/p>\n<p>A noter enfin que les parkings souterrains de la Presqu&rsquo;\u00eele restent accessibles et sont situ\u00e9s hors-ZTL.<\/p>\n<p>La Presqu&rsquo;\u00eele de Lyon sera-t-elle plus apais\u00e9e et propice \u00e0 la fl\u00e2nerie, ou deviendra-t-elle un mus\u00e9e \u00e0 ciel ouvert o\u00f9 le commerce p\u00e9riclitera ?<\/p>\n<blockquote class=\"twitter-tweet\"><p>&#13;<\/p>\n<p dir=\"ltr\" lang=\"fr\">\ud83d\ude0d Journ\u00e9e historique \u00e0 Lyon ! \ud83c\udf8a<\/p>\n<p>\u27a1\ufe0f 50 ans apr\u00e8s la pi\u00e9tonnisation de sa partie sud, la rue de la R\u00e9publique devient int\u00e9gralement pi\u00e9tonne.<\/p>\n<p>\u27a1\ufe0f Cette magistrale pi\u00e9tonne apporte confort et s\u00e9curit\u00e9 aux\ud83d\udeb6\u200d\u2640\ufe0f\ud83d\udeb6\u200d\u2642\ufe0f.<\/p>\n<p>\u27a1\ufe0f Elle permet de relier les places Bellecour et Louis Pradel. <a href=\"https:\/\/t.co\/wUOEc8D1C8\">pic.twitter.com\/wUOEc8D1C8<\/a><\/p>\n<p>&#13;<br \/>\n\u2014 Fabien Bagnon \ud83c\udf3f\ud83d\udea8 (@Fabien_Bagnon) <a href=\"https:\/\/twitter.com\/Fabien_Bagnon\/status\/1936331392746459345?ref_src=twsrc%5Etfw\" target=\"_blank\" rel=\"noopener\">June 21, 2025<\/a><\/p><\/blockquote>\n<p>  \t\t\t\t\t<script async src=\"https:\/\/platform.twitter.com\/widgets.js\" charset=\"utf-8\"><\/script><\/p>\n","protected":false},"excerpt":{"rendered":"La Zone \u00e0 trafic limit\u00e9 (ZTL) entre en vigueur, excluant le trafic motoris\u00e9 de la Presqu&rsquo;\u00eele entre les&hellip;\n","protected":false},"author":2,"featured_media":193154,"comment_status":"","ping_status":"","sticky":false,"template":"","format":"standard","meta":{"footnotes":""},"categories":[1889],"tags":[1111,11,2813,2190,2430,1109,251,1112,2811,1777,674,118,1011,27,1922,1110,1114,2428,2810,12,241,316,25,2812,517,800],"class_list":{"0":"post-193153","1":"post","2":"type-post","3":"status-publish","4":"format-standard","5":"has-post-thumbnail","7":"category-lyon","8":"tag-actu","9":"tag-actualites","10":"tag-article","11":"tag-asvel","12":"tag-auvergne-rhone-alpes","13":"tag-breves","14":"tag-culture","15":"tag-depeches","16":"tag-economique","17":"tag-eu","18":"tag-europe","19":"tag-faits-divers","20":"tag-fr","21":"tag-france","22":"tag-info","23":"tag-informations","24":"tag-infos","25":"tag-lyon","26":"tag-lyonmag","27":"tag-news","28":"tag-ol","29":"tag-politique","30":"tag-republique-francaise","31":"tag-sociale","32":"tag-sport","33":"tag-transports"},"share_on_mastodon":{"url":"https:\/\/pubeurope.com\/@fr\/114720724979695986","error":""},"_links":{"self":[{"href":"https:\/\/www.europesays.com\/fr\/wp-json\/wp\/v2\/posts\/193153","targetHints":{"allow":["GET"]}}],"collection":[{"href":"https:\/\/www.europesays.com\/fr\/wp-json\/wp\/v2\/posts"}],"about":[{"href":"https:\/\/www.europesays.com\/fr\/wp-json\/wp\/v2\/types\/post"}],"author":[{"embeddable":true,"href":"https:\/\/www.europesays.com\/fr\/wp-json\/wp\/v2\/users\/2"}],"replies":[{"embeddable":true,"href":"https:\/\/www.europesays.com\/fr\/wp-json\/wp\/v2\/comments?post=193153"}],"version-history":[{"count":0,"href":"https:\/\/www.europesays.com\/fr\/wp-json\/wp\/v2\/posts\/193153\/revisions"}],"wp:featuredmedia":[{"embeddable":true,"href":"https:\/\/www.europesays.com\/fr\/wp-json\/wp\/v2\/media\/193154"}],"wp:attachment":[{"href":"https:\/\/www.europesays.com\/fr\/wp-json\/wp\/v2\/media?parent=193153"}],"wp:term":[{"taxonomy":"category","embeddable":true,"href":"https:\/\/www.europesays.com\/fr\/wp-json\/wp\/v2\/categories?post=193153"},{"taxonomy":"post_tag","embeddable":true,"href":"https:\/\/www.europesays.com\/fr\/wp-json\/wp\/v2\/tags?post=193153"}],"curies":[{"name":"wp","href":"https:\/\/api.w.org\/{rel}","templated":true}]}}