{"id":193164,"date":"2025-06-21T09:53:10","date_gmt":"2025-06-21T09:53:10","guid":{"rendered":"https:\/\/www.europesays.com\/fr\/193164\/"},"modified":"2025-06-21T09:53:10","modified_gmt":"2025-06-21T09:53:10","slug":"fete-de-la-musique-2025-decouvrez-le-programme-pres-de-chez-vous","status":"publish","type":"post","link":"https:\/\/www.europesays.com\/fr\/193164\/","title":{"rendered":"F\u00eate de la Musique 2025 : d\u00e9couvrez le programme pr\u00e8s de chez vous !"},"content":{"rendered":"<p class=\"paragraph lpe text_align_left lp-f-body-02\">La F\u00eate de la Musique revient ce samedi 21 juin 2025 ! Comme chaque ann\u00e9e, cette journ\u00e9e embl\u00e9matique transformera les rues de France en sc\u00e8nes musicales improvis\u00e9es. <\/p>\n<p class=\"paragraph lpe text_align_left lp-f-body-02\">Concerts gratuits, sc\u00e8nes ouvertes, performances spontan\u00e9es&#8230; Chorales, musique classique, DJ set, soir\u00e9es&#8230; tous les styles seront \u00e0 l\u2019honneur pour vous laisser surprendre par des artistes amateurs ou pro.<\/p>\n<p class=\"paragraph lpe text_align_left lp-f-body-02\">Cette ann\u00e9e deux conditions de prestige pour en profiter : une m\u00e9t\u00e9o au beau fixe, et une journ\u00e9e enti\u00e8re pour en profiter, la f\u00eate tombant un samedi. Des conditions de s\u00e9curit\u00e9 suppl\u00e9mentaires seront cependant parfois n\u00e9cessaires : le ministre de l\u2019Int\u00e9rieur Bruno Retailleau ayant exig\u00e9 <a href=\"https:\/\/www.leparisien.fr\/faits-divers\/fete-de-la-musique-menace-terroriste-violences-urbaines-bruno-retailleau-demande-une-hausse-de-la-securite-20-06-2025-4VL5XEZUPRBKFKXON4TLEYFJVQ.php\" target=\"_self\" rel=\"noopener\">un renforcement des dispositifs de s\u00e9curit\u00e9<\/a>.<\/p>\n<p class=\"paragraph lpe text_align_left lp-f-body-02\">D\u00e9couvrez sur notre site le <a href=\"https:\/\/www.leparisien.fr\/etudiant\/sortir\/paris\/fete-de-la-musique\/\" target=\"_self\" rel=\"noopener\">programme de la F\u00eate de la musique 2025<\/a>, et ci-dessous notre s\u00e9lection de lieux ou \u00e9v\u00e9nements pour vous guider, vous pouvez aussi <a href=\"https:\/\/www.leparisien.fr\/etudiant\/sortir\/annoncer-un-evenement\/\" target=\"_self\" rel=\"noopener\">annoncer votre concert ou \u00e9v\u00e9nement<\/a> gratuitement sur notre site. <\/p>\n<p>F\u00eate de la musique 2025 dans toute la France<\/p>\n<p class=\"paragraph lpe text_align_left lp-f-body-02\">Voici un petit rep\u00e9rage des \u00e9v\u00e9nements ou lieu o\u00f9 aller pour cette F\u00eate de la musique 2025 :<\/p>\n<ul class=\"margin_bottom_md fs_18_26 fs_20_28_ad purple-dot\">\n<li class=\"mb_150 pl_325\"><b>A Paris<\/b>, les quartiers anim\u00e9s comme le Marais, Saint-Germain, Montmartre&#8230; regorgeront de concerts, mais aussi France T\u00e9l\u00e9vision organisera un <a href=\"https:\/\/www.leparisien.fr\/etudiant\/sortir\/paris\/eve-vivons-ensemble-la-fete-de-la-musique\/\" target=\"_blank\" rel=\"noopener\">grand concert<\/a> dans les jardins du Louvre avec le retour de la vasque olympique en point d\u2019orgue de la soir\u00e9e. Plus d\u2019id\u00e9es sorties pour la <a href=\"https:\/\/www.leparisien.fr\/etudiant\/sortir\/paris\/fete-de-la-musique\/\" target=\"_blank\" rel=\"noreferrer noopener\">F\u00eate de la musique \u00e0 Paris<\/a> et sa r\u00e9gion<\/li>\n<li class=\"mb_150 pl_325\"><b>A Lyon<\/b>, de l\u2019H\u00f4tel de ville \u00e0 la place de la Bourse, le vieux Lyon va vibrer \u00e0 chaque coin de rue mais aussi de nombreux concerts sont pr\u00e9vus sur les quais, ou par exemple une belle apr\u00e8s midi classique dans le <a href=\"https:\/\/www.leparisien.fr\/etudiant\/sortir\/lyon\/eve-fete-musique-quatuor-debussy-et-ses-invites-lyon\/\" target=\"_blank\" rel=\"noreferrer noopener\">jardin de l\u2019universit\u00e9 INSPE<\/a>. Plus d\u2019id\u00e9es sorties pour la <a href=\"https:\/\/www.leparisien.fr\/etudiant\/sortir\/lyon\/fete-de-la-musique\/\" target=\"_blank\" rel=\"noopener\">F\u00eate de la musique \u00e0 Lyon<\/a> et sa r\u00e9gion<\/li>\n<li class=\"mb_150 pl_325\"><b>A Marseille<\/b>, du vieux port, au Panier en passant par le cour Julien. Fun Radio proposera son habituel <a href=\"https:\/\/www.leparisien.fr\/etudiant\/sortir\/marseille\/eve-fun-radio-live-a-marseille-le-21-juin-2025\/\" target=\"_blank\" rel=\"noreferrer noopener\">soir\u00e9e plage Bor\u00e9ly<\/a> d\u00e8s 19 heures. Plus de concerts et \u00e9v\u00e9nement ici pour la <a href=\"https:\/\/www.leparisien.fr\/etudiant\/sortir\/marseille\/fete-de-la-musique\/\" target=\"_blank\" rel=\"noopener\">F\u00eate de la musique \u00e0 Marseille<\/a> et sa r\u00e9gion<\/li>\n<li class=\"mb_150 pl_325\"><b>A Toulouse<\/b>, la <a href=\"https:\/\/www.leparisien.fr\/etudiant\/sortir\/toulouse\/eve-fete-musique-concert-gospel-by-heaven-flow-group-toulouse\/\" target=\"_blank\" rel=\"noreferrer noopener\">place du capitole<\/a> vibrera toute l\u2019apr\u00e8s midi au rythme d\u2019un grand concert de Gospel. Mais aussi \u00e0 voir : une grande <a href=\"https:\/\/www.leparisien.fr\/etudiant\/sortir\/toulouse\/eve-fete-musique-la-kermesse-electronique-de-bellegarde-toulouse\/\" target=\"_blank\" rel=\"noreferrer noopener\">Kermesse \u00e9lectronique<\/a> au centre culturel Bellegarde. Plus d\u2019id\u00e9es pour la <a href=\"https:\/\/www.leparisien.fr\/etudiant\/sortir\/toulouse\/fete-de-la-musique\/\" target=\"_self\" rel=\"noopener\">F\u00eate de la musique \u00e0 Toulouse<\/a> et sa r\u00e9gion ici.<\/li>\n<li class=\"mb_150 pl_325\"><b>A Bordeaux<\/b>, de nombreux concerts auront lieu devant le Grand Th\u00e9\u00e2tre ou dj sets le long des quais de la garonne, du c\u00f4t\u00e9 de la <a href=\"https:\/\/www.leparisien.fr\/etudiant\/sortir\/bordeaux\/eve-fete-musique-bordeaux-unplugged-reprises-de-hits-en-guitarevoix-bordeaux\/\" target=\"_blank\" rel=\"noreferrer noopener\">Place de la Bourse<\/a> ou du Quai des Sports. Plus d\u2019id\u00e9es pour la <a href=\"https:\/\/www.leparisien.fr\/etudiant\/sortir\/bordeaux\/fete-de-la-musique\/\" target=\"_self\" rel=\"noopener\">F\u00eate de la musique \u00e0 Bordeaux<\/a> et sa r\u00e9gion ici.<\/li>\n<li class=\"mb_150 pl_325\"><b>A Nantes<\/b>, rendez-vous dans les rues de l\u2019hyper-centre de la ville, ferm\u00e9es \u00e0 la circulation pour l\u2019occasion, \u00e0 noter une sc\u00e8ne d\u00e9di\u00e9e aux musiques acoustiques devant l\u2019ancienne \u00e9cole des beaux arts. Le programme pour la <a href=\"https:\/\/www.leparisien.fr\/etudiant\/sortir\/nantes\/fete-de-la-musique\/\" target=\"_self\" rel=\"noopener\">F\u00eate de la musique \u00e0 Nantes<\/a> et sa r\u00e9gion ici.<\/li>\n<li class=\"mb_150 pl_325\"><b>A Lille<\/b>, place la r\u00e9publique l\u2019<a href=\"https:\/\/www.leparisien.fr\/etudiant\/sortir\/lille\/eve-fete-musique-atabak-au-cratere-de-la-republique-a-lille-lille\/\" target=\"_blank\" rel=\"noreferrer noopener\">\u00e9cole de samba Atabak<\/a> proposera des concerts et d\u00e9ambulation pour toute la famille. Mais aussi de nombreux concerts dans les rues du vieux Lille et autres villes : Marcq-en-Bar\u0153ul, Saint-Andr\u00e9&#8230; Le programme de la <a href=\"https:\/\/www.leparisien.fr\/etudiant\/sortir\/lille\/fete-de-la-musique\/\" target=\"_self\" rel=\"noopener\">F\u00eate de la musique \u00e0 Lille<\/a> et sa r\u00e9gion ici.<\/li>\n<li class=\"mb_150 pl_325\"><b>A Strasbourg<\/b>, la Ville met en place trois sc\u00e8nes d\u00e9couvertes pour des artistes amateurs ou confirm\u00e9s, sur les places Kl\u00e9ber, Gutenberg et Saint-Thomas, et 10 autres sc\u00e8nes tenues par des associations comme par exemple Place du March\u00e9 Gayot, Place Saint Etienne, Place de la Cath\u00e9drale&#8230; La <a href=\"https:\/\/www.leparisien.fr\/etudiant\/sortir\/strasbourg\/fete-de-la-musique\/\" target=\"_blank\" rel=\"noreferrer noopener\">f\u00eate de la Musique \u00e0 Strasbourg<\/a> et sa r\u00e9gion.<\/li>\n<li class=\"mb_150 pl_325\"><b>A Rennes<\/b>, plusieurs sc\u00e8nes officielles sont install\u00e9es dans le centre-ville, les rues vont aussi se transformer en sc\u00e8ne g\u00e9ante de 18h \u00e0 1h du matin. Plus d\u2019id\u00e9es sorties pour la <a href=\"https:\/\/www.leparisien.fr\/etudiant\/sortir\/rennes\/fete-de-la-musique\/\" target=\"_blank\" rel=\"noopener\">f\u00eate de la Musique \u00e0 Rennes<\/a> et sa r\u00e9gion.<\/li>\n<li class=\"mb_150 pl_325\"><b>A Montpellier<\/b>, de nombreux \u00e9v\u00e9nements annonc\u00e9s : Piano, violons et chant lyrique, <a href=\"https:\/\/www.leparisien.fr\/etudiant\/sortir\/montpellier\/eve-fete-musique-orgue-a-2-et-4-mains-montpellier\/\" target=\"_blank\" rel=\"noreferrer noopener\">concert d\u2019orgues<\/a>, concerts rock&#8230; dans l\u2019apr\u00e8s midi vous pourrez \u00e9couter un grand spectacle musical organis\u00e9 par l\u2019<a href=\"https:\/\/www.leparisien.fr\/etudiant\/sortir\/montpellier\/eve-fete-musique-grand-spectacle-musical-organise-par-lecole-cadence-montpellier\/\" target=\"_blank\" rel=\"noreferrer noopener\">\u00c9cole Cadence<\/a> ou encore l\u2019Orchestre Symphonique et l\u2019Ensemble Instrumental de l\u2019<a href=\"https:\/\/www.leparisien.fr\/etudiant\/sortir\/montpellier\/eve-fete-musique-fete-de-la-musique-2025-de-losum-et-leium-montpellier\/\" target=\"_blank\" rel=\"noopener\">Universit\u00e9 de Montpellier<\/a>. Plus d\u2019id\u00e9es sorties pour la <a href=\"https:\/\/www.leparisien.fr\/etudiant\/sortir\/montpellier\/fete-de-la-musique\/\" target=\"_blank\" rel=\"noopener\">f\u00eate de la Musique \u00e0 Montpellier<\/a> et sa r\u00e9gion.<\/li>\n<\/ul>\n<p class=\"paragraph lpe text_align_left lp-f-body-02\">Alors, pr\u00eat(e) \u00e0 faire la f\u00eate ? Le 21 juin, sortez, explorez, dansez et laissez-vous emporter par la magie de la F\u00eate de la Musique !<\/p>\n","protected":false},"excerpt":{"rendered":"La F\u00eate de la Musique revient ce samedi 21 juin 2025 ! Comme chaque ann\u00e9e, cette journ\u00e9e embl\u00e9matique&hellip;\n","protected":false},"author":2,"featured_media":193165,"comment_status":"","ping_status":"","sticky":false,"template":"","format":"standard","meta":{"footnotes":""},"categories":[1888],"tags":[11,872,1777,674,1011,27,2684,12,626,25,28728],"class_list":{"0":"post-193164","1":"post","2":"type-post","3":"status-publish","4":"format-standard","5":"has-post-thumbnail","7":"category-paris","8":"tag-actualites","9":"tag-culture-et-loisirs","10":"tag-eu","11":"tag-europe","12":"tag-fr","13":"tag-france","14":"tag-le-parisien-etudiant","15":"tag-news","16":"tag-paris","17":"tag-republique-francaise","18":"tag-vie-etudiante"},"share_on_mastodon":{"url":"https:\/\/pubeurope.com\/@fr\/114720748666669225","error":""},"_links":{"self":[{"href":"https:\/\/www.europesays.com\/fr\/wp-json\/wp\/v2\/posts\/193164","targetHints":{"allow":["GET"]}}],"collection":[{"href":"https:\/\/www.europesays.com\/fr\/wp-json\/wp\/v2\/posts"}],"about":[{"href":"https:\/\/www.europesays.com\/fr\/wp-json\/wp\/v2\/types\/post"}],"author":[{"embeddable":true,"href":"https:\/\/www.europesays.com\/fr\/wp-json\/wp\/v2\/users\/2"}],"replies":[{"embeddable":true,"href":"https:\/\/www.europesays.com\/fr\/wp-json\/wp\/v2\/comments?post=193164"}],"version-history":[{"count":0,"href":"https:\/\/www.europesays.com\/fr\/wp-json\/wp\/v2\/posts\/193164\/revisions"}],"wp:featuredmedia":[{"embeddable":true,"href":"https:\/\/www.europesays.com\/fr\/wp-json\/wp\/v2\/media\/193165"}],"wp:attachment":[{"href":"https:\/\/www.europesays.com\/fr\/wp-json\/wp\/v2\/media?parent=193164"}],"wp:term":[{"taxonomy":"category","embeddable":true,"href":"https:\/\/www.europesays.com\/fr\/wp-json\/wp\/v2\/categories?post=193164"},{"taxonomy":"post_tag","embeddable":true,"href":"https:\/\/www.europesays.com\/fr\/wp-json\/wp\/v2\/tags?post=193164"}],"curies":[{"name":"wp","href":"https:\/\/api.w.org\/{rel}","templated":true}]}}