{"id":19317,"date":"2025-04-12T07:13:12","date_gmt":"2025-04-12T07:13:12","guid":{"rendered":"https:\/\/www.europesays.com\/fr\/19317\/"},"modified":"2025-04-12T07:13:12","modified_gmt":"2025-04-12T07:13:12","slug":"edf-f-laura-glauser-quitte-le-groupe-france","status":"publish","type":"post","link":"https:\/\/www.europesays.com\/fr\/19317\/","title":{"rendered":"EDF (F) | Laura Glauser quitte le groupe France"},"content":{"rendered":"<p>                <img loading=\"lazy\" decoding=\"async\" class=\"size-large wp-image-315624\" src=\"https:\/\/www.europesays.com\/fr\/wp-content\/uploads\/2025\/04\/7225302ec2ae5c10ceb7404fb39f4960-1500x1000-1-1024x683.jpg\" alt=\"\" width=\"1024\" height=\"683\"\/>Laura GLAUSER &#8211; Cr\u00e9dits Icon Sport<\/p>\n<p style=\"text-align: justify;\"><strong>Absente hier lors de la victoire des Bleues \u00e0 Trelaz\u00e9 face aux Pays-Bas, la gardienne de but de Ferencvaros, Laura Glauser, a quitt\u00e9 ce matin le stage de l&rsquo;\u00e9quipe de France. La f\u00e9d\u00e9ration n&rsquo;a pas pr\u00e9cis\u00e9 la raison exacte de ce d\u00e9part.\u00a0<\/strong><\/p>\n<p style=\"text-align: justify;\"><strong>Laura Glauser<\/strong> a quitt\u00e9 ce matin ses co\u00e9quipi\u00e8res de l&rsquo;\u00e9quipe de France au lendemain de son match amical face \u00e0 la s\u00e9lection des Pays-Bas. Apr\u00e8s concertation entre la joueuse et le staff m\u00e9dical, le s\u00e9lectionneur a pris la d\u00e9cision de la lib\u00e9rer pour les deux derniers jours de la semaine internationale.<\/p>\n<p style=\"text-align: justify;\">La gardienne avait v\u00e9cu le match d\u2019hier soir \u00e0 l\u2019Arena Loire de Tr\u00e9laz\u00e9 depuis les tribunes, o\u00f9 elle avait vu ses co\u00e9quipi\u00e8res s\u2019imposer 31-25 (12-10) face aux Pays-Bas pour la premi\u00e8re des deux rencontres.<\/p>\n","protected":false},"excerpt":{"rendered":"Laura GLAUSER &#8211; Cr\u00e9dits Icon Sport Absente hier lors de la victoire des Bleues \u00e0 Trelaz\u00e9 face aux&hellip;\n","protected":false},"author":2,"featured_media":19318,"comment_status":"","ping_status":"","sticky":false,"template":"","format":"standard","meta":{"footnotes":""},"categories":[9],"tags":[64,1011,27,7550,60],"class_list":{"0":"post-19317","1":"post","2":"type-post","3":"status-publish","4":"format-standard","5":"has-post-thumbnail","7":"category-sports","8":"tag-equipe-de-france","9":"tag-fr","10":"tag-france","11":"tag-laura-glauser","12":"tag-sports"},"share_on_mastodon":{"url":"https:\/\/pubeurope.com\/@fr\/114323757810817892","error":""},"_links":{"self":[{"href":"https:\/\/www.europesays.com\/fr\/wp-json\/wp\/v2\/posts\/19317","targetHints":{"allow":["GET"]}}],"collection":[{"href":"https:\/\/www.europesays.com\/fr\/wp-json\/wp\/v2\/posts"}],"about":[{"href":"https:\/\/www.europesays.com\/fr\/wp-json\/wp\/v2\/types\/post"}],"author":[{"embeddable":true,"href":"https:\/\/www.europesays.com\/fr\/wp-json\/wp\/v2\/users\/2"}],"replies":[{"embeddable":true,"href":"https:\/\/www.europesays.com\/fr\/wp-json\/wp\/v2\/comments?post=19317"}],"version-history":[{"count":0,"href":"https:\/\/www.europesays.com\/fr\/wp-json\/wp\/v2\/posts\/19317\/revisions"}],"wp:featuredmedia":[{"embeddable":true,"href":"https:\/\/www.europesays.com\/fr\/wp-json\/wp\/v2\/media\/19318"}],"wp:attachment":[{"href":"https:\/\/www.europesays.com\/fr\/wp-json\/wp\/v2\/media?parent=19317"}],"wp:term":[{"taxonomy":"category","embeddable":true,"href":"https:\/\/www.europesays.com\/fr\/wp-json\/wp\/v2\/categories?post=19317"},{"taxonomy":"post_tag","embeddable":true,"href":"https:\/\/www.europesays.com\/fr\/wp-json\/wp\/v2\/tags?post=19317"}],"curies":[{"name":"wp","href":"https:\/\/api.w.org\/{rel}","templated":true}]}}