{"id":193180,"date":"2025-06-21T10:01:13","date_gmt":"2025-06-21T10:01:13","guid":{"rendered":"https:\/\/www.europesays.com\/fr\/193180\/"},"modified":"2025-06-21T10:01:13","modified_gmt":"2025-06-21T10:01:13","slug":"selon-ignazio-cassis-le-chaos-mondial-favorise-les-relations-suisse-ue","status":"publish","type":"post","link":"https:\/\/www.europesays.com\/fr\/193180\/","title":{"rendered":"Selon Ignazio Cassis, le chaos mondial favorise les relations Suisse-UE"},"content":{"rendered":"<p>Selon le conseiller f\u00e9d\u00e9ral Ignazio Cassis, la situation mondiale difficile a aid\u00e9 le dossier de l\u2019UE en Suisse. Dans les n\u00e9gociations sur les nouveaux accords, la Suisse a obtenu plus qu\u2019elle ne pouvait esp\u00e9rer, a-t-il laiss\u00e9 entendre dans une interview.<\/p>\n<p>\u00abPar rapport aux discussions sur l\u2019accord-cadre il y a quatre ans, lorsque l\u2019\u00e9tat du monde \u00e9tait meilleur, nous ressentons aujourd\u2019hui une plus grande urgence\u00bb, a d\u00e9clar\u00e9 le ministre des affaires \u00e9trang\u00e8res dans une interview <a href=\"https:\/\/www.nzz.ch\/schweiz\/aussenminister-ignazio-cassis-die-vertraege-mit-der-eu-sind-das-maximal-moegliche-ld.1889134\" rel=\"nofollow noopener\" target=\"_blank\">publi\u00e9e ce samedi<\/a> par la NZZ. Des relations \u00e9troites et stables avec les voisins les plus proches sont de plus en plus importantes, ajoute-t-il.<\/p>\n<p><strong>Le 13\u00a0juin 2025, lors de la publication:<\/strong> <a href=\"https:\/\/www.letemps.ch\/suisse\/bilaterales-iii-entre-la-suisse-et-l-union-europeenne-le-conseil-federal-ouvre-la-consultation\" rel=\"nofollow noopener\" target=\"_blank\">Les accords bilat\u00e9raux III sont en consultation, ils demeurent la meilleure option pour le Conseil f\u00e9d\u00e9ral<\/a><\/p>\n<p>\u00abLa participation au march\u00e9 int\u00e9rieur europ\u00e9en est vitale pour la Suisse &#8211; et elle le sera encore plus si d\u2019autres march\u00e9s ne sont plus accessibles ou seulement \u00e0 de moins bonnes conditions\u00bb, souligne Ignazio Cassis.<\/p>\n<p>La publication des accords avec l\u2019UE a \u00e9t\u00e9 \u00abun coup de pouce apr\u00e8s des mois extr\u00eamement intenses et \u00e9prouvants\u00bb. \u00abJe constate un grand int\u00e9r\u00eat de la part du public\u00bb, d\u00e9clare le Tessinois. On veut comprendre dans toute son ampleur et sa profondeur \u00abce que nous avons n\u00e9goci\u00e9\u00bb sans se limiter aux \u00absempiternels mots-cl\u00e9s\u00bb.<\/p>\n<p><strong>Une chronique, ce samedi 21\u00a0juin 2025:<\/strong> <a href=\"https:\/\/www.letemps.ch\/opinions\/suisse-ue-des-airs-de-match-du-siecle\" rel=\"nofollow noopener\" target=\"_blank\">Suisse-UE, des airs de \u00abmatch du si\u00e8cle\u00bb<\/a><\/p>\n<p>Il n\u2019y a pas de meilleure voie, assure-t-il<\/p>\n<p>Le conseiller f\u00e9d\u00e9ral pense que tout le paquet d\u2019accords est bon pour la Suisse, mais il ne sait pas si le peuple le verra exactement de la m\u00eame mani\u00e8re. \u00abAujourd\u2019hui, je peux dire avec assurance que le r\u00e9sultat d\u00e9passe nos espoirs. A l\u2019inverse, cela signifie que je ne peux pas imaginer que nous trouvions une meilleure solution pour sauver la voie bilat\u00e9rale\u00bb, d\u00e9clare le ministre suisse des affaires \u00e9trang\u00e8res.<\/p>\n<p>La Suisse a obtenu davantage, par exemple en ce qui concerne la clause de sauvegarde sur la libre circulation des personnes. \u00abNous avons surtout pu garantir le noyau dur: chez nous, la libre circulation des travailleurs continue de pr\u00e9valoir, et non celle des citoyens\u00bb, souligne Ignazio Cassis. Seules les personnes qui travaillent en Suisse ou qui peuvent subvenir \u00e0 leurs besoins peuvent y vivre avec leur famille.<\/p>\n","protected":false},"excerpt":{"rendered":"Selon le conseiller f\u00e9d\u00e9ral Ignazio Cassis, la situation mondiale difficile a aid\u00e9 le dossier de l\u2019UE en Suisse.&hellip;\n","protected":false},"author":2,"featured_media":193181,"comment_status":"","ping_status":"","sticky":false,"template":"","format":"standard","meta":{"footnotes":""},"categories":[1586],"tags":[11,1777,674,1779,1011,27,4438,12,25,2582,1778,364],"class_list":{"0":"post-193180","1":"post","2":"type-post","3":"status-publish","4":"format-standard","5":"has-post-thumbnail","7":"category-europe","8":"tag-actualites","9":"tag-eu","10":"tag-europe","11":"tag-european-union","12":"tag-fr","13":"tag-france","14":"tag-free","15":"tag-news","16":"tag-republique-francaise","17":"tag-suisse-ue","18":"tag-ue","19":"tag-union-europeenne"},"share_on_mastodon":{"url":"https:\/\/pubeurope.com\/@fr\/114720780030171965","error":""},"_links":{"self":[{"href":"https:\/\/www.europesays.com\/fr\/wp-json\/wp\/v2\/posts\/193180","targetHints":{"allow":["GET"]}}],"collection":[{"href":"https:\/\/www.europesays.com\/fr\/wp-json\/wp\/v2\/posts"}],"about":[{"href":"https:\/\/www.europesays.com\/fr\/wp-json\/wp\/v2\/types\/post"}],"author":[{"embeddable":true,"href":"https:\/\/www.europesays.com\/fr\/wp-json\/wp\/v2\/users\/2"}],"replies":[{"embeddable":true,"href":"https:\/\/www.europesays.com\/fr\/wp-json\/wp\/v2\/comments?post=193180"}],"version-history":[{"count":0,"href":"https:\/\/www.europesays.com\/fr\/wp-json\/wp\/v2\/posts\/193180\/revisions"}],"wp:featuredmedia":[{"embeddable":true,"href":"https:\/\/www.europesays.com\/fr\/wp-json\/wp\/v2\/media\/193181"}],"wp:attachment":[{"href":"https:\/\/www.europesays.com\/fr\/wp-json\/wp\/v2\/media?parent=193180"}],"wp:term":[{"taxonomy":"category","embeddable":true,"href":"https:\/\/www.europesays.com\/fr\/wp-json\/wp\/v2\/categories?post=193180"},{"taxonomy":"post_tag","embeddable":true,"href":"https:\/\/www.europesays.com\/fr\/wp-json\/wp\/v2\/tags?post=193180"}],"curies":[{"name":"wp","href":"https:\/\/api.w.org\/{rel}","templated":true}]}}