{"id":193184,"date":"2025-06-21T10:03:09","date_gmt":"2025-06-21T10:03:09","guid":{"rendered":"https:\/\/www.europesays.com\/fr\/193184\/"},"modified":"2025-06-21T10:03:09","modified_gmt":"2025-06-21T10:03:09","slug":"un-producteur-peches-tue-par-balles-au-min-de-marseille","status":"publish","type":"post","link":"https:\/\/www.europesays.com\/fr\/193184\/","title":{"rendered":"Un producteur p\u00eaches tu\u00e9 par balles au MIN de Marseille"},"content":{"rendered":"<p>Un homme a \u00e9t\u00e9 tu\u00e9 par balle t\u00f4t ce samedi matin dans le 14e arrondissement de <a href=\"https:\/\/www.laprovence.com\/bouches-du-rhone\/marseille-13055\" target=\"_blank\" rel=\"noopener\">Marseille<\/a>. Il \u00e9tait un peu plus de 7h lorsque les marins-pompiers ont \u00e9t\u00e9 appel\u00e9s pour se rendre en urgence \u00e0 proximit\u00e9 du MIN (march\u00e9 d&rsquo;int\u00e9r\u00eat national) des <a href=\"https:\/\/www.laprovence.com\/article\/region\/3600773613954214\/marche-des-producteurs-centrale-d-achat-a-marseille-le-min-des-arnavaux-ecrit-sa-nouvelle-feuille-de-route\" target=\"_blank\" rel=\"noopener\">Arnavaux<\/a>.<\/p>\n<p>Sur place, les secours ont d\u00e9couvert un homme d&rsquo;une quarantaine d&rsquo;ann\u00e9es, gri\u00e8vement bless\u00e9 par balle. Ils ont tout tent\u00e9 pour r\u00e9animer le quadrag\u00e9naire, touch\u00e9 \u00e0 la t\u00eate, avant qu&rsquo;il ne soit d\u00e9clar\u00e9 d\u00e9c\u00e9d\u00e9.<\/p>\n<p>La victime \u00e9tait connue du MIN. Il s&rsquo;agirait d&rsquo;un producteur de p\u00eaches qui d\u00e9chargeait ses fruits lorsque des individus s&rsquo;en sont pris \u00e0 lui pour voler sa recette. \u00ab\u00a0Il s&rsquo;est fait braquer par des minots, mais il a refus\u00e9 de donner le fric, ils lui ont mis une balle dans la t\u00eate\u00a0\u00bb, d\u00e9clare, abasourdie une source proche du march\u00e9 de gros.<\/p>\n<p>Les jeunes tournaient dans le march\u00e9<\/p>\n<p>Les jeunes en question auraient \u00e9t\u00e9 aper\u00e7us tournant dans le march\u00e9 depuis 2\u00a0heures du matin. \u00ab\u00a0On ne comprend pas comment ils sont parvenus \u00e0 rentrer\u00a0\u00bb.<\/p>\n<p>L&rsquo;enqu\u00eate a \u00e9t\u00e9 confi\u00e9e \u00e0 la DCT (division de la criminalit\u00e9 territoriale).<\/p>\n<p>Les agents de la police technique sont toujours sur place pour relever traces et indices, avant que le corps ne soit transport\u00e9 \u00e0 l&rsquo;institut m\u00e9dico-l\u00e9gal.<\/p>\n","protected":false},"excerpt":{"rendered":"Un homme a \u00e9t\u00e9 tu\u00e9 par balle t\u00f4t ce samedi matin dans le 14e arrondissement de Marseille. Il&hellip;\n","protected":false},"author":2,"featured_media":193185,"comment_status":"","ping_status":"","sticky":false,"template":"","format":"standard","meta":{"footnotes":""},"categories":[2],"tags":[17,11,6195,274,1011,27,1922,12,5912,33196,22284,1186,25,5911],"class_list":{"0":"post-193184","1":"post","2":"type-post","3":"status-publish","4":"format-standard","5":"has-post-thumbnail","7":"category-actualites","8":"tag-17","9":"tag-actualites","10":"tag-balle","11":"tag-faits-divers-justice","12":"tag-fr","13":"tag-france","14":"tag-info","15":"tag-news","16":"tag-par","17":"tag-peches","18":"tag-producteur","19":"tag-provence","20":"tag-republique-francaise","21":"tag-tue"},"share_on_mastodon":{"url":"https:\/\/pubeurope.com\/@fr\/114720788031875442","error":""},"_links":{"self":[{"href":"https:\/\/www.europesays.com\/fr\/wp-json\/wp\/v2\/posts\/193184","targetHints":{"allow":["GET"]}}],"collection":[{"href":"https:\/\/www.europesays.com\/fr\/wp-json\/wp\/v2\/posts"}],"about":[{"href":"https:\/\/www.europesays.com\/fr\/wp-json\/wp\/v2\/types\/post"}],"author":[{"embeddable":true,"href":"https:\/\/www.europesays.com\/fr\/wp-json\/wp\/v2\/users\/2"}],"replies":[{"embeddable":true,"href":"https:\/\/www.europesays.com\/fr\/wp-json\/wp\/v2\/comments?post=193184"}],"version-history":[{"count":0,"href":"https:\/\/www.europesays.com\/fr\/wp-json\/wp\/v2\/posts\/193184\/revisions"}],"wp:featuredmedia":[{"embeddable":true,"href":"https:\/\/www.europesays.com\/fr\/wp-json\/wp\/v2\/media\/193185"}],"wp:attachment":[{"href":"https:\/\/www.europesays.com\/fr\/wp-json\/wp\/v2\/media?parent=193184"}],"wp:term":[{"taxonomy":"category","embeddable":true,"href":"https:\/\/www.europesays.com\/fr\/wp-json\/wp\/v2\/categories?post=193184"},{"taxonomy":"post_tag","embeddable":true,"href":"https:\/\/www.europesays.com\/fr\/wp-json\/wp\/v2\/tags?post=193184"}],"curies":[{"name":"wp","href":"https:\/\/api.w.org\/{rel}","templated":true}]}}