{"id":193186,"date":"2025-06-21T10:04:17","date_gmt":"2025-06-21T10:04:17","guid":{"rendered":"https:\/\/www.europesays.com\/fr\/193186\/"},"modified":"2025-06-21T10:04:17","modified_gmt":"2025-06-21T10:04:17","slug":"a-france-televisions-une-panne-de-climatisation-seme-la-zizanie-le-direct-de-franceinfo-interrompu-plusieurs-heures","status":"publish","type":"post","link":"https:\/\/www.europesays.com\/fr\/193186\/","title":{"rendered":"\u00c0 France T\u00e9l\u00e9visions, une panne de climatisation s\u00e8me la zizanie, le direct de franceinfo interrompu plusieurs heures"},"content":{"rendered":"<p>        <img decoding=\"async\" loading=\"lazy\" src=\"https:\/\/www.europesays.com\/fr\/wp-content\/uploads\/2025\/06\/b3b489c_upload-1-l86builypdpr-000-37289h6.jpg\"  width=\"728\" height=\"409\" alt=\"Sur franceinfo, le direct a \u00e9t\u00e9 interrompu jusqu\u2019\u00e0 10h ce samedi 21\u00a0juin. (photo d\u2019illustration du si\u00e8ge de France T\u00e9l\u00e9visions \u00e0 Paris)\"\/>  <\/p>\n<p>LUDOVIC MARIN \/ AFP<\/p>\n<p>Sur franceinfo, le direct a \u00e9t\u00e9 interrompu jusqu\u2019\u00e0 10h ce samedi 21\u00a0juin. (photo d\u2019illustration du si\u00e8ge de France T\u00e9l\u00e9visions \u00e0 Paris)<\/p>\n<p class=\"asset asset-text\">M\u00c9DIAS &#8211; L\u2019\u00e9t\u00e9 commence par une canicule&#8230; dans les locaux de France T\u00e9l\u00e9visions. Des t\u00e9l\u00e9spectateurs incapables de trouver le sommeil \u00e0 cause des <a href=\"https:\/\/www.huffingtonpost.fr\/france\/article\/vigilance-orange-canicule-pourquoi-votre-departement-n-est-pas-concerne-malgre-les-fortes-temperatures_251612.html\" target=\"_blank\" rel=\"noopener\">chaleurs intenses<\/a> auront sans doute remarqu\u00e9 une interruption de plusieurs heures du direct de franceinfo, dans la nuit de vendredi \u00e0 samedi. <a href=\"https:\/\/www.huffingtonpost.fr\/medias\/article\/franceinfo-recrute-paul-larrouturou-et-le-biologiste-bill-francois-pour-la-rentree-2025_251508.html\" target=\"_blank\" rel=\"noopener\">La cha\u00eene de\u00a0t\u00e9l\u00e9vision\u00a0en continu<\/a> n\u2019\u00e9mettait plus en raison d\u2019une panne technique qui a affect\u00e9 toutes les antennes du groupe France T\u00e9l\u00e9visions.<\/p>\n<p class=\"asset asset-text\">Dans un communiqu\u00e9, France T\u00e9l\u00e9 a expliqu\u00e9 qu\u2019une \u00ab\u00a0panne majeure du syst\u00e8me de climatisation des salles h\u00e9bergeant les serveurs de diffusion des cha\u00eenes\u00a0<a href=\"https:\/\/www.huffingtonpost.fr\/medias\/article\/caroline-roux-contactee-pour-le-20h-de-france-2-explique-pourquoi-elle-refuse_251530.html\" target=\"_blank\" rel=\"noopener\">France\u00a02<\/a>, France\u00a03, France\u00a04, France\u00a05 et\u00a0franceinfo a provoqu\u00e9 autour de minuit une interruption des programmes pr\u00e9vus\u00a0\u00bb.<\/p>\n<p class=\"asset asset-text\">\u00ab\u00a0Les \u00e9quipes de\u00a0France\u00a0T\u00e9l\u00e9visions mobilis\u00e9es toute la nuit ont permis un retour progressif de la diffusion \u00e0 la normale\u00a0\u00bb sur ces cha\u00eenes, a-t-elle ajout\u00e9. Toutefois, \u00e0 l\u2019antenne, l\u2019interruption sur France 2, France 3, France 4\u00a0et France 5 n\u2019a dur\u00e9 que quelques secondes, pr\u00e9cise l\u2019AFP.<\/p>\n<p> La lecture de ce contenu est susceptible d\u2019entra\u00eener un d\u00e9p\u00f4t de cookies de la part de l\u2019op\u00e9rateur tiers qui l\u2019h\u00e9berge. Compte-tenu des choix que vous avez exprim\u00e9s en mati\u00e8re de d\u00e9p\u00f4t de cookies, nous avons bloqu\u00e9 l\u2019affichage de ce contenu. Si vous souhaitez y acc\u00e9der, vous devez accepter la cat\u00e9gorie de cookies \u201cContenus tiers\u201d en cliquant sur le bouton ci-dessous. <\/p>\n<p> Lire la Vid\u00e9o        Retour \u00e0 la normale apr\u00e8s 10\u00a0heures    <\/p>\n<p class=\"asset asset-text\">En revanche, \u00ab\u00a0une partie du mat\u00e9riel de la r\u00e9gie de production de la cha\u00eene\u00a0franceinfo a \u00e9t\u00e9 endommag\u00e9e au cours de l\u2019incident\u00a0\u00bb, a poursuivi France\u00a0T\u00e9l\u00e9visions.<\/p>\n<p class=\"asset asset-text\">Franceinfo avait toutefois repris une diffusion normale de ses programmes aux alentours de 10h ce samedi, alors qu\u2019avant cela, un message du groupe indiquait que la cha\u00eene diffus\u00e9e sur le canal 16\u00a0de <a href=\"https:\/\/www.huffingtonpost.fr\/medias\/article\/tnt-ecran-noir-numerotation-nouvelles-chaines-notre-guide-pour-s-y-retrouver_250856.html\" target=\"_blank\" rel=\"noopener\">la TNT<\/a> \u00e9tait \u00ab\u00a0dans l\u2019incapacit\u00e9 de reprendre ses programmes en direct\u00a0\u00bb.<\/p>\n<p class=\"asset asset-text\">\u00ab\u00a0Nous nous excusons aupr\u00e8s de tous les t\u00e9l\u00e9spectateurs\u00a0\u00bb, a \u00e9galement indiqu\u00e9 le groupe, au moment o\u00f9 la France est entr\u00e9e dans une journ\u00e9e de chaleur intense, avec 16\u00a0d\u00e9partements plac\u00e9s en <a href=\"https:\/\/www.huffingtonpost.fr\/france\/article\/vigilance-orange-canicule-vendredi-sur-16-departements-de-l-ouest-de-la-france_251567.html\" target=\"_blank\" rel=\"noopener\">vigilance orange \u00e0 la canicule<\/a>.<\/p>\n","protected":false},"excerpt":{"rendered":"LUDOVIC MARIN \/ AFP Sur franceinfo, le direct a \u00e9t\u00e9 interrompu jusqu\u2019\u00e0 10h ce samedi 21\u00a0juin. (photo d\u2019illustration&hellip;\n","protected":false},"author":2,"featured_media":191069,"comment_status":"","ping_status":"","sticky":false,"template":"","format":"standard","meta":{"footnotes":""},"categories":[4],"tags":[11,13208,251,1011,27,2400,500,12,10899,25,252],"class_list":{"0":"post-193186","1":"post","2":"type-post","3":"status-publish","4":"format-standard","5":"has-post-thumbnail","7":"category-france","8":"tag-actualites","9":"tag-chaleur","10":"tag-culture","11":"tag-fr","12":"tag-france","13":"tag-france-televisions","14":"tag-medias","15":"tag-news","16":"tag-panne","17":"tag-republique-francaise","18":"tag-television"},"share_on_mastodon":{"url":"https:\/\/pubeurope.com\/@fr\/114720791913147016","error":""},"_links":{"self":[{"href":"https:\/\/www.europesays.com\/fr\/wp-json\/wp\/v2\/posts\/193186","targetHints":{"allow":["GET"]}}],"collection":[{"href":"https:\/\/www.europesays.com\/fr\/wp-json\/wp\/v2\/posts"}],"about":[{"href":"https:\/\/www.europesays.com\/fr\/wp-json\/wp\/v2\/types\/post"}],"author":[{"embeddable":true,"href":"https:\/\/www.europesays.com\/fr\/wp-json\/wp\/v2\/users\/2"}],"replies":[{"embeddable":true,"href":"https:\/\/www.europesays.com\/fr\/wp-json\/wp\/v2\/comments?post=193186"}],"version-history":[{"count":0,"href":"https:\/\/www.europesays.com\/fr\/wp-json\/wp\/v2\/posts\/193186\/revisions"}],"wp:featuredmedia":[{"embeddable":true,"href":"https:\/\/www.europesays.com\/fr\/wp-json\/wp\/v2\/media\/191069"}],"wp:attachment":[{"href":"https:\/\/www.europesays.com\/fr\/wp-json\/wp\/v2\/media?parent=193186"}],"wp:term":[{"taxonomy":"category","embeddable":true,"href":"https:\/\/www.europesays.com\/fr\/wp-json\/wp\/v2\/categories?post=193186"},{"taxonomy":"post_tag","embeddable":true,"href":"https:\/\/www.europesays.com\/fr\/wp-json\/wp\/v2\/tags?post=193186"}],"curies":[{"name":"wp","href":"https:\/\/api.w.org\/{rel}","templated":true}]}}