{"id":193189,"date":"2025-06-21T10:06:09","date_gmt":"2025-06-21T10:06:09","guid":{"rendered":"https:\/\/www.europesays.com\/fr\/193189\/"},"modified":"2025-06-21T10:06:09","modified_gmt":"2025-06-21T10:06:09","slug":"trois-terrains-de-beach-volley-amenages-a-la-vallee-du-cher","status":"publish","type":"post","link":"https:\/\/www.europesays.com\/fr\/193189\/","title":{"rendered":"trois terrains de beach-volley am\u00e9nag\u00e9s \u00e0 la Vall\u00e9e du Cher"},"content":{"rendered":"<p>Il ne manque plus que des palmiers mais <a target=\"_self\" href=\"https:\/\/www.lanouvellerepublique.fr\/tours\/lnv-francois-bruneau-veut-tirer-le-volley-vers-le-haut\" rel=\"noopener\">Fran\u00e7ois Bruneau<\/a>, le pr\u00e9sident de la SAS TVB (l\u2019\u00e9quipe professionnelle), compte demander \u00e0 la mairie si elle peut en pr\u00eater quelques-uns. Ils compl\u00e9teraient le d\u00e9cor lors de l\u2019inauguration, le 3\u00a0juillet 2025, des trois terrains de beach-volley am\u00e9nag\u00e9s sur le site de l\u2019<a target=\"_self\" href=\"https:\/\/www.lanouvellerepublique.fr\/indre-et-loire\/tennis-l-atg-tours-organise-sont-3e-tournoi-internation-masters\" rel=\"noopener\">Association de tennis du Grand Tours<\/a> (ATGT), \u00e0 la Vall\u00e9e du Cher&#8230;. <\/p>\n<p>    Cet article a \u00e9t\u00e9 tronqu\u00e9. Abonnez-vous pour lire l&rsquo;article complet sur notre site.<\/p>\n<p style=\"margin: 0 !important; padding: 0 !important; font-size: 12px !important;\">Cet article a \u00e9t\u00e9 tronqu\u00e9. Abonnez-vous pour lire l&rsquo;article complet.<\/p>\n<p>    <a href=\"https:\/\/www.lanouvellerepublique.fr\/abonnements\" style=\"display: inline-block; margin-top: 5px !important; padding: 6px 12px !important; background: #cb1c27; color: white; text-decoration: none; border-radius: 4px; font-size: 12px !important;\" target=\"_blank\" rel=\"noopener\"><br \/>\n      S&rsquo;abonner<br \/>\n    <\/a><\/p>\n","protected":false},"excerpt":{"rendered":"Il ne manque plus que des palmiers mais Fran\u00e7ois Bruneau, le pr\u00e9sident de la SAS TVB (l\u2019\u00e9quipe professionnelle),&hellip;\n","protected":false},"author":2,"featured_media":193190,"comment_status":"","ping_status":"","sticky":false,"template":"","format":"standard","meta":{"footnotes":""},"categories":[1417],"tags":[1392,1011,27,1393,4387,60,1390,1471,1470,1469],"class_list":{"0":"post-193189","1":"post","2":"type-post","3":"status-publish","4":"format-standard","5":"has-post-thumbnail","7":"category-volley","8":"tag-a-la-une-local","9":"tag-fr","10":"tag-france","11":"tag-loisirs","12":"tag-loisirs-sportifs","13":"tag-sports","14":"tag-tours","15":"tag-tours-volley-ball","16":"tag-volley","17":"tag-volleyball"},"share_on_mastodon":{"url":"https:\/\/pubeurope.com\/@fr\/114720799760983565","error":""},"_links":{"self":[{"href":"https:\/\/www.europesays.com\/fr\/wp-json\/wp\/v2\/posts\/193189","targetHints":{"allow":["GET"]}}],"collection":[{"href":"https:\/\/www.europesays.com\/fr\/wp-json\/wp\/v2\/posts"}],"about":[{"href":"https:\/\/www.europesays.com\/fr\/wp-json\/wp\/v2\/types\/post"}],"author":[{"embeddable":true,"href":"https:\/\/www.europesays.com\/fr\/wp-json\/wp\/v2\/users\/2"}],"replies":[{"embeddable":true,"href":"https:\/\/www.europesays.com\/fr\/wp-json\/wp\/v2\/comments?post=193189"}],"version-history":[{"count":0,"href":"https:\/\/www.europesays.com\/fr\/wp-json\/wp\/v2\/posts\/193189\/revisions"}],"wp:featuredmedia":[{"embeddable":true,"href":"https:\/\/www.europesays.com\/fr\/wp-json\/wp\/v2\/media\/193190"}],"wp:attachment":[{"href":"https:\/\/www.europesays.com\/fr\/wp-json\/wp\/v2\/media?parent=193189"}],"wp:term":[{"taxonomy":"category","embeddable":true,"href":"https:\/\/www.europesays.com\/fr\/wp-json\/wp\/v2\/categories?post=193189"},{"taxonomy":"post_tag","embeddable":true,"href":"https:\/\/www.europesays.com\/fr\/wp-json\/wp\/v2\/tags?post=193189"}],"curies":[{"name":"wp","href":"https:\/\/api.w.org\/{rel}","templated":true}]}}