{"id":193193,"date":"2025-06-21T10:08:09","date_gmt":"2025-06-21T10:08:09","guid":{"rendered":"https:\/\/www.europesays.com\/fr\/193193\/"},"modified":"2025-06-21T10:08:09","modified_gmt":"2025-06-21T10:08:09","slug":"wimbledon-le-blog-de-la-redac-garcia-ne-verra-plus-le-gazon-et-lon-est-pas-vraiment-surpris","status":"publish","type":"post","link":"https:\/\/www.europesays.com\/fr\/193193\/","title":{"rendered":"Wimbledon, Le blog de la r\u00e9dac&rsquo; > Garcia ne verra plus le gazon, et l&rsquo;on est pas vraiment surpris"},"content":{"rendered":"<p>La Lyonnaise s\u2019est retir\u00e9e du tableau des quali\u00adfi\u00adca\u00adtions de Wimbledon, ce qui r\u00e9sume parfai\u00adte\u00adment son \u00e9tat d\u2019es\u00adprit et plus encore le rapport qu\u2019elle a actuel\u00adle\u00adment avec le tennis.\u00a0<\/p>\n<p>Arriv\u00e9e \u00e0 Roland\u2010Garros sans une pr\u00e9pa\u00adra\u00adtion digne de ce nom, elle pr\u00e9f\u00e8re faire donc l\u2019im\u00adpasse sur le gazon alors qu\u2019une fille comme Aliz\u00e9 Cornet a d\u00e9cid\u00e9 d\u2019aller au charbon.\u00a0<\/p>\n<p>Le choix de Caroline est le sien et il n\u2019est pas criti\u00adquable mais on aurait pu penser que taper la balle sur l\u2019herbe une derni\u00e8re fois aurait pu la motiver surtout avec les armes offen\u00adsives qu\u2019elle poss\u00e8de dans son\u00a0jeu.\u00a0<\/p>\n<p>La seule chance de la revoir peut\u2010\u00eatre sur le circuit c\u2019est \u00e0 l\u2019US Open o\u00f9 la FFT a une invi\u00adta\u00adtion \u00e0 donner gr\u00e2ce aux accords sign\u00e9s avec la f\u00e9d\u00e9\u00adra\u00adtion am\u00e9ricaine.<\/p>\n<p class=\"post-published-date\" style=\"color: silver; font-size: 75%; text-align: left;\">Publi\u00e9 le samedi 21 juin 2025 \u00e0 09:50<\/p>\n","protected":false},"excerpt":{"rendered":"La Lyonnaise s\u2019est retir\u00e9e du tableau des quali\u00adfi\u00adca\u00adtions de Wimbledon, ce qui r\u00e9sume parfai\u00adte\u00adment son \u00e9tat d\u2019es\u00adprit et&hellip;\n","protected":false},"author":2,"featured_media":193194,"comment_status":"","ping_status":"","sticky":false,"template":"","format":"standard","meta":{"footnotes":""},"categories":[1415],"tags":[8001,1011,27,8002,60,1467],"class_list":{"0":"post-193193","1":"post","2":"type-post","3":"status-publish","4":"format-standard","5":"has-post-thumbnail","7":"category-tennis","8":"tag-cornet","9":"tag-fr","10":"tag-france","11":"tag-garcia","12":"tag-sports","13":"tag-tennis"},"share_on_mastodon":{"url":"https:\/\/pubeurope.com\/@fr\/114720807516392913","error":""},"_links":{"self":[{"href":"https:\/\/www.europesays.com\/fr\/wp-json\/wp\/v2\/posts\/193193","targetHints":{"allow":["GET"]}}],"collection":[{"href":"https:\/\/www.europesays.com\/fr\/wp-json\/wp\/v2\/posts"}],"about":[{"href":"https:\/\/www.europesays.com\/fr\/wp-json\/wp\/v2\/types\/post"}],"author":[{"embeddable":true,"href":"https:\/\/www.europesays.com\/fr\/wp-json\/wp\/v2\/users\/2"}],"replies":[{"embeddable":true,"href":"https:\/\/www.europesays.com\/fr\/wp-json\/wp\/v2\/comments?post=193193"}],"version-history":[{"count":0,"href":"https:\/\/www.europesays.com\/fr\/wp-json\/wp\/v2\/posts\/193193\/revisions"}],"wp:featuredmedia":[{"embeddable":true,"href":"https:\/\/www.europesays.com\/fr\/wp-json\/wp\/v2\/media\/193194"}],"wp:attachment":[{"href":"https:\/\/www.europesays.com\/fr\/wp-json\/wp\/v2\/media?parent=193193"}],"wp:term":[{"taxonomy":"category","embeddable":true,"href":"https:\/\/www.europesays.com\/fr\/wp-json\/wp\/v2\/categories?post=193193"},{"taxonomy":"post_tag","embeddable":true,"href":"https:\/\/www.europesays.com\/fr\/wp-json\/wp\/v2\/tags?post=193193"}],"curies":[{"name":"wp","href":"https:\/\/api.w.org\/{rel}","templated":true}]}}