{"id":193197,"date":"2025-06-21T10:11:08","date_gmt":"2025-06-21T10:11:08","guid":{"rendered":"https:\/\/www.europesays.com\/fr\/193197\/"},"modified":"2025-06-21T10:11:08","modified_gmt":"2025-06-21T10:11:08","slug":"les-crusaders-de-retour-au-sommet-les-chiefs-toujours-maudits","status":"publish","type":"post","link":"https:\/\/www.europesays.com\/fr\/193197\/","title":{"rendered":"Les Crusaders de retour au sommet, les Chiefs toujours maudits"},"content":{"rendered":"<p>La finale du Super Rugby ce samedi a vu la victoire des Crusaders face \u00e0 Waikato (16-12).<\/p>\n<p class=\"fig-paragraph\">La franchise n\u00e9o-z\u00e9landaise des Crusaders a remport\u00e9 samedi la finale du Super Rugby en battant \u00e0 domicile les Waikato Chiefs (16-12), obtenant son troisi\u00e8me troph\u00e9e en quatre ans. C&rsquo;est le premier titre de l&rsquo;\u00e9quipe bas\u00e9e \u00e0 Christchurch depuis le d\u00e9part de Scott Robertson pour devenir s\u00e9lectionneur des All Blacks en novembre 2023, et le 13e de l&rsquo;histoire de la franchise, la plus titr\u00e9e du Super Rugby. La saison derni\u00e8re, elle avait fini seulement neuvi\u00e8me de la saison r\u00e9guli\u00e8re et n&rsquo;avait pas \u00e9t\u00e9 qualifi\u00e9e pour les phases finales.<\/p>\n<p class=\"fig-paragraph\">\u00c0 l\u2019inverse, la d\u00e9faite est la troisi\u00e8me cons\u00e9cutive en finale des Chiefs, qui ont fini premier de la saison r\u00e9guli\u00e8re cette ann\u00e9e mais ont perdu un match de barrage, ce qui leur a fait perdre l&rsquo;avantage du terrain pour la finale. Emmen\u00e9e par l&rsquo;ouvreur Damian McKenzie, l&rsquo;\u00e9quipe d&rsquo;Hamilton a mieux commenc\u00e9 le match, avec un essai de George Dyer r\u00e9compensant une longue p\u00e9riode de domination (0-7, 14e) et une sup\u00e9riorit\u00e9 num\u00e9rique avec un plaquage t\u00eate contre t\u00eate du centre des Crusaders David Havili.<\/p>\n<p class=\"fig-paragraph\">Mais les Crusaders et leur armada All Blacks, dont Scott Barrett, Will Jordan, Sevu Reece ou encore le talonneur Codie Taylor, auteur du seul essai de son \u00e9quipe, sont ensuite revenus, usant notamment du jeu au pied d&rsquo;occupation qui a mis sous pression les Chiefs (13-12 \u00e0 la mi-temps). Les Crusaders ont accentu\u00e9 leur domination en seconde p\u00e9riode. En s&rsquo;appuyant sur leur pack et leur m\u00eal\u00e9e, ils ont pass\u00e9 l&rsquo;essentiel du temps dans ce deuxi\u00e8me acte dans le camp adverse, mais ont mis du temps \u00e0 concr\u00e9tiser cette domination, les seuls points intervenant alors \u00e0 moins de dix minutes du coup de sifflet final (16-12, 72e).<\/p>\n","protected":false},"excerpt":{"rendered":"La finale du Super Rugby ce samedi a vu la victoire des Crusaders face \u00e0 Waikato (16-12). La&hellip;\n","protected":false},"author":2,"featured_media":193198,"comment_status":"","ping_status":"","sticky":false,"template":"","format":"standard","meta":{"footnotes":""},"categories":[1412],"tags":[2306,525,2309,1981,2313,1089,451,814,1451,1452,1453,1454,1455,1011,27,955,2308,2311,1980,479,2259,2307,60,478,2310,2312,513],"class_list":{"0":"post-193197","1":"post","2":"type-post","3":"status-publish","4":"format-standard","5":"has-post-thumbnail","7":"category-f1","8":"tag-6-nations","9":"tag-calendrier","10":"tag-challenge-europeen","11":"tag-classement","12":"tag-clermont","13":"tag-coupe-deurope","14":"tag-coupe-du-monde","15":"tag-direct","16":"tag-f1","17":"tag-formula-1","18":"tag-formula1","19":"tag-formule-1","20":"tag-formule1","21":"tag-fr","22":"tag-france","23":"tag-match","24":"tag-pro-d2","25":"tag-racing","26":"tag-resultats","27":"tag-rugby","28":"tag-score","29":"tag-six-nations","30":"tag-sports","31":"tag-top-14","32":"tag-toulon","33":"tag-toulouse","34":"tag-xv-de-france"},"share_on_mastodon":{"url":"https:\/\/pubeurope.com\/@fr\/114720819654394247","error":""},"_links":{"self":[{"href":"https:\/\/www.europesays.com\/fr\/wp-json\/wp\/v2\/posts\/193197","targetHints":{"allow":["GET"]}}],"collection":[{"href":"https:\/\/www.europesays.com\/fr\/wp-json\/wp\/v2\/posts"}],"about":[{"href":"https:\/\/www.europesays.com\/fr\/wp-json\/wp\/v2\/types\/post"}],"author":[{"embeddable":true,"href":"https:\/\/www.europesays.com\/fr\/wp-json\/wp\/v2\/users\/2"}],"replies":[{"embeddable":true,"href":"https:\/\/www.europesays.com\/fr\/wp-json\/wp\/v2\/comments?post=193197"}],"version-history":[{"count":0,"href":"https:\/\/www.europesays.com\/fr\/wp-json\/wp\/v2\/posts\/193197\/revisions"}],"wp:featuredmedia":[{"embeddable":true,"href":"https:\/\/www.europesays.com\/fr\/wp-json\/wp\/v2\/media\/193198"}],"wp:attachment":[{"href":"https:\/\/www.europesays.com\/fr\/wp-json\/wp\/v2\/media?parent=193197"}],"wp:term":[{"taxonomy":"category","embeddable":true,"href":"https:\/\/www.europesays.com\/fr\/wp-json\/wp\/v2\/categories?post=193197"},{"taxonomy":"post_tag","embeddable":true,"href":"https:\/\/www.europesays.com\/fr\/wp-json\/wp\/v2\/tags?post=193197"}],"curies":[{"name":"wp","href":"https:\/\/api.w.org\/{rel}","templated":true}]}}