{"id":193199,"date":"2025-06-21T10:12:20","date_gmt":"2025-06-21T10:12:20","guid":{"rendered":"https:\/\/www.europesays.com\/fr\/193199\/"},"modified":"2025-06-21T10:12:20","modified_gmt":"2025-06-21T10:12:20","slug":"le-tour-de-la-haute-loire-en-30-heures-la-sapaudia-a-reussi-son-pari","status":"publish","type":"post","link":"https:\/\/www.europesays.com\/fr\/193199\/","title":{"rendered":"Le tour de la Haute-Loire en 30 heures : la Sapaudia a r\u00e9ussi son pari"},"content":{"rendered":"<p>\t\t\t\t\t\t\t\t\t\t\t\t\t\t\t\t\t\t\t\t\t\t\t\t\t\t\t\t\t\t\t\t\t\t\t\t\t\t\t\t\t\t\t\t\t\t\t\t\t\t\t\t\t\t\t\t\t\t\t\t\t\t\t<a href=\"https:\/\/www.lacommere43.fr\/component\/banners\/click\/1786.html\" target=\"_blank\" title=\"Village auto juin 2025\" rel=\"noopener\"><br \/>\n\t\t\t\t\t\t\t<img decoding=\"async\" src=\"https:\/\/www.europesays.com\/fr\/wp-content\/uploads\/2025\/06\/La_Commre_43_Pav__H600_x_L600_px_AUTO.jpg\" alt=\"Village auto juin 2025\"\/><br \/>\n\t\t\t\t\t\t<\/a><\/p>\n<p>\t\t\t\t\t\t\t\t\t\t\t\t\t\t\t\t\t\t\t\t\t\t\t\t\t\t\t\t\t\t\t\t\t\t\t\t\t\t\t\t\t\t\t\t\t\t\t\t\t\t\t\t\t\t\t\t\t\t\t\t\t\t\t<a href=\"https:\/\/www.lacommere43.fr\/component\/banners\/click\/1745.html\" target=\"_blank\" title=\"Tence Carrefour Market livraison domicile mars 2025\" rel=\"noopener\"><br \/>\n\t\t\t\t\t\t\t<img decoding=\"async\" src=\"https:\/\/www.europesays.com\/fr\/wp-content\/uploads\/2025\/04\/Livraison__Domiciecarr_.jpg\" alt=\"Tence Carrefour Market livraison domicile mars 2025\"\/><br \/>\n\t\t\t\t\t\t<\/a><\/p>\n<p><strong>Partis jeudi matin de Tence, les 150 cyclistes de la Sap&rsquo;Auvergne sont revenus au m\u00eame point vendredi en fin d&rsquo;apr\u00e8s-midi apr\u00e8s 30 heures sur leurs v\u00e9lo.<\/strong><\/p>\n<p>Un d\u00e9fi sportif et solidaire relev\u00e9 haut la main. La Sapaudia a r\u00e9ussi son challenge avec la Sap&rsquo;Auvergne, un rassemblement de cyclistes pour d\u00e9fendre la cause du handicap et du don de moelle osseuse.<\/p>\n<p>Sur tout le parcours, le peloton qui a avanc\u00e9 group\u00e9 du d\u00e9but \u00e0 la fin, a \u00e9t\u00e9 accueilli avec tous les honneurs dans chaque village. Les enfants les ont encourag\u00e9s. A Saint-Bonnet-le-Froid, les casseroles \u00e9taient de sortie pour un v\u00e9ritable tintamarre joyeux.<\/p>\n<p>Ereint\u00e9s mais ravis, les 150 participants, en v\u00e9lo solo ou en tandem, ont ralli\u00e9 vendredi Tence d&rsquo;o\u00f9 ils \u00e9taient partis la veille, apr\u00e8s un p\u00e9riple de 400 km, \u00e0 une moyenne de 20 km\/h, sous un cagnard usant pour les organismes.<\/p>\n","protected":false},"excerpt":{"rendered":"Partis jeudi matin de Tence, les 150 cyclistes de la Sap&rsquo;Auvergne sont revenus au m\u00eame point vendredi en&hellip;\n","protected":false},"author":2,"featured_media":193200,"comment_status":"","ping_status":"","sticky":false,"template":"","format":"standard","meta":{"footnotes":""},"categories":[1411],"tags":[2281,1154,207,2282,1011,27,2280,2284,2285,2283,60],"class_list":{"0":"post-193199","1":"post","2":"type-post","3":"status-publish","4":"format-standard","5":"has-post-thumbnail","7":"category-cyclisme","8":"tag-actualite-43","9":"tag-cycling","10":"tag-cyclisme","11":"tag-faits-divers-auvergne","12":"tag-fr","13":"tag-france","14":"tag-information-haute-loire","15":"tag-infos-43","16":"tag-journal-haute-loire","17":"tag-la-commere-43","18":"tag-sports"},"share_on_mastodon":{"url":"https:\/\/pubeurope.com\/@fr\/114720823540914086","error":""},"_links":{"self":[{"href":"https:\/\/www.europesays.com\/fr\/wp-json\/wp\/v2\/posts\/193199","targetHints":{"allow":["GET"]}}],"collection":[{"href":"https:\/\/www.europesays.com\/fr\/wp-json\/wp\/v2\/posts"}],"about":[{"href":"https:\/\/www.europesays.com\/fr\/wp-json\/wp\/v2\/types\/post"}],"author":[{"embeddable":true,"href":"https:\/\/www.europesays.com\/fr\/wp-json\/wp\/v2\/users\/2"}],"replies":[{"embeddable":true,"href":"https:\/\/www.europesays.com\/fr\/wp-json\/wp\/v2\/comments?post=193199"}],"version-history":[{"count":0,"href":"https:\/\/www.europesays.com\/fr\/wp-json\/wp\/v2\/posts\/193199\/revisions"}],"wp:featuredmedia":[{"embeddable":true,"href":"https:\/\/www.europesays.com\/fr\/wp-json\/wp\/v2\/media\/193200"}],"wp:attachment":[{"href":"https:\/\/www.europesays.com\/fr\/wp-json\/wp\/v2\/media?parent=193199"}],"wp:term":[{"taxonomy":"category","embeddable":true,"href":"https:\/\/www.europesays.com\/fr\/wp-json\/wp\/v2\/categories?post=193199"},{"taxonomy":"post_tag","embeddable":true,"href":"https:\/\/www.europesays.com\/fr\/wp-json\/wp\/v2\/tags?post=193199"}],"curies":[{"name":"wp","href":"https:\/\/api.w.org\/{rel}","templated":true}]}}