{"id":193205,"date":"2025-06-21T10:15:10","date_gmt":"2025-06-21T10:15:10","guid":{"rendered":"https:\/\/www.europesays.com\/fr\/193205\/"},"modified":"2025-06-21T10:15:10","modified_gmt":"2025-06-21T10:15:10","slug":"a-saint-germain-des-pres-lappartement-chaleureux-dun-designer-inspire","status":"publish","type":"post","link":"https:\/\/www.europesays.com\/fr\/193205\/","title":{"rendered":"\u00c0 Saint-Germain-des-Pr\u00e9s, l\u2019appartement chaleureux d\u2019un designer inspir\u00e9"},"content":{"rendered":"<p>\u00ab Designer de formation, je travaille sur le mobilier, les objets et les arts d\u00e9coratifs. L\u2019architecture d\u2019int\u00e9rieur est une \u00e9chelle diff\u00e9rente, qui est un exercice que j&rsquo;ai aim\u00e9 pratiquer pour la premi\u00e8re fois \u00e0 l\u2019occasion de l&rsquo;acquisition de cet appartement avec ma compagne, confie Nathan Baraness. Je me suis donc lanc\u00e9 sur le tas, de fa\u00e7on didactique, et paradoxalement, le changement d\u2019\u00e9chelle m\u2019a fait para\u00eetre les choses de fa\u00e7on beaucoup plus simple. \u00bb Parisien du 7e arrondissement, c\u2019est un r\u00eave inesp\u00e9r\u00e9 pour le designer de trouver un appartement rue Jacob, dans le quartier de <a href=\"https:\/\/www.admagazine.fr\/article\/saint-germain-des-pres-appartement-parisien\" target=\"_blank\" rel=\"noopener\">Saint-Germain-des-Pr\u00e9s<\/a>, \u00e0 charge pour lui d\u2019en faire un projet \u00e0 son image en y d\u00e9veloppant un \u00e9rudit mix des mati\u00e8res \u2013 sa recette pour parvenir \u00e0 une ambiance qui lui ressemble. \u00ab Pour moi, l&rsquo;architecture d\u2019int\u00e9rieur est comme une recette de cuisine, avec le bon \u00e9quilibre entre les textures et les couleurs, des objets modernes avec d\u2019autres plus patin\u00e9s qui donnent leur \u00e2me au lieu\u2026 \u00bb Bas de plafond avec des murs pas droits, des poutres \u00e0 mettre au jour et des tomettes dans la cuisine, c\u2019est l\u2019arch\u00e9type de l\u2019appartement du <a href=\"https:\/\/www.admagazine.fr\/article\/appartement-doux-et-brutaliste-quartier-latin\" target=\"_blank\" rel=\"noopener\">Quartier latin<\/a>, un peu difficile \u00e0 vivre, tout en petits espaces \u00e9triqu\u00e9s et pas forc\u00e9ment confortable auquel Nathan Baraness doit appliquer \u00ab sa \u00bb recette pour lui redonner vie.<\/p>\n<p>Autour d&rsquo;une table basse en loupe vernie TRV de Willy Rizzo, 1970, un canap\u00e9 en velours Camaleonda (B&amp;B Italia). Derri\u00e8re, une banquette sur mesure en velours (Pierre Frey) et, sur un gu\u00e9ridon en inox chrom\u00e9 et verre E-1027 d&rsquo;Eileen Gray, 1927 (ClassiCon), une sculpture en plomb de Robert Couturier, Dos d\u2019une blonde, 1983 (Courtesy Galerie Dina Vierny). Dans la niche, une lampe Mojave de Nathan Baraness et Maryna Dague (Ligne Roset). Au mur, une applique en acier noir et verre opalin Hanging n\u00b02 de Muller Van Severen (Valerie Objects). Tapis en laine All Hands de Giancarlo Valle (Nordic Knots).<\/p>\n<p>Matteo Verzini<\/p>\n<p><strong>La patine des mati\u00e8res\u2026 et du temps<\/strong><\/p>\n<p>Cette r\u00e9interpr\u00e9tation moderne d\u00e9bute par la cuisine, dans laquelle le designer remplace les tomettes par un sol en <a href=\"https:\/\/www.admagazine.fr\/article\/tendances-murales-automne-porcelanosa\" target=\"_blank\" rel=\"noopener\">pierre<\/a> de Bourgogne et cabochons en pierre bleue du Hainaut qu\u2019il \u00e9quilibre avec des fa\u00e7ades en noyer et un grand plan de travail en marbre Rosso Levanto vein\u00e9. Devant une tablette, clin d&rsquo;\u0153il \u00e0 celles que pouvaient int\u00e9grer Charlotte Perriand ou Le Corbusier dans leurs projets, une chaise Leggera de <a href=\"https:\/\/www.admagazine.fr\/article\/jeunes-talents-design-italien\" target=\"_blank\" rel=\"noopener\">Gio Ponti<\/a> : \u00ab J&rsquo;accorde beaucoup de valeur \u00e0 un objet, m\u00eame industriel, parce que je reconnais tout le travail du designer derri\u00e8re. \u00bb Ainsi dans le salon, un petit fauteuil en cuir de Pierre Lottier \u2013 \u00ab un \u00e9b\u00e9niste des ann\u00e9es 1940-50, qui fait partie de ces visages que j&rsquo;essaie d&rsquo;inscrire un peu dans cet appartement \u00bb \u2013 dialogue avec un porte-revues de Giotto Stoppino de 1971 quand un parquet en chevron et une chemin\u00e9e d\u2019origine en marbre noir signent une base plus classique qu\u2019un grand tapis dessin\u00e9 par Giancarlo Valle vient animer. Dans la chambre, un tissu mural habille la <a href=\"https:\/\/www.admagazine.fr\/article\/astuces-niches-petit-espace\" target=\"_blank\" rel=\"noopener\">niche<\/a> de lit et les grands placards dans deux tonalit\u00e9s diff\u00e9rentes. Pour le reste, le blanc domine sur les murs de l\u2019appartement, exception faite de la salle \u00e0 manger et de la salle de bains. Dans la premi\u00e8re, un soubassement en bois peint en orange p\u00e2le soulign\u00e9 par un liser\u00e9 en ch\u00eane verni et une banquette sur-mesure en velours jaune solaire cr\u00e9ent des motifs g\u00e9om\u00e9triques directement inspir\u00e9s des \u0153uvres de Mondrian. La seconde, tout en contrastes de mati\u00e8res et de lignes, joue sur son soubassement habill\u00e9 de carreaux de c\u00e9ramique noirs brillants qui dialogue avec une mosa\u00efque motif pied-de-poule quand la douche est en all-over de mosa\u00efque verte inspir\u00e9e des hammams. Une corniche victorienne souligne discr\u00e8tement les contours de la <a href=\"https:\/\/www.admagazine.fr\/article\/petites-salles-bains-dictent-codes-decoration\" target=\"_blank\" rel=\"noopener\">pi\u00e8ce<\/a>. Sur un pan de mur, une \u0153uvre de Marcel Duchamp surplombe une chaise \u00ab coin de feu \u00bb en paille tress\u00e9e. Dans le salon, des ouvertures murales, une soulign\u00e9e de noyer donnant sur l\u2019entr\u00e9e, l\u2019autre encadr\u00e9e de travertin, ouvrant sur la cuisine, font autant circuler la lumi\u00e8re que le regard comme des perc\u00e9es qui ouvrent sur une fa\u00e7on de vivre o\u00f9 l\u2019on n\u2019est jamais dans une pi\u00e8ce sans \u00eatre dans l\u2019autre, o\u00f9 l\u2019on voit les invit\u00e9s arriver depuis le salon et o\u00f9 l\u2019on suit la conversation depuis la cuisine.<\/p>\n","protected":false},"excerpt":{"rendered":"\u00ab Designer de formation, je travaille sur le mobilier, les objets et les arts d\u00e9coratifs. L\u2019architecture d\u2019int\u00e9rieur est&hellip;\n","protected":false},"author":2,"featured_media":193206,"comment_status":"","ping_status":"","sticky":false,"template":"","format":"standard","meta":{"footnotes":""},"categories":[1358],"tags":[10099,1348,1384,1385,1386,58,59,1011,27,33199],"class_list":{"0":"post-193205","1":"post","2":"type-post","3":"status-publish","4":"format-standard","5":"has-post-thumbnail","7":"category-arts-et-design","8":"tag-appartement-parisien","9":"tag-arts","10":"tag-arts-and-design","11":"tag-arts-et-design","12":"tag-design","13":"tag-divertissement","14":"tag-entertainment","15":"tag-fr","16":"tag-france","17":"tag-saint-germai-des-pres"},"share_on_mastodon":{"url":"https:\/\/pubeurope.com\/@fr\/114720835013873802","error":""},"_links":{"self":[{"href":"https:\/\/www.europesays.com\/fr\/wp-json\/wp\/v2\/posts\/193205","targetHints":{"allow":["GET"]}}],"collection":[{"href":"https:\/\/www.europesays.com\/fr\/wp-json\/wp\/v2\/posts"}],"about":[{"href":"https:\/\/www.europesays.com\/fr\/wp-json\/wp\/v2\/types\/post"}],"author":[{"embeddable":true,"href":"https:\/\/www.europesays.com\/fr\/wp-json\/wp\/v2\/users\/2"}],"replies":[{"embeddable":true,"href":"https:\/\/www.europesays.com\/fr\/wp-json\/wp\/v2\/comments?post=193205"}],"version-history":[{"count":0,"href":"https:\/\/www.europesays.com\/fr\/wp-json\/wp\/v2\/posts\/193205\/revisions"}],"wp:featuredmedia":[{"embeddable":true,"href":"https:\/\/www.europesays.com\/fr\/wp-json\/wp\/v2\/media\/193206"}],"wp:attachment":[{"href":"https:\/\/www.europesays.com\/fr\/wp-json\/wp\/v2\/media?parent=193205"}],"wp:term":[{"taxonomy":"category","embeddable":true,"href":"https:\/\/www.europesays.com\/fr\/wp-json\/wp\/v2\/categories?post=193205"},{"taxonomy":"post_tag","embeddable":true,"href":"https:\/\/www.europesays.com\/fr\/wp-json\/wp\/v2\/tags?post=193205"}],"curies":[{"name":"wp","href":"https:\/\/api.w.org\/{rel}","templated":true}]}}