{"id":19321,"date":"2025-04-12T07:15:09","date_gmt":"2025-04-12T07:15:09","guid":{"rendered":"https:\/\/www.europesays.com\/fr\/19321\/"},"modified":"2025-04-12T07:15:09","modified_gmt":"2025-04-12T07:15:09","slug":"nouveau-bond-technologique-pour-chatgpt-voici-ce-quon-sait-sur-la-prochaine-mise-a-jour","status":"publish","type":"post","link":"https:\/\/www.europesays.com\/fr\/19321\/","title":{"rendered":"Nouveau bond technologique pour ChatGPT ? Voici ce qu\u2019on sait sur la prochaine mise \u00e0 jour"},"content":{"rendered":"<p>Apr\u00e8s avoir lanc\u00e9 son nouveau g\u00e9n\u00e9rateur (et g\u00e9r\u00e9 le trafic qui a \u00e9t\u00e9 g\u00e9n\u00e9r\u00e9 par cette nouveaut\u00e9), OpenAI travaille d\u00e9sormais sur ses prochains mod\u00e8les d\u2019IA. R\u00e9cemment, Sam Altman, le CEO d\u2019OpenAI, a indiqu\u00e9 que, dans quelques semaines, l\u2019entreprise lancera les mod\u00e8les o3 et o4-mini. Mais en plus de ces deux nouveaux mod\u00e8les de raisonnements, qui devraient servir \u00e0 r\u00e9soudre des probl\u00e8mes complexes, OpenAI pr\u00e9parerait aussi une mise \u00e0 jour de l\u2019intelligence artificielle de base de <a href=\"https:\/\/www.presse-citron.net\/telecharger\/intelligence-artificielle\/chat-gpt.html\" target=\"_blank\" rel=\"noopener\">ChatGPT<\/a>.<\/p>\n<p> GPT-4.1\u00a0? <\/p>\n<p>Actuellement, pour la majorit\u00e9 des t\u00e2ches, ChatGPT utilise le mod\u00e8le GPT-4o, par d\u00e9faut. Pour rappel, il s\u2019agit d\u2019une mise \u00e0 jour de GPT-4, lanc\u00e9e en 2024, qui dispose de fonctionnalit\u00e9s multimodales (la capacit\u00e9 de traiter nativement du texte, mais aussi de l\u2019audio et des images). Mais, apparemment, GPT-4o pourrait bient\u00f4t \u00eatre remplac\u00e9 par un nouveau mod\u00e8le appel\u00e9 GPT-4.1. Celui-ci n\u2019a pas \u00e9t\u00e9 annonc\u00e9 par l\u2019entreprise. Mais d\u2019apr\u00e8s un article de The Verge, qui cite des sources proches du dossier, le lancement de GPT-4.1 pourrait \u00eatre imminent.<\/p>\n<p>Malheureusement, le m\u00e9dia ne fournit pas beaucoup de d\u00e9tails. Mais on peut supposer que GPT-4.1 devrait \u00eatre une version am\u00e9lior\u00e9e de GPT-4o pour g\u00e9rer les t\u00e2ches courantes et multimodales sur ChatGPT. Comme d\u2019habitude, la prudence est de mise, puisque l\u2019info ne provient pas d\u2019une source officielle. N\u00e9anmoins, on peut toujours esp\u00e9rer que GPT-4.1 soit lanc\u00e9 avec la prochaine vague de mod\u00e8les d\u2019IA d\u2019OpenAI.<\/p>\n<p> En attendant l\u2019arriv\u00e9e de GPT-5\u00a0? <\/p>\n<p>En tout cas, il ne faudrait pas s\u2019attendre \u00e0 une transformation radicale, si OpenAI lance le mod\u00e8le GPT-4.1. En effet, il est plus probable que la plupart des nouveaut\u00e9s du laboratoire d\u2019IA arrivent sur GPT-5. Pour rappel, ce projet a d\u00e9j\u00e0 \u00e9t\u00e9 officialis\u00e9 par OpenAI. Et Sam Altman a annonc\u00e9 que GPT-5 sera lanc\u00e9 dans quelques mois. Ainsi, si OpenAI pr\u00e9pare le mod\u00e8le GPT-4.1 comme l\u2019\u00e9voquent nos confr\u00e8res de The Verge, il pourrait s\u2019agir d\u2019une mise \u00e0 jour interm\u00e9diaire, en attendant GPT-5.<\/p>\n<p>En tout cas, OpenAI est oblig\u00e9 de mettre \u00e0 jour r\u00e9guli\u00e8rement ses produits pour rester comp\u00e9titif, face \u00e0 des g\u00e9ants de la tech comme Google ou Meta, et face aux startups comme Anthropic ou Mistral. En effet, ces concurrents sortent aussi r\u00e9guli\u00e8rement de nouveaux mod\u00e8les d\u2019IA. Meta a r\u00e9cemment lanc\u00e9 Llama 4 et Google <a href=\"https:\/\/www.presse-citron.net\/lia-la-plus-intelligente-de-google-est-disponible-gratuitement-comment-en-profiter\/\" target=\"_blank\" rel=\"noopener\">propose gratuitement son mod\u00e8le d\u2019IA le plus puissant \u00e0 ce jour.<\/a><\/p>\n<ul class=\"tldr\">\n<li>Sam Altman a r\u00e9cemment indiqu\u00e9 qu\u2019OpenAI lancera deux nouveaux mod\u00e8les de raisonnement dans quelques semaines\u00a0: o4-mini et o3<\/li>\n<li>D\u2019apr\u00e8s les sources de The Verge, celui-ci s\u2019appr\u00eaterait aussi \u00e0 lancer GPT-4.1<\/li>\n<li>Il s\u2019agirait d\u2019une am\u00e9lioration du mod\u00e8le d\u2019IA de base de ChatGPT, pour les t\u00e2ches courantes<\/li>\n<li>Mais un mod\u00e8le plus puissant, GPT-5, est d\u00e9j\u00e0 pr\u00e9vu pour les prochains mois<\/li>\n<\/ul>\n<blockquote>\n<p class=\"text-base text-neutral-700 dark:text-neutral-300\">\ud83d\udccd Pour ne manquer aucune actualit\u00e9 de Presse-citron, suivez-nous sur <a href=\"https:\/\/news.google.com\/publications\/CAAqBggKMIPiNTC70wU?hl=fr&amp;gl=FR&amp;ceid=FR%3Afr\" target=\"_blank\" rel=\"noopener\">Google Actualit\u00e9s<\/a> et <a href=\"https:\/\/whatsapp.com\/channel\/0029VaCkGuz4NViitBXbEr0b\" target=\"_blank\" rel=\"noopener\">WhatsApp<\/a>.<\/p>\n<\/blockquote>\n","protected":false},"excerpt":{"rendered":"Apr\u00e8s avoir lanc\u00e9 son nouveau g\u00e9n\u00e9rateur (et g\u00e9r\u00e9 le trafic qui a \u00e9t\u00e9 g\u00e9n\u00e9r\u00e9 par cette nouveaut\u00e9), OpenAI&hellip;\n","protected":false},"author":2,"featured_media":19322,"comment_status":"","ping_status":"","sticky":false,"template":"","format":"standard","meta":{"footnotes":""},"categories":[7],"tags":[141,1011,27,43,40,41,39,42,44],"class_list":{"0":"post-19321","1":"post","2":"type-post","3":"status-publish","4":"format-standard","5":"has-post-thumbnail","7":"category-sciences-et-technologies","8":"tag-chatgpt","9":"tag-fr","10":"tag-france","11":"tag-science","12":"tag-science-and-technology","13":"tag-sciences","14":"tag-sciences-et-technologies","15":"tag-technologies","16":"tag-technology"},"share_on_mastodon":{"url":"https:\/\/pubeurope.com\/@fr\/114323765595751002","error":""},"_links":{"self":[{"href":"https:\/\/www.europesays.com\/fr\/wp-json\/wp\/v2\/posts\/19321","targetHints":{"allow":["GET"]}}],"collection":[{"href":"https:\/\/www.europesays.com\/fr\/wp-json\/wp\/v2\/posts"}],"about":[{"href":"https:\/\/www.europesays.com\/fr\/wp-json\/wp\/v2\/types\/post"}],"author":[{"embeddable":true,"href":"https:\/\/www.europesays.com\/fr\/wp-json\/wp\/v2\/users\/2"}],"replies":[{"embeddable":true,"href":"https:\/\/www.europesays.com\/fr\/wp-json\/wp\/v2\/comments?post=19321"}],"version-history":[{"count":0,"href":"https:\/\/www.europesays.com\/fr\/wp-json\/wp\/v2\/posts\/19321\/revisions"}],"wp:featuredmedia":[{"embeddable":true,"href":"https:\/\/www.europesays.com\/fr\/wp-json\/wp\/v2\/media\/19322"}],"wp:attachment":[{"href":"https:\/\/www.europesays.com\/fr\/wp-json\/wp\/v2\/media?parent=19321"}],"wp:term":[{"taxonomy":"category","embeddable":true,"href":"https:\/\/www.europesays.com\/fr\/wp-json\/wp\/v2\/categories?post=19321"},{"taxonomy":"post_tag","embeddable":true,"href":"https:\/\/www.europesays.com\/fr\/wp-json\/wp\/v2\/tags?post=19321"}],"curies":[{"name":"wp","href":"https:\/\/api.w.org\/{rel}","templated":true}]}}