{"id":193213,"date":"2025-06-21T10:19:09","date_gmt":"2025-06-21T10:19:09","guid":{"rendered":"https:\/\/www.europesays.com\/fr\/193213\/"},"modified":"2025-06-21T10:19:09","modified_gmt":"2025-06-21T10:19:09","slug":"28-ans-plus-tard-un-film-sauvage-sanglant-et-etonnamment-emouvant-signe-danny-boyle-rts-ch","status":"publish","type":"post","link":"https:\/\/www.europesays.com\/fr\/193213\/","title":{"rendered":"\u00ab\u00a028 ans plus tard\u00a0\u00bb, un film sauvage, sanglant et \u00e9tonnamment \u00e9mouvant sign\u00e9 Danny Boyle &#8211; rts.ch"},"content":{"rendered":"<p>Apr\u00e8s \u00ab\u00a028 jours plus tard\u00a0\u00bb et \u00ab\u00a028 semaines plus tard\u00a0\u00bb, l&rsquo;Angleterre est toujours sous quarantaine, ravag\u00e9e par un virus qui transforme ses habitants en monstres enrag\u00e9s. Un film de survie horrifique o\u00f9 un jeune gar\u00e7on tourne le dos \u00e0 une logique perp\u00e9tuelle de haine et de mort.<\/p>\n<p>Plusieurs bambins regardent, terroris\u00e9s, un \u00e9pisode des T\u00e9l\u00e9tubbies dans une pi\u00e8ce calfeutr\u00e9e. Dehors, des infect\u00e9s se d\u00e9cha\u00eenent et finissent par p\u00e9n\u00e9trer. Le carnage n\u2019\u00e9pargne qu\u2019un gar\u00e7on qui parvient \u00e0 s\u2019enfuir et chercher refuge aupr\u00e8s de son p\u00e8re, pasteur d\u2019une petite \u00e9glise. Mais ce dernier accueille avec une joie extatique une horde d\u2019infect\u00e9s comme le signe du Jugement Dernier, avant que son fils ne s\u2019\u00e9chappe de justesse.<\/p>\n<p>Etrange entr\u00e9e en mati\u00e8re pour ce \u00ab\u00a028 ans plus tard\u00a0\u00bb, qui repose les bases de son univers. L&rsquo;Angleterre a \u00e9t\u00e9 ravag\u00e9e par un virus de la rage \u00e9chapp\u00e9 d\u2019un laboratoire. Hors 28 ans apr\u00e8s, le virus a \u00e9t\u00e9 \u00e9radiqu\u00e9 d\u2019Europe. Mais l\u2019Angleterre reste une zone de quarantaine o\u00f9 les survivants sont livr\u00e9s \u00e0 leur sort et o\u00f9 les infect\u00e9s ont mut\u00e9. Le r\u00e9cit s\u2019int\u00e9resse d\u00e8s lors \u00e0 une communaut\u00e9 qui survit sur une \u00eele aux abords du continent.<\/p>\n<p>Un gamin, Spike, s\u2019appr\u00eate \u00e0 partir avec son p\u00e8re pour tuer ses premiers infect\u00e9s dans une for\u00eat non loin de leur village. L\u2019apprentissage ne se passe pas comme pr\u00e9vu. Spike peine \u00e0 s\u2019imposer comme le chasseur que son p\u00e8re voudrait qu\u2019il soit. Et une fois revenu chez eux, le fils rejette la logique belliqueuse et mensong\u00e8re de son paternel pour emmener sa m\u00e8re, atteinte d\u2019une maladie \u00e9trange, retrouver un myst\u00e9rieux m\u00e9decin dans l\u2019espoir de la soigner.<\/p>\n<p>Contenu externe<\/p>\n<p> Ce contenu externe ne peut pas \u00eatre affich\u00e9 car il est susceptible de collecter des donn\u00e9es personnelles. Pour voir ce contenu vous devez autoriser la cat\u00e9gorie <strong>R\u00e9seaux sociaux<\/strong>. <\/p>\n<p> Accepter Plus d&rsquo;info <\/p>\n<p>    La haine et la violence<\/p>\n<p>Enti\u00e8rement focalis\u00e9 sur le point de vue de ce jeune enfant, \u00ab\u00a028 ans plus tard\u00a0\u00bb reprend les codes esth\u00e9tiques des premiers volets, cumulant les sc\u00e8nes d\u2019attaques d\u2019infect\u00e9s tourn\u00e9es dans un style \u00e9pileptique et tr\u00e8s gore. Si l\u2019on craint une resuc\u00e9e sans v\u00e9ritable enjeu, le film propose rapidement bien plus qu\u2019une \u00e9ni\u00e8me histoire de survie et s\u2019oriente vers un authentique r\u00e9cit initiatique, observant la mue de Spike selon deux parties tr\u00e8s distinctes.<\/p>\n<p>La premi\u00e8re, domin\u00e9e par la logique masculine (pour ne pas dire patriarcale), convoque un po\u00e8me de Rudyard Kipling encourageant les jeunes soldats \u00e0 marcher vers le combat. Danny Boyle utilise m\u00eame des images, r\u00e9elles et fictionnelles, de conflits arm\u00e9s pour critiquer cette logique s\u00e9culaire d\u2019une humanit\u00e9 d\u00e9termin\u00e9e par la haine de l\u2019autre, la violence et la mort.<\/p>\n<p>Et entre le p\u00e8re de Spike et celui qu\u2019il nomme l\u2019Alpha, sorte de m\u00e2le dominant qui commande un groupe d\u2019infect\u00e9s r\u00e9duits \u00e0 un \u00e9tat primitif, le cin\u00e9aste ne pose pas beaucoup de diff\u00e9rences, trouvant dans le format large de son image et le sc\u00e9nario plus complexe d\u2019Alex Garland un souffle in\u00e9dit.<\/p>\n<p>L\u2019amour et le deuil<\/p>\n<p>Un souffle qui prend toute son ampleur dans la seconde partie, p\u00e9riple plus calme et apais\u00e9, au c\u0153ur d\u2019une nature splendide, o\u00f9 Spike et sa m\u00e8re trouvent ce docteur qui passe son temps \u00e0 incin\u00e9rer les cadavres pour les besoins d\u2019un ossuaire somptueux. Un docteur qui a compris que massacrer les infect\u00e9s n\u2019est plus une solution et qui r\u00e9v\u00e8le \u00e0 Spike les socles primordiaux de notre humanit\u00e9: la cohabitation, l\u2019acceptation de la mort et la n\u00e9cessit\u00e9 de se souvenir des gens que l\u2019on a aim\u00e9s.<\/p>\n<p>C\u2019est alors que le film nous saisit d\u2019une \u00e9motion inattendue, emportant son h\u00e9ros sur une route qu\u2019il va devoir emprunter seul. Une route qui s\u2019ach\u00e8ve ici par une r\u00e9f\u00e9rence jubilatoire \u00e0 \u00ab\u00a0Orange m\u00e9canique\u00a0\u00bb, porte ouverte \u00e0 un futur volet promettant d\u2019explorer davantage un univers dont on a per\u00e7u ici la pointe immerg\u00e9e et passionnante.\u00a0<\/p>\n<p class=\"sources\">Rafael Wolf\/sc<\/p>\n<p class=\"article-footnote\">\u00ab\u00a028 ans plus tard\u00a0\u00bb de Danny Boyle, avec Jodie Comer, Aaron Taylor-Johnson, Ralph Fiennes. A voir dans les salles romandes depuis le 18 juin 2025.<\/p>\n","protected":false},"excerpt":{"rendered":"Apr\u00e8s \u00ab\u00a028 jours plus tard\u00a0\u00bb et \u00ab\u00a028 semaines plus tard\u00a0\u00bb, l&rsquo;Angleterre est toujours sous quarantaine, ravag\u00e9e par un&hellip;\n","protected":false},"author":2,"featured_media":193214,"comment_status":"","ping_status":"","sticky":false,"template":"","format":"standard","meta":{"footnotes":""},"categories":[1354],"tags":[4708,1693,650,33200,3983,58,59,2081,1346,1011,27,32739,33201,33202,1360,6552,33203,13846,71,33204,1969,5336],"class_list":{"0":"post-193213","1":"post","2":"type-post","3":"status-publish","4":"format-standard","5":"has-post-thumbnail","7":"category-films","8":"tag-angleterre","9":"tag-arts-et-divertissement","10":"tag-cinema","11":"tag-danny-boyle","12":"tag-deces","13":"tag-divertissement","14":"tag-entertainment","15":"tag-film","16":"tag-films","17":"tag-fr","18":"tag-france","19":"tag-haine","20":"tag-maladies-contagieuses","21":"tag-maladies-et-etat-de-sante","22":"tag-movies","23":"tag-pere","24":"tag-quarantaine","25":"tag-ralph-fiennes","26":"tag-sante","27":"tag-spike","28":"tag-style","29":"tag-virus"},"share_on_mastodon":{"url":"https:\/\/pubeurope.com\/@fr\/114720850800324522","error":""},"_links":{"self":[{"href":"https:\/\/www.europesays.com\/fr\/wp-json\/wp\/v2\/posts\/193213","targetHints":{"allow":["GET"]}}],"collection":[{"href":"https:\/\/www.europesays.com\/fr\/wp-json\/wp\/v2\/posts"}],"about":[{"href":"https:\/\/www.europesays.com\/fr\/wp-json\/wp\/v2\/types\/post"}],"author":[{"embeddable":true,"href":"https:\/\/www.europesays.com\/fr\/wp-json\/wp\/v2\/users\/2"}],"replies":[{"embeddable":true,"href":"https:\/\/www.europesays.com\/fr\/wp-json\/wp\/v2\/comments?post=193213"}],"version-history":[{"count":0,"href":"https:\/\/www.europesays.com\/fr\/wp-json\/wp\/v2\/posts\/193213\/revisions"}],"wp:featuredmedia":[{"embeddable":true,"href":"https:\/\/www.europesays.com\/fr\/wp-json\/wp\/v2\/media\/193214"}],"wp:attachment":[{"href":"https:\/\/www.europesays.com\/fr\/wp-json\/wp\/v2\/media?parent=193213"}],"wp:term":[{"taxonomy":"category","embeddable":true,"href":"https:\/\/www.europesays.com\/fr\/wp-json\/wp\/v2\/categories?post=193213"},{"taxonomy":"post_tag","embeddable":true,"href":"https:\/\/www.europesays.com\/fr\/wp-json\/wp\/v2\/tags?post=193213"}],"curies":[{"name":"wp","href":"https:\/\/api.w.org\/{rel}","templated":true}]}}