{"id":193215,"date":"2025-06-21T10:20:07","date_gmt":"2025-06-21T10:20:07","guid":{"rendered":"https:\/\/www.europesays.com\/fr\/193215\/"},"modified":"2025-06-21T10:20:07","modified_gmt":"2025-06-21T10:20:07","slug":"moustique-tigre-97-de-la-population-en-paca-en-contact-avec-le-nuisible-comment-expliquer-cette-surexposition-la-provence","status":"publish","type":"post","link":"https:\/\/www.europesays.com\/fr\/193215\/","title":{"rendered":"Moustique tigre : 97% de la population en Paca en contact avec le nuisible, comment expliquer cette surexposition ? &#8211; La Provence"},"content":{"rendered":"<ol>\n<li><a href=\"https:\/\/news.google.com\/rss\/articles\/CBMi_gFBVV95cUxQaUtFWmdwZ1Y0U01TdkpYbDFiTmthems1OEZFQXlhNXFma1RVSjZRNUhaR3NBSnJ0NDBDa3ZzQ2puSE93UXh4a0N2VDJSTnJuQlhRa19uVGFfbnFlaXNCektvZFA4UWxrV0lKZWc5b1BuVUd2ZHRBR1RkYzdTQmppazJieXF6Q042ekJJN3B0bDBzVWJjWG5lVHIwekU3UUpNM0stRUxYZWM4WkYtcTBVOVpKYkxKZWJIZHU3OEJEVHlIelZfdkhySHJIajJZSWZDU1JNaDNXX0F3WEdqeFMyazlPc0xfT2hsVV83aVVQLUR0OEUtc0p4OEVTQXpLUQ?oc=5\" target=\"_blank\" rel=\"nofollow noopener\">Moustique tigre : 97% de la population en Paca en contact avec le nuisible, comment expliquer cette surexposition ?<\/a>&nbsp;&nbsp;La Provence<\/li>\n<li><a href=\"https:\/\/news.google.com\/rss\/articles\/CBMiyAFBVV95cUxPZGNBeDJRYzRBZVc5VHpPTTFvQlBzLU14Yno1akVPYWZlSVVUREkySGFSREJqZTlvY0N5ZDhqN21iMUR4OUxYUjNTb01MX0RiTUZaZDZfQ2pNeVMtbTU3bzZZd2tMb3pLN2NGZFVtZFFDY2tzVnpyNmI1UF8ycnQ4Q3c3aDRfaGtyMFFqeXZaQUZEM0pKTDZjb0Myak45YXJ3V2FQQjR1Q0t6V1lzZWdBU3BNbDdMS2didmRNeU5PS29NdVkwZjZ6Rg?oc=5\" target=\"_blank\" rel=\"nofollow noopener\">Antimoustiques : le classement des meilleurs produits selon \u201c60 Millions de consommateurs\u201d<\/a>&nbsp;&nbsp;Sud Ouest<\/li>\n<li><a href=\"https:\/\/news.google.com\/rss\/articles\/CBMivgFBVV95cUxQazVxdU1mY0I0eWRNUDI2RUVRNk54TUMxQXVCQ1RMaXpjQXQtYWlVRWZLekpac1pQR3VzdGFFb1drd280WlZqcFROMm9wWnhMZVRBeG9wYW56RHBRX0xyN1V2LWRScWw3czQycTNPcVNhRnZuNkFZeklhNk42Z3QzUm1Gbzlrc25NdGJja3BxWUhSTFpmdFhPdmJUOG94bnIwaFlfMFpadk9lZVZnUUxwa3c2RVJzTnJqdkJJNTd3?oc=5\" target=\"_blank\" rel=\"nofollow noopener\">Mission info &#8211; Pourquoi le moustique tigre inqui\u00e8te-t-il ?, \u00e0 la tv<\/a>&nbsp;&nbsp;Linternaute.com<\/li>\n<li><a href=\"https:\/\/news.google.com\/rss\/articles\/CBMi7wFBVV95cUxNdFBMdlRwdk9rOTRMSUROcmRDMjZPQzFQbUpBdVRJR2ZCWExFZEhETzJ3NFUxTGdiVXUtc3BhQ29aZTVvWTBRZVZtWW9oZjRweEd3dXRVNDU4Q21CN05CcFQxYzlQUW9Fbk42R21fSEZ6ZkNTQ2t1VkN5MmpMYk9ybldpak9yeG9ETm5ZMHNmc3dpSVd3cnV4M1dSVUxBLV9fUDRFYXFtTTBDaEp2LW9qYUFzTUo3TExUZ3dfU21lMTZtQk1tLWR6ajJqZ3N2V0NNSkdqd0pSRTRjLTFvOTdTbGdIbzNCRHdPeS0tUlVkWQ?oc=5\" target=\"_blank\" rel=\"nofollow noopener\">Anti-moustiques, voici les produits vraiment efficaces selon 60 Millions de consommateurs<\/a>&nbsp;&nbsp;Doctissimo<\/li>\n<li><a href=\"https:\/\/news.google.com\/rss\/articles\/CBMiuAFBVV95cUxPaTh1SGZ4eC1GVWdiWkhuMDBPX3BhQ05IbEs4QWd5M3dOZ09qQlRPWU00aXBrNFd0ZkxDUk5OWFBjTFpIZlFJcU9FRTFwZWFkUDdLcmkyYkJDYlhERXlxT0htNTJoRWppdlRGSWJUb1hSQjlFNFhybngxRHZuM1NRdjFyVWlXX0QwOWdsYktYdjJnTFNBaVYyaW4yTm1rZFJXdzVHZ19tMDg4U0xyV2VHZk0ySjZfejho?oc=5\" target=\"_blank\" rel=\"nofollow noopener\">Claix. Une application pour lutter contre le moustique tigre<\/a>&nbsp;&nbsp;Le Dauphin\u00e9 Lib\u00e9r\u00e9<\/li>\n<\/ol>\n","protected":false},"excerpt":{"rendered":"Moustique tigre : 97% de la population en Paca en contact avec le nuisible, comment expliquer cette surexposition&hellip;\n","protected":false},"author":2,"featured_media":1445,"comment_status":"","ping_status":"","sticky":false,"template":"","format":"standard","meta":{"footnotes":""},"categories":[10],"tags":[1011,27,72,71],"class_list":{"0":"post-193215","1":"post","2":"type-post","3":"status-publish","4":"format-standard","5":"has-post-thumbnail","7":"category-sante","8":"tag-fr","9":"tag-france","10":"tag-health","11":"tag-sante"},"share_on_mastodon":{"url":"https:\/\/pubeurope.com\/@fr\/114720854725327339","error":""},"_links":{"self":[{"href":"https:\/\/www.europesays.com\/fr\/wp-json\/wp\/v2\/posts\/193215","targetHints":{"allow":["GET"]}}],"collection":[{"href":"https:\/\/www.europesays.com\/fr\/wp-json\/wp\/v2\/posts"}],"about":[{"href":"https:\/\/www.europesays.com\/fr\/wp-json\/wp\/v2\/types\/post"}],"author":[{"embeddable":true,"href":"https:\/\/www.europesays.com\/fr\/wp-json\/wp\/v2\/users\/2"}],"replies":[{"embeddable":true,"href":"https:\/\/www.europesays.com\/fr\/wp-json\/wp\/v2\/comments?post=193215"}],"version-history":[{"count":0,"href":"https:\/\/www.europesays.com\/fr\/wp-json\/wp\/v2\/posts\/193215\/revisions"}],"wp:featuredmedia":[{"embeddable":true,"href":"https:\/\/www.europesays.com\/fr\/wp-json\/wp\/v2\/media\/1445"}],"wp:attachment":[{"href":"https:\/\/www.europesays.com\/fr\/wp-json\/wp\/v2\/media?parent=193215"}],"wp:term":[{"taxonomy":"category","embeddable":true,"href":"https:\/\/www.europesays.com\/fr\/wp-json\/wp\/v2\/categories?post=193215"},{"taxonomy":"post_tag","embeddable":true,"href":"https:\/\/www.europesays.com\/fr\/wp-json\/wp\/v2\/tags?post=193215"}],"curies":[{"name":"wp","href":"https:\/\/api.w.org\/{rel}","templated":true}]}}