{"id":193222,"date":"2025-06-21T10:24:09","date_gmt":"2025-06-21T10:24:09","guid":{"rendered":"https:\/\/www.europesays.com\/fr\/193222\/"},"modified":"2025-06-21T10:24:09","modified_gmt":"2025-06-21T10:24:09","slug":"quest-ce-que-le-vortex-ce-projet-davion-spatial-reutilisable-de-dassault","status":"publish","type":"post","link":"https:\/\/www.europesays.com\/fr\/193222\/","title":{"rendered":"Qu\u2019est-ce que le Vortex, ce projet d\u2019avion spatial r\u00e9utilisable de Dassault\u00a0?"},"content":{"rendered":"<p>Ses missions iront de la r\u00e9cup\u00e9ration d\u2019objets dans l\u2019<a href=\"https:\/\/www.20minutes.fr\/sciences\/espace\/\" class=\"color-ultramarine c-link\" rel=\"nofollow noopener\" target=\"_blank\">espace<\/a> au transport vers les <a href=\"https:\/\/www.20minutes.fr\/sciences\/iss\/\" class=\"color-ultramarine c-link\" rel=\"nofollow noopener\" target=\"_blank\">stations spatiales<\/a>, en passant par le largage de charges utiles, ou encore l\u2019apport de services et interventions en <a href=\"https:\/\/www.20minutes.fr\/high-tech\/sciences\/4146588-20250419-debris-spatiaux-accumulent-nettoyage-fait-attendre-orbite-terrestre-passe-devenir-poubelle\" class=\"color-ultramarine c-link\" rel=\"nofollow noopener\" target=\"_blank\">orbite<\/a>\u2026 A l\u2019occasion du <a href=\"https:\/\/www.20minutes.fr\/dossier\/salon_du_bourget\" class=\"color-ultramarine c-link\" rel=\"nofollow noopener\" target=\"_blank\">Salon du Bourget<\/a>, qui se tient jusqu\u2019\u00e0 dimanche, <a href=\"https:\/\/www.20minutes.fr\/dossier\/dassault\" class=\"color-ultramarine c-link\" rel=\"nofollow noopener\" target=\"_blank\">Dassault<\/a> a d\u00e9voil\u00e9 son projet d\u2019avion spatial r\u00e9utilisable, baptis\u00e9 Vortex (V\u00e9hicule Orbital R\u00e9utilisable de Transport et d\u2019Exploration).<\/p>\n<p>Capables d\u2019\u00e9voluer dans l\u2019espace et de revenir sur Terre en se posant \u00e0 la mani\u00e8re des avions, ces v\u00e9hicules \u00ab\u00a0intrins\u00e8quement duaux\u00a0\u00bb (civils et militaires), \u00ab\u00a0sont appel\u00e9s \u00e0 transformer les usages du secteur spatial et \u00e0 ouvrir de nouveaux champs d\u2019application tant pour des missions commerciales et scientifiques, que militaires\u00a0\u00bb, annonce Dassault Aviation.<\/p>\n<p>\u00ab\u00a0M\u00e9thodes inspir\u00e9es du Newspace\u00a0\u00bb<\/p>\n<p>Ce projet est soutenu le <a href=\"https:\/\/www.20minutes.fr\/dossier\/ministere_de_la_defense\" class=\"color-ultramarine c-link\" rel=\"nofollow noopener\" target=\"_blank\">minist\u00e8re des Arm\u00e9es<\/a>, qui a annonc\u00e9 vendredi la signature d\u2019une convention de soutien avec Dassault Aviation pour d\u00e9velopper un d\u00e9monstrateur technologique, Vortex-D, d\u2019ici \u00e0\u00a02028. Ce projet de d\u00e9monstrateur \u00ab\u00a0repose sur des m\u00e9thodes inspir\u00e9es du Newspace, caract\u00e9ris\u00e9es par une ex\u00e9cution rapide, flexible et \u00e9conomique\u00a0\u00bb souligne le minist\u00e8re des Arm\u00e9es dans un communiqu\u00e9.<\/p>\n<p>Ce d\u00e9monstrateur vise \u00e0 \u00ab\u00a0valider les performances critiques li\u00e9es \u00e0 la configuration d\u2019un avion spatial, en particulier la ma\u00eetrise du vol hypersonique, les technologies avanc\u00e9es de protection thermique et le contr\u00f4le du vol\u00a0\u00bb explique Dassault dans un communiqu\u00e9. \u00ab\u00a0Ce premier vol technologique repr\u00e9sentera une avanc\u00e9e significative pour r\u00e9duire les incertitudes techniques et pr\u00e9parer de futures d\u00e9cisions strat\u00e9giques en mati\u00e8re d&rsquo;avions spatiaux r\u00e9utilisables\u00a0\u00bb ajoute le minist\u00e8re des Arm\u00e9es.<\/p>\n<p>Dassault Aviation \u00ab\u00a0capitalisera sur son expertise historique acquise lors des programmes Herm\u00e8s, X-38 et lIXV, tout en adoptant une d\u00e9marche r\u00e9solument moderne\u00a0\u00bb indique le minist\u00e8re des Arm\u00e9es.<\/p>\n<p>D\u00e9veloppement d\u2019une famille d\u2019avions spatiaux<\/p>\n<p>Ce d\u00e9monstrateur repr\u00e9sente la premi\u00e8re \u00e9tape d\u2019une feuille de route pour le d\u00e9veloppement d\u2019une famille d\u2019avions spatiaux Vortex. Dassault Aviation pr\u00e9voit en effet plusieurs variantes modulaires du v\u00e9hicule spatial.<\/p>\n<\/p>\n<p>\u00ab\u00a0\u00c0 l\u2019instar des appareils civils et <a href=\"https:\/\/www.20minutes.fr\/dossier\/militaire\" class=\"color-ultramarine c-link\" rel=\"nofollow noopener\" target=\"_blank\">militaires<\/a> de Dassault Aviation, l\u2019avion spatial Vortex est con\u00e7u pour \u00eatre tr\u00e8s polyvalent, a ainsi expliqu\u00e9 le PDG de Dassault, \u00c9ric Trappier. Il doit contribuer \u00e0 transformer les usages du secteur spatial et \u00e0 proposer de nouveaux champs d\u2019application. Au carrefour des technologies de l\u2019aviation et de l\u2019espace, le Vortex ouvrira sans aucun doute la voie \u00e0 une nouvelle g\u00e9n\u00e9ration d\u2019a\u00e9ronautique spatiale, consolidant le positionnement strat\u00e9gique de la France en tant que puissance spatiale de premier rang.\u00a0\u00bb<\/p>\n<p><a href=\"https:\/\/www.20minutes.fr\/sciences\/espace\/\" class=\"c-link c-btn c-btn--primary\" rel=\"nofollow noopener\" target=\"_blank\">Notre dossier sur l&rsquo;Espace<\/a><\/p>\n<p>Pour le minist\u00e8re des Arm\u00e9es, \u00ab\u00a0il s\u2019agit de r\u00e9affirmer sa volont\u00e9 de maintenir sa souverainet\u00e9 spatiale et d\u2019assurer son autonomie strat\u00e9gique.\u00a0\u00bb<\/p>\n","protected":false},"excerpt":{"rendered":"Ses missions iront de la r\u00e9cup\u00e9ration d\u2019objets dans l\u2019espace au transport vers les stations spatiales, en passant par&hellip;\n","protected":false},"author":2,"featured_media":193223,"comment_status":"","ping_status":"","sticky":false,"template":"","format":"standard","meta":{"footnotes":""},"categories":[6],"tags":[1813,7182,35,15829,33,34,386,1011,27,142,32145,41],"class_list":{"0":"post-193222","1":"post","2":"type-post","3":"status-publish","4":"format-standard","5":"has-post-thumbnail","7":"category-economie","8":"tag-armee","9":"tag-aviation","10":"tag-business","11":"tag-dassault","12":"tag-economie","13":"tag-economy","14":"tag-espace","15":"tag-fr","16":"tag-france","17":"tag-high-tech","18":"tag-salon-du-bourget","19":"tag-sciences"},"share_on_mastodon":{"url":"https:\/\/pubeurope.com\/@fr\/114720870470647146","error":""},"_links":{"self":[{"href":"https:\/\/www.europesays.com\/fr\/wp-json\/wp\/v2\/posts\/193222","targetHints":{"allow":["GET"]}}],"collection":[{"href":"https:\/\/www.europesays.com\/fr\/wp-json\/wp\/v2\/posts"}],"about":[{"href":"https:\/\/www.europesays.com\/fr\/wp-json\/wp\/v2\/types\/post"}],"author":[{"embeddable":true,"href":"https:\/\/www.europesays.com\/fr\/wp-json\/wp\/v2\/users\/2"}],"replies":[{"embeddable":true,"href":"https:\/\/www.europesays.com\/fr\/wp-json\/wp\/v2\/comments?post=193222"}],"version-history":[{"count":0,"href":"https:\/\/www.europesays.com\/fr\/wp-json\/wp\/v2\/posts\/193222\/revisions"}],"wp:featuredmedia":[{"embeddable":true,"href":"https:\/\/www.europesays.com\/fr\/wp-json\/wp\/v2\/media\/193223"}],"wp:attachment":[{"href":"https:\/\/www.europesays.com\/fr\/wp-json\/wp\/v2\/media?parent=193222"}],"wp:term":[{"taxonomy":"category","embeddable":true,"href":"https:\/\/www.europesays.com\/fr\/wp-json\/wp\/v2\/categories?post=193222"},{"taxonomy":"post_tag","embeddable":true,"href":"https:\/\/www.europesays.com\/fr\/wp-json\/wp\/v2\/tags?post=193222"}],"curies":[{"name":"wp","href":"https:\/\/api.w.org\/{rel}","templated":true}]}}