{"id":193224,"date":"2025-06-21T10:25:10","date_gmt":"2025-06-21T10:25:10","guid":{"rendered":"https:\/\/www.europesays.com\/fr\/193224\/"},"modified":"2025-06-21T10:25:10","modified_gmt":"2025-06-21T10:25:10","slug":"letat-hebreu-pourrait-il-avoir-recours-au-nucleaire-tactique-pour-detruire-la-centrale-de-fordo","status":"publish","type":"post","link":"https:\/\/www.europesays.com\/fr\/193224\/","title":{"rendered":"l\u2019\u00c9tat h\u00e9breu pourrait-il avoir recours au nucl\u00e9aire tactique pour d\u00e9truire la centrale de Fordo ?"},"content":{"rendered":"<p><strong>D\u00c9CRYPTAGE<\/strong> &#8211; Ces installations nucl\u00e9aires enterr\u00e9es sont une des priorit\u00e9s de Tsahal dans son offensive lanc\u00e9e le 12 juin contre l\u2019Iran.<\/p>\n<p class=\"fig-paragraph\">L\u2019hypoth\u00e8se para\u00eet folle. \u00ab Mais en cas d\u2019escalade, tout est possible\u00a0\u00bb, assure une source militaire bien plac\u00e9e qui suit attentivement les \u00e9volutions du\u00a0<a href=\"http:\/\/www.lefigaro.fr\/international\/dossier\/frappes-d-israel-sur-l-iran-notre-dossier-pour-tout-comprendre\" target=\"_blank\" data-fig-type=\"Topic\" rel=\"noopener\" data-gtm-custom-categorie=\"navigation\" data-gtm-custom-action=\"crossclick\" data-gtm-custom-label=\"Contextuel\" data-gtm-event=\"customEventSPE\" data-fig-domain=\"LEFIGARO\">conflit entre Isra\u00ebl et l\u2019Iran<\/a>. \u00ab Certains sc\u00e9narios sont plus d\u00e9structurants\u00a0\u00bb, poursuit-on dans un euph\u00e9misme. L\u2019officier \u00e9num\u00e8re\u00a0: \u00ab une chute du r\u00e9gime iranien et un chaos d\u2019une d\u00e9cennie, une fermeture du d\u00e9troit d\u2019Ormuz qui affecterait le commerce mondial, ou encore une frappe nucl\u00e9aire isra\u00e9lienne\u00a0\u00bb, dit l\u2019officier avec s\u00e9rieux avant de pr\u00e9ciser\u00a0: \u00ab C\u2019est peu probable\u00a0\u00bb. Mais pas totalement impossible.<\/p>\n<p class=\"fig-paragraph\">L\u2019id\u00e9e est apparue au gr\u00e9 d\u2019indiscr\u00e9tions ou d\u2019analyses sur l\u2019objectif final recherch\u00e9 par Isra\u00ebl. Dot\u00e9 lui-m\u00eame de l\u2019arme atomique, m\u00eame s\u2019il ne l\u2019a jamais admis officiellement, l\u2019\u00c9tat h\u00e9breu veut r\u00e9duire \u00e0 n\u00e9ant le programme\u00a0<a href=\"http:\/\/www.lefigaro.fr\/international\/les-bombardements-israeliens-peuvent-ils-venir-a-bout-du-programme-nucleaire-iranien-20250616\" data-fig-type=\"Article\" data-gtm-custom-categorie=\"navigation\" data-gtm-custom-action=\"crossclick\" data-gtm-custom-label=\"Contextuel\" data-gtm-event=\"customEventSPE\" data-fig-domain=\"LEFIGARO\" target=\"_blank\" rel=\"noopener\">nucl\u00e9aire\u00a0<\/a>iranien. Pour y parvenir, la destruction du site enterr\u00e9 de Fordo, o\u00f9 l\u2019Iran d\u00e9tient des capacit\u00e9s d\u2019enrichissement de l\u2019uranium, semble indispensable. C\u2019est pourquoi Tsahal\u2026<\/p>\n<p class=\"fig-premium-paywall__infos\">\n        Cet article est r\u00e9serv\u00e9 aux abonn\u00e9s.        Il vous reste 76% \u00e0 d\u00e9couvrir.\n    <\/p>\n<p>                <img  data- alt=\"Le Figaro\" class=\"fig-img--complete fig-img\"\/><\/p>\n<p class=\"fig-premium-paywall__title\">Vente Flash<\/p>\n<p class=\"fig-premium-paywall__subtitle\">3,99\u20ac par mois pendant 12 mois. Sans engagement.<\/p>\n<p class=\"fig-premium-paywall__connect\">\n                D\u00e9j\u00e0 abonn\u00e9\u00a0?                <a class=\"fig-premium-paywall__connect-link\" href=\"https:\/\/connect.lefigaro.fr\/login?client=horizon_web&amp;type=main&amp;redirect_uri=https%3A%2F%2Fwww.lefigaro.fr%2Finternational%2Fguerre-israel-iran-le-tabou-du-nucleaire-tactique-20250621\" data-js-gtm=\"{&quot;customCategorie&quot;: &quot;conversion&quot;, &quot;customAction&quot;: &quot;before_Landing_Connexion_paywall_auto&quot;, &quot;customLabel&quot;: &quot;bGVmaWdhcm8uZnJfXzFmMDRkZTUwLTViOTUtNjQxOC1iZWU5LTA1N2ViODNlODhlNl9fQXJ0aWNsZQ==_Guerre Isra\u00ebl-Iran\u00a0: l\u2019\u00c9tat h\u00e9breu pourrait-il avoir recours au nucl\u00e9aire tactique pour d\u00e9truire la centrale de Fordo\u00a0?_405&quot;, &quot;customIDSPE&quot;: &quot;bGVmaWdhcm8uZnJfXzFmMDRkZTUwLTViOTUtNjQxOC1iZWU5LTA1N2ViODNlODhlNl9fQXJ0aWNsZQ==&quot;, &quot;event&quot;: &quot;customEventSPE&quot;}\" target=\"_blank\" rel=\"noopener\"><br \/>\n                    Connectez-vous<br \/>\n                <\/a>\n            <\/p>\n","protected":false},"excerpt":{"rendered":"D\u00c9CRYPTAGE &#8211; Ces installations nucl\u00e9aires enterr\u00e9es sont une des priorit\u00e9s de Tsahal dans son offensive lanc\u00e9e le 12&hellip;\n","protected":false},"author":2,"featured_media":193225,"comment_status":"","ping_status":"","sticky":false,"template":"","format":"standard","meta":{"footnotes":""},"categories":[5],"tags":[259,11,260,554,1011,27,14,664,261,12,262,28],"class_list":{"0":"post-193224","1":"post","2":"type-post","3":"status-publish","4":"format-standard","5":"has-post-thumbnail","7":"category-international","8":"tag-actualite-internationale","9":"tag-actualites","10":"tag-affaires-etrangeres","11":"tag-defense","12":"tag-fr","13":"tag-france","14":"tag-international","15":"tag-israel","16":"tag-ministere-des-affaires-etrangeres","17":"tag-news","18":"tag-politique-etrangere","19":"tag-world"},"share_on_mastodon":{"url":"https:\/\/pubeurope.com\/@fr\/114720874415857491","error":""},"_links":{"self":[{"href":"https:\/\/www.europesays.com\/fr\/wp-json\/wp\/v2\/posts\/193224","targetHints":{"allow":["GET"]}}],"collection":[{"href":"https:\/\/www.europesays.com\/fr\/wp-json\/wp\/v2\/posts"}],"about":[{"href":"https:\/\/www.europesays.com\/fr\/wp-json\/wp\/v2\/types\/post"}],"author":[{"embeddable":true,"href":"https:\/\/www.europesays.com\/fr\/wp-json\/wp\/v2\/users\/2"}],"replies":[{"embeddable":true,"href":"https:\/\/www.europesays.com\/fr\/wp-json\/wp\/v2\/comments?post=193224"}],"version-history":[{"count":0,"href":"https:\/\/www.europesays.com\/fr\/wp-json\/wp\/v2\/posts\/193224\/revisions"}],"wp:featuredmedia":[{"embeddable":true,"href":"https:\/\/www.europesays.com\/fr\/wp-json\/wp\/v2\/media\/193225"}],"wp:attachment":[{"href":"https:\/\/www.europesays.com\/fr\/wp-json\/wp\/v2\/media?parent=193224"}],"wp:term":[{"taxonomy":"category","embeddable":true,"href":"https:\/\/www.europesays.com\/fr\/wp-json\/wp\/v2\/categories?post=193224"},{"taxonomy":"post_tag","embeddable":true,"href":"https:\/\/www.europesays.com\/fr\/wp-json\/wp\/v2\/tags?post=193224"}],"curies":[{"name":"wp","href":"https:\/\/api.w.org\/{rel}","templated":true}]}}