{"id":193230,"date":"2025-06-21T10:28:36","date_gmt":"2025-06-21T10:28:36","guid":{"rendered":"https:\/\/www.europesays.com\/fr\/193230\/"},"modified":"2025-06-21T10:28:36","modified_gmt":"2025-06-21T10:28:36","slug":"roche-la-moliere-cinq-classes-fermees-en-sept-ans-a-cousteau-les-parents-deleves-sideres-2","status":"publish","type":"post","link":"https:\/\/www.europesays.com\/fr\/193230\/","title":{"rendered":"Roche-la-Moli\u00e8re. Cinq classes ferm\u00e9es en sept ans \u00e0 Cousteau\u00a0: les parents d\u2019\u00e9l\u00e8ves sid\u00e9r\u00e9s"},"content":{"rendered":"<p>Depuis quelques jours des banderoles sont accroch\u00e9es \u00e0 l\u2019entr\u00e9e de l\u2019\u00e9cole \u00e9l\u00e9mentaire Cousteau pour d\u00e9noncer une nouvelle fermeture de classe. \u00ab La 5e en 7 ans (1) \u00bb, explique G\u00e9raldine Vocanson, maman d\u2019un \u00e9l\u00e8ve de CP. La coupe est pleine pour les parents qui ne comprennent pas cette nouvelle mesure.<\/p>\n<p>C\u2019est au d\u00e9but de l\u2019ann\u00e9e qu\u2019ils ont appris le risque d\u2019une nouvelle fermeture, mais ils n\u2019y croyaient pas, l\u2019\u00e9cole ayant \u00e9t\u00e9 d\u00e9j\u00e0 beaucoup touch\u00e9e. L\u2019\u00e9cole avait \u00e9t\u00e9 victime d\u2019une fermeture de classe \u00e0 la rentr\u00e9e 2019 et se retrouvait avec 11 classes. Pendant deux ans, elle a \u00e9chapp\u00e9 aux fermetures&#8230;<\/p>\n","protected":false},"excerpt":{"rendered":"Depuis quelques jours des banderoles sont accroch\u00e9es \u00e0 l\u2019entr\u00e9e de l\u2019\u00e9cole \u00e9l\u00e9mentaire Cousteau pour d\u00e9noncer une nouvelle fermeture&hellip;\n","protected":false},"author":2,"featured_media":189590,"comment_status":"","ping_status":"","sticky":false,"template":"","format":"standard","meta":{"footnotes":""},"categories":[9653],"tags":[1111,11,2430,7539,1057,1777,674,1011,27,10425,12,25,12490,12491,4001],"class_list":{"0":"post-193230","1":"post","2":"type-post","3":"status-publish","4":"format-standard","5":"has-post-thumbnail","7":"category-saint-etienne","8":"tag-actu","9":"tag-actualites","10":"tag-auvergne-rhone-alpes","11":"tag-edition-loire-sud","12":"tag-education","13":"tag-eu","14":"tag-europe","15":"tag-fr","16":"tag-france","17":"tag-maternelle-elementaire","18":"tag-news","19":"tag-republique-francaise","20":"tag-roche-la-moliere","21":"tag-roche-la-moliere-bassin","22":"tag-saint-etienne"},"share_on_mastodon":{"url":"https:\/\/pubeurope.com\/@fr\/114720886194277543","error":""},"_links":{"self":[{"href":"https:\/\/www.europesays.com\/fr\/wp-json\/wp\/v2\/posts\/193230","targetHints":{"allow":["GET"]}}],"collection":[{"href":"https:\/\/www.europesays.com\/fr\/wp-json\/wp\/v2\/posts"}],"about":[{"href":"https:\/\/www.europesays.com\/fr\/wp-json\/wp\/v2\/types\/post"}],"author":[{"embeddable":true,"href":"https:\/\/www.europesays.com\/fr\/wp-json\/wp\/v2\/users\/2"}],"replies":[{"embeddable":true,"href":"https:\/\/www.europesays.com\/fr\/wp-json\/wp\/v2\/comments?post=193230"}],"version-history":[{"count":0,"href":"https:\/\/www.europesays.com\/fr\/wp-json\/wp\/v2\/posts\/193230\/revisions"}],"wp:featuredmedia":[{"embeddable":true,"href":"https:\/\/www.europesays.com\/fr\/wp-json\/wp\/v2\/media\/189590"}],"wp:attachment":[{"href":"https:\/\/www.europesays.com\/fr\/wp-json\/wp\/v2\/media?parent=193230"}],"wp:term":[{"taxonomy":"category","embeddable":true,"href":"https:\/\/www.europesays.com\/fr\/wp-json\/wp\/v2\/categories?post=193230"},{"taxonomy":"post_tag","embeddable":true,"href":"https:\/\/www.europesays.com\/fr\/wp-json\/wp\/v2\/tags?post=193230"}],"curies":[{"name":"wp","href":"https:\/\/api.w.org\/{rel}","templated":true}]}}