{"id":193233,"date":"2025-06-21T10:30:11","date_gmt":"2025-06-21T10:30:11","guid":{"rendered":"https:\/\/www.europesays.com\/fr\/193233\/"},"modified":"2025-06-21T10:30:11","modified_gmt":"2025-06-21T10:30:11","slug":"tout-sur-la-fete-de-la-musique","status":"publish","type":"post","link":"https:\/\/www.europesays.com\/fr\/193233\/","title":{"rendered":"tout sur la f\u00eate de la musique"},"content":{"rendered":"<p class=\"insetTitle\">Toul : tous les styles musicaux, du centre-ville \u00e0 la place Saint-Mansuy<\/p>\n<p>L\u2019\u00e9t\u00e9 ne se f\u00eate pas qu\u2019au centre-ville de Toul ce 21\u00a0juin. Les amateurs de musique pourront d\u00e9ambuler avenue Victor-Hugo, au port, au tiers-lieu l\u2019Atelier, derri\u00e8re la salle de l\u2019Arsenal, ainsi que place Saint-Mansuy.<\/p>\n<p>En face de la cath\u00e9drale Saint-Etienne, place Charles-de-Gaulle, <a href=\"https:\/\/www.estrepublicain.fr\/economie\/2025\/05\/31\/un-bar-a-vins-ouvert-face-a-la-cathedrale\" target=\"_blank\" rel=\"noopener\">le bar \u00e0 vins Au Bouchon<\/a> recevra un DJ.<\/p>\n<p>Un autre DJ est annonc\u00e9 au bar le France, place Ronde. \u00c0 l\u2019oppos\u00e9, le Beffroi accueillera un concert rock.<\/p>\n<p>Non loin, rue de la R\u00e9publique, un DJ animera la soir\u00e9e au bar l\u2019Audace.<\/p>\n<p>En quittant la place Ronde, direction rue de Lattre-de-Tassigny, o\u00f9 le magasin la Fabrik de Tom diffusera une s\u00e9lection de musiques. Le comit\u00e9 de loisirs des agents de la Ville tiendra un stand dans cette rue.<\/p>\n<p>\u00c0 quelques m\u00e8tres, la chorale Chantemai se produira \u00e0 la coll\u00e9giale Saint-Gengoult, dont un acc\u00e8s donne sur la place du Couarail.<\/p>\n<p>C\u2019est l\u00e0 que le restaurant la Fiesta a invit\u00e9 deux groupes de rock\u00a0: Everlead et So Watt.<\/p>\n<p>Autre ambiance, rue Gambetta, avec un concert de la <a href=\"https:\/\/www.estrepublicain.fr\/culture-loisirs\/2023\/11\/15\/la-lyre-touloise-celebre-la-sainte-cecile\" target=\"_blank\" rel=\"noopener\">Lyre touloise<\/a> devant le magasin Spar.<\/p>\n<p>Les promeneurs pourront ensuite se diriger vers la rue Thiers. \u00c0 son extr\u00e9mit\u00e9, \u00e0 l\u2019angle de la place du 19-Mars-1962, le bar le Soleil d\u2019or a invit\u00e9 un DJ.<\/p>\n<p>En poursuivant avenue Victor-Hugo, les bars <a href=\"https:\/\/www.estrepublicain.fr\/economie\/2022\/12\/14\/un-bar-a-bieres-peu-ordinaire-ouvre-ce-vendredi-16-decembre\" target=\"_blank\" rel=\"noopener\">le Kont\u2019nr<\/a> et le Cubana proposeront deux ambiances diff\u00e9rentes, le premier avec un DJ, le second avec sa s\u00e9lection musicale.<\/p>\n<p>\u00c0 proximit\u00e9, au port, le restaurant Quai 156 accueillera le gala de l\u2019\u00e9cole de musique Delfolie.<\/p>\n<p>Derri\u00e8re la salle de l\u2019Arsenal, le tiers-lieu l\u2019Atelier vibrera aux sons rock et punk avec Ir\u00e8ne et ses chatons, Douleurs exquises, Teens Spirit Experience et Bambou.<\/p>\n<p>Le p\u00e9riple se prolonge jusqu\u2019\u00e0 <a href=\"https:\/\/www.estrepublicain.fr\/culture-loisirs\/2025\/06\/14\/la-musique-en-fete-du-centre-ville-a-la-place-saint-mansuy\" target=\"_blank\" rel=\"noopener\">la place Sant-Mansuy<\/a> avec trois groupes\u00a0: Addic\u2019son, Digiac et TV phone.<\/p>\n<p>Un programme vari\u00e9 en tous points de la ville et de quoi se restaurer.<\/p>\n<p class=\"insetSignature\">J\u00e9r\u00f4me Bourguignon<\/p>\n","protected":false},"excerpt":{"rendered":"Toul : tous les styles musicaux, du centre-ville \u00e0 la place Saint-Mansuy L\u2019\u00e9t\u00e9 ne se f\u00eate pas qu\u2019au&hellip;\n","protected":false},"author":2,"featured_media":193234,"comment_status":"","ping_status":"","sticky":false,"template":"","format":"standard","meta":{"footnotes":""},"categories":[9635],"tags":[1111,11,1687,1707,1704,1706,1705,1777,674,1011,27,775,873,1702,1703,12,25,104],"class_list":{"0":"post-193233","1":"post","2":"type-post","3":"status-publish","4":"format-standard","5":"has-post-thumbnail","7":"category-nancy","8":"tag-actu","9":"tag-actualites","10":"tag-culture-loisirs","11":"tag-edition-luneville","12":"tag-edition-nancy-et-agglomeration","13":"tag-edition-pont-a-mousson","14":"tag-edition-toul","15":"tag-eu","16":"tag-europe","17":"tag-fr","18":"tag-france","19":"tag-grand-est","20":"tag-musique","21":"tag-nancy","22":"tag-nancy-ville-54b","23":"tag-news","24":"tag-republique-francaise","25":"tag-societe"},"share_on_mastodon":{"url":"https:\/\/pubeurope.com\/@fr\/114720894345285087","error":""},"_links":{"self":[{"href":"https:\/\/www.europesays.com\/fr\/wp-json\/wp\/v2\/posts\/193233","targetHints":{"allow":["GET"]}}],"collection":[{"href":"https:\/\/www.europesays.com\/fr\/wp-json\/wp\/v2\/posts"}],"about":[{"href":"https:\/\/www.europesays.com\/fr\/wp-json\/wp\/v2\/types\/post"}],"author":[{"embeddable":true,"href":"https:\/\/www.europesays.com\/fr\/wp-json\/wp\/v2\/users\/2"}],"replies":[{"embeddable":true,"href":"https:\/\/www.europesays.com\/fr\/wp-json\/wp\/v2\/comments?post=193233"}],"version-history":[{"count":0,"href":"https:\/\/www.europesays.com\/fr\/wp-json\/wp\/v2\/posts\/193233\/revisions"}],"wp:featuredmedia":[{"embeddable":true,"href":"https:\/\/www.europesays.com\/fr\/wp-json\/wp\/v2\/media\/193234"}],"wp:attachment":[{"href":"https:\/\/www.europesays.com\/fr\/wp-json\/wp\/v2\/media?parent=193233"}],"wp:term":[{"taxonomy":"category","embeddable":true,"href":"https:\/\/www.europesays.com\/fr\/wp-json\/wp\/v2\/categories?post=193233"},{"taxonomy":"post_tag","embeddable":true,"href":"https:\/\/www.europesays.com\/fr\/wp-json\/wp\/v2\/tags?post=193233"}],"curies":[{"name":"wp","href":"https:\/\/api.w.org\/{rel}","templated":true}]}}