{"id":193247,"date":"2025-06-21T10:38:08","date_gmt":"2025-06-21T10:38:08","guid":{"rendered":"https:\/\/www.europesays.com\/fr\/193247\/"},"modified":"2025-06-21T10:38:08","modified_gmt":"2025-06-21T10:38:08","slug":"un-jeune-homme-dans-un-etat-critique","status":"publish","type":"post","link":"https:\/\/www.europesays.com\/fr\/193247\/","title":{"rendered":"un jeune homme dans un \u00e9tat critique"},"content":{"rendered":"<p itemprop=\"description\"><strong>Les faits se sont produits dans la nuit de vendredi \u00e0 samedi \u00e0 Eybens.<\/strong><\/p>\n<p>Les pompiers ont \u00e9t\u00e9 appel\u00e9s vers 1h du matin pour prendre en charge un jeune homme de 20 ans, gri\u00e8vement bless\u00e9 all\u00e9e du Rachais.<\/p>\n<p>La victime avait \u00e9t\u00e9 poignard\u00e9e dans le dos. Apr\u00e8s avoir \u00e9t\u00e9 m\u00e9dicalis\u00e9e sur place, elle a ensuite \u00e9t\u00e9 hospitalis\u00e9e au CHU Grenoble Alpes.<\/p>\n<p>Son \u00e9tat de sant\u00e9 \u00e9tait jug\u00e9 comme \u00e9tant critique.<\/p>\n<p>Une enqu\u00eate est en cours, la gendarmerie doit comprendre les circonstances de cette violente agression \u00e0 l&rsquo;arme blanche et tenter de retrouver le ou les autres protagonistes.<\/p>\n","protected":false},"excerpt":{"rendered":"Les faits se sont produits dans la nuit de vendredi \u00e0 samedi \u00e0 Eybens. Les pompiers ont \u00e9t\u00e9&hellip;\n","protected":false},"author":2,"featured_media":193248,"comment_status":"","ping_status":"","sticky":false,"template":"","format":"standard","meta":{"footnotes":""},"categories":[9566],"tags":[1111,11,7733,8279,2430,7736,650,7734,2889,2263,1777,674,1011,27,2731,8280,6417,1114,108,4662,12,3725,1825,25,7737],"class_list":{"0":"post-193247","1":"post","2":"type-post","3":"status-publish","4":"format-standard","5":"has-post-thumbnail","7":"category-grenoble","8":"tag-actu","9":"tag-actualites","10":"tag-alpes","11":"tag-alpes1","12":"tag-auvergne-rhone-alpes","13":"tag-cds","14":"tag-cinema","15":"tag-ecoute","16":"tag-emission","17":"tag-equipe","18":"tag-eu","19":"tag-europe","20":"tag-fr","21":"tag-france","22":"tag-grenoble","23":"tag-haute","24":"tag-information","25":"tag-infos","26":"tag-isere","27":"tag-journal","28":"tag-news","29":"tag-podcast","30":"tag-radio","31":"tag-republique-francaise","32":"tag-winamp"},"share_on_mastodon":{"url":"https:\/\/pubeurope.com\/@fr\/114720925642277897","error":""},"_links":{"self":[{"href":"https:\/\/www.europesays.com\/fr\/wp-json\/wp\/v2\/posts\/193247","targetHints":{"allow":["GET"]}}],"collection":[{"href":"https:\/\/www.europesays.com\/fr\/wp-json\/wp\/v2\/posts"}],"about":[{"href":"https:\/\/www.europesays.com\/fr\/wp-json\/wp\/v2\/types\/post"}],"author":[{"embeddable":true,"href":"https:\/\/www.europesays.com\/fr\/wp-json\/wp\/v2\/users\/2"}],"replies":[{"embeddable":true,"href":"https:\/\/www.europesays.com\/fr\/wp-json\/wp\/v2\/comments?post=193247"}],"version-history":[{"count":0,"href":"https:\/\/www.europesays.com\/fr\/wp-json\/wp\/v2\/posts\/193247\/revisions"}],"wp:featuredmedia":[{"embeddable":true,"href":"https:\/\/www.europesays.com\/fr\/wp-json\/wp\/v2\/media\/193248"}],"wp:attachment":[{"href":"https:\/\/www.europesays.com\/fr\/wp-json\/wp\/v2\/media?parent=193247"}],"wp:term":[{"taxonomy":"category","embeddable":true,"href":"https:\/\/www.europesays.com\/fr\/wp-json\/wp\/v2\/categories?post=193247"},{"taxonomy":"post_tag","embeddable":true,"href":"https:\/\/www.europesays.com\/fr\/wp-json\/wp\/v2\/tags?post=193247"}],"curies":[{"name":"wp","href":"https:\/\/api.w.org\/{rel}","templated":true}]}}