{"id":19325,"date":"2025-04-12T07:17:13","date_gmt":"2025-04-12T07:17:13","guid":{"rendered":"https:\/\/www.europesays.com\/fr\/19325\/"},"modified":"2025-04-12T07:17:13","modified_gmt":"2025-04-12T07:17:13","slug":"les-delegations-americaine-et-russe-a-istanbul-pour-des-discussions-sur-les-missions-diplomatiques","status":"publish","type":"post","link":"https:\/\/www.europesays.com\/fr\/19325\/","title":{"rendered":"les d\u00e9l\u00e9gations am\u00e9ricaine et russe \u00e0 Istanbul pour des discussions sur les missions diplomatiques"},"content":{"rendered":"<p><strong>LE POINT SUR LA SITUATION<\/strong> &#8211; L\u2019objectif principal est de r\u00e9tablir le travail des missions diplomatiques apr\u00e8s des ann\u00e9es de querelles, d\u2019all\u00e9gations mutuelles d\u2019intimidation et de gel des biens diplomatiques qui ont compliqu\u00e9 les relations entre les deux puissances nucl\u00e9aires.<\/p>\n<p class=\"fig-paragraph\">Les d\u00e9l\u00e9gations am\u00e9ricaine et russe sont arriv\u00e9es ce jeudi \u00e0\u00a0<a href=\"http:\/\/www.lefigaro.fr\/international\/la-republique-s-est-transformee-en-une-republique-de-la-peur-depuis-sa-cellule-le-maire-d-istanbul-denonce-la-repression-menee-par-erdogan-20250328\" target=\"_blank\" data-fig-type=\"NewsFlash\" rel=\"noopener nofollow\" data-gtm-custom-categorie=\"navigation\" data-gtm-custom-action=\"crossclick\" data-gtm-custom-label=\"Contextuel\" data-gtm-event=\"customEventSPE\" data-fig-domain=\"LEFIGARO\">Istanbul\u00a0<\/a>pour des discussions sur la normalisation du travail de leurs missions diplomatiques. Des attaques russes ont bless\u00e9 13 personnes dans la nuit de ce mercredi \u00e0 jeudi en Ukraine, dans\u00a0<a href=\"http:\/\/www.lefigaro.fr\/international\/les-ukrainiens-se-debrouillent-tres-bien-pour-tenir-le-front-l-otan-estime-que-kiev-n-a-pas-perdu-la-guerre-20250407\" target=\"_blank\" data-fig-type=\"Article\" rel=\"noopener nofollow\" data-gtm-custom-categorie=\"navigation\" data-gtm-custom-action=\"crossclick\" data-gtm-custom-label=\"Contextuel\" data-gtm-event=\"customEventSPE\" data-fig-domain=\"LEFIGARO\">Kiev<\/a>\u00a0et dans la r\u00e9gion m\u00e9ridionale de Mykola\u00efv. P\u00e9kin d\u00e9nonce des \u00abpropos irresponsables\u00bb tenus par Volodymyr Zelensky au sujet des soldats chinois captur\u00e9s par Kiev. Le Figaro fait le point sur la situation.<\/p>\n<p>Les d\u00e9l\u00e9gations am\u00e9ricaine et russe \u00e0 Istanbul pour des discussions sur les missions diplomatiques<\/p>\n<p class=\"fig-paragraph\">Les d\u00e9l\u00e9gations am\u00e9ricaine et russe sont arriv\u00e9es ce jeudi \u00e0 Istanbul pour des discussions sur la normalisation du travail de leurs missions diplomatiques apr\u00e8s que la guerre en\u00a0<a href=\"http:\/\/www.lefigaro.fr\/international\/combattants-chinois-en-ukraine-volodymyr-zelensky-appelle-a-une-reponse-de-l-occident-20250409\" target=\"_blank\" data-fig-type=\"Article\" rel=\"noopener nofollow\" data-gtm-custom-categorie=\"navigation\" data-gtm-custom-action=\"crossclick\" data-gtm-custom-label=\"Contextuel\" data-gtm-event=\"customEventSPE\" data-fig-domain=\"LEFIGARO\">Ukraine<\/a>\u00a0a d\u00e9clench\u00e9 la plus grande confrontation entre Moscou et l\u2019Occident depuis la guerre froide. Des images de Reuters ont montr\u00e9 plusieurs voitures entrant dans le b\u00e2timent du consulat russe dans le centre d\u2019Istanbul. Les discussions seront men\u00e9es par le nouvel ambassadeur de Russie \u00e0 Washington, Alexander Darchiev, et par la secr\u00e9taire d\u2019\u00c9tat adjointe Sonata Coulter, a indiqu\u00e9 le minist\u00e8re russe des affaires \u00e9trang\u00e8res.<\/p>\n<p class=\"fig-paragraph\">Selon<a href=\"http:\/\/www.lefigaro.fr\/conjoncture\/la-situation-est-problematique-moscou-s-inquiete-de-la-forte-chute-des-prix-du-petrole-20250410\" target=\"_blank\" data-fig-type=\"Article\" rel=\"noopener nofollow\" data-gtm-custom-categorie=\"navigation\" data-gtm-custom-action=\"crossclick\" data-gtm-custom-label=\"Contextuel\" data-gtm-event=\"customEventSPE\" data-fig-domain=\"LEFIGARO\">\u00a0Moscou<\/a>\u00a0et Washington, l\u2019objectif principal est de r\u00e9tablir le travail des missions diplomatiques apr\u00e8s des ann\u00e9es de querelles, d\u2019all\u00e9gations mutuelles d\u2019intimidation et de gel des biens diplomatiques qui ont compliqu\u00e9 les relations entre les deux puissances nucl\u00e9aires. La propri\u00e9t\u00e9 diplomatique est l\u2019un des probl\u00e8mes qui se posent. Washington a soumis six propri\u00e9t\u00e9s russes \u00e0 des restrictions, notamment le domaine de Killenworth \u00e0 Long Island, la \u00abdatcha\u00bb de Pioneer Point dans\u00a0<a href=\"http:\/\/www.lefigaro.fr\/flash-actu\/etats-unis-le-maryland-va-annuler-175-000-condamnations-pour-usage-de-marijuana-20240617\" target=\"_blank\" data-fig-type=\"NewsFlash\" rel=\"noopener nofollow\" data-gtm-custom-categorie=\"navigation\" data-gtm-custom-action=\"crossclick\" data-gtm-custom-label=\"Contextuel\" data-gtm-event=\"customEventSPE\" data-fig-domain=\"LEFIGARO\">le Maryland<\/a>, les consulats russes de San Francisco et de Seattle et les missions commerciales de Washington et de New York.<\/p>\n<p><strong>Les pays \u00abvolontaires\u00bb se retrouvent \u00e0 l\u2019Otan et cherchent un plan pour l\u2019Ukraine<\/strong><\/p>\n<p class=\"fig-paragraph\">Les pays de la \u00abcoalition des volontaires\u00bb, alli\u00e9s de Kiev se sont retrouv\u00e9s jeudi \u00e0 Bruxelles pour tenter de d\u00e9finir comment garantir la s\u00e9curit\u00e9 de l\u2019Ukraine, mais beaucoup de questions restent ouvertes. Il s\u2019agit de la premi\u00e8re r\u00e9union de cette coalition lanc\u00e9e par Londres et Paris \u00e0 l\u2019\u00e9chelle des ministres de la D\u00e9fense.<\/p>\n<p class=\"fig-paragraph\">L\u2019id\u00e9e pour cette trentaine de pays est de d\u00e9finir les contours d\u2019une \u00abforce de r\u00e9assurance\u00bb destin\u00e9e \u00e0 emp\u00eacher toute nouvelle attaque de la Russie apr\u00e8s la signature d\u2019un cessez-le-feu. Mais Fran\u00e7ais et britanniques ont aussi insist\u00e9 sur l\u2019importance des forces arm\u00e9es ukrainiennes dans la dissuasion vis-\u00e0-vis de la Russie.<\/p>\n<p class=\"fig-paragraph\">\u00abLa premi\u00e8re des garanties de s\u00e9curit\u00e9, c\u2019est \u00e9videmment le soutien \u00e0 l\u2019arm\u00e9e ukrainienne, c\u2019est-\u00e0-dire refuser la d\u00e9militarisation de l\u2019Ukraine, comme la Russie le demande\u00bb, a soulign\u00e9 devant la presse\u00a0<a href=\"http:\/\/www.lefigaro.fr\/politique\/entre-sebastien-lecornu-et-francois-bayrou-une-cohabitation-a-l-ombre-de-la-crise-internationale-20250312\" target=\"_blank\" data-fig-type=\"Article\" rel=\"noopener nofollow\" data-gtm-custom-categorie=\"navigation\" data-gtm-custom-action=\"crossclick\" data-gtm-custom-label=\"Contextuel\" data-gtm-event=\"customEventSPE\" data-fig-domain=\"LEFIGARO\">le ministre fran\u00e7ais de la D\u00e9fense S\u00e9bastien Lecornu<\/a>, \u00e0 l\u2019instar de son coll\u00e8gue britannique John Healey. Il n\u2019est pas question d\u2019\u00abune force de maintien de la paix, qui s\u00e9parera les deux parties en conflit le long de la ligne de front\u00bb, a-t-il soulign\u00e9 de son c\u00f4t\u00e9 \u00e0 l\u2019issue de la r\u00e9union.<\/p>\n<p><strong>Combattants chinois en Ukraine: P\u00e9kin d\u00e9nonce les \u00abpropos irresponsables\u00bb de Zelensky<\/strong><\/p>\n<p class=\"fig-paragraph\">La Chine a d\u00e9nonc\u00e9 jeudi les \u00abpropos irresponsables\u00bb du pr\u00e9sident ukrainien Volodymyr Zelensky apr\u00e8s que ce dernier a affirm\u00e9 que P\u00e9kin savait que des ressortissants \u00e9taient recrut\u00e9s par la Russie pour combattre \u00e0 ses c\u00f4t\u00e9s en Ukraine. Interrog\u00e9 sur ces d\u00e9clarations, le porte-parole du minist\u00e8re chinois des Affaires \u00e9trang\u00e8res, Lin Jian, a r\u00e9pondu que P\u00e9kin \u00aba toujours exig\u00e9 que ses ressortissants restent \u00e0 l\u2019\u00e9cart des zones de conflit arm\u00e9\u00bb, ajoutant que \u00abnous conseillons aux parties concern\u00e9es de ne pas tenir de propos irresponsables\u00bb. \u00abLe gouvernement chinois a toujours exig\u00e9 de ses citoyens qu\u2019ils restent \u00e0 l\u2019\u00e9cart des zones de conflit\u00bb et \u00abtout particuli\u00e8rement qu\u2019ils \u00e9vitent de participer \u00e0 des op\u00e9rations militaires, de quelque partie que ce soit\u00bb, a soulign\u00e9 le porte-parole.<\/p>\n<p>\u00a0\u00bb<br \/>\n        data-script=\u00a0\u00bbhttps:\/\/static.lefigaro.fr\/widget-video\/short-ttl\/video\/index.js\u00a0\u00bb<br \/>\n    &gt;<\/p>\n<p class=\"fig-paragraph\">\u00abJe tiens \u00e0 rappeler que la Chine n\u2019est ni \u00e0 l\u2019origine de la crise ukrainienne, ni partie prenante. Nous sommes de fervents partisans et des promoteurs actifs d\u2019une solution pacifique\u00bb, a-t-il affirm\u00e9.<\/p>\n<p class=\"fig-paragraph\">Le pr\u00e9sident ukrainien Volodymyr Zelensky a \u00abtort\u00bb de dire que la Russie entra\u00eene la Chine dans le conflit, a embray\u00e9 jeudi le porte-parole du Kremlin. \u00abZelensky a tort\u00bb, a r\u00e9pondu Dmitri Peskov, lors de son briefing quotidien, interrog\u00e9 sur les accusations formul\u00e9es la veille par le pr\u00e9sident ukrainien. Le porte-parole de la pr\u00e9sidence russe a \u00e9galement qualifi\u00e9 P\u00e9kin de \u00abpartenaire, ami, camarade\u00bb de Moscou.<\/p>\n<p><strong>La Russie revendique la prise d\u2019un village dans la r\u00e9gion ukrainienne de Soumy<\/strong><\/p>\n<p class=\"fig-paragraph\">La Russie a revendiqu\u00e9 jeudi la prise d\u2019un village dans la r\u00e9gion frontali\u00e8re de Soumy, ce qui repr\u00e9senterait une rare avanc\u00e9e dans cette zone du nord-est de l\u2019Ukraine dont ses troupes avaient d\u00fb se retirer au printemps 2022.<\/p>\n<p class=\"fig-paragraph\">Le minist\u00e8re russe de la D\u00e9fense a affirm\u00e9 dans un communiqu\u00e9 avoir pris le village de Jouravka, coll\u00e9 \u00e0 la fronti\u00e8re russe. Dimanche, Moscou avait d\u00e9j\u00e0 annonc\u00e9 la conqu\u00eate d\u2019une petite localit\u00e9 dans cette zone, mais les gardes-fronti\u00e8res ukrainiens avaient ensuite qualifi\u00e9 cette revendication de \u00abd\u00e9sinformation\u00bb.<\/p>\n<p><strong>Deux morts et 35 bless\u00e9s dans des frappes russes sur plusieurs villes d\u2019Ukraine<\/strong><\/p>\n<p class=\"fig-paragraph\">Au moins deux personnes ont \u00e9t\u00e9 tu\u00e9es et 35 autres ont \u00e9t\u00e9 bless\u00e9es jeudi dans des frappes russes sur la ville de Dnipro, dans le centre de l\u2019Ukraine, et plusieurs autres villes, ont annonc\u00e9 les autorit\u00e9s locales. La Russie a de son c\u00f4t\u00e9 revendiqu\u00e9 la prise d\u2019un village dans la r\u00e9gion frontali\u00e8re de Soumy. Selon le gouverneur r\u00e9gional Sergui\u00ef Lyssak, l\u2019arm\u00e9e russe a tir\u00e9 dans l\u2019apr\u00e8s-midi un missile balistique sur Dnipro, faisant un mort et huit bless\u00e9s.<\/p>\n<p class=\"fig-paragraph\">Un peu plus t\u00f4t, une attaque de drone russe avait fait 12 bless\u00e9s \u00e0 Nikopol, dans la m\u00eame r\u00e9gion. L\u2019un d\u2019eux, un adolescent de 16 ans, est dans un \u00ab\u00e9tat grave\u00bb, selon Sergui\u00ef Lyssak. Une autre personne a \u00e9t\u00e9 tu\u00e9e et huit bless\u00e9es dans une attaque de drones sur la r\u00e9gion de Jytomyr, dans l\u2019ouest du pays, ont indiqu\u00e9 les autorit\u00e9s locales. Dix autres personnes ont \u00e9t\u00e9 bless\u00e9es dans la r\u00e9gion m\u00e9ridionale de Mykola\u00efv dans une attaque de drones, ont d\u00e9plor\u00e9 les services d\u2019urgence.<\/p>\n<p>\u00a0\u00bb<br \/>\n        data-script=\u00a0\u00bbhttps:\/\/static.lefigaro.fr\/widget-video\/short-ttl\/video\/index.js\u00a0\u00bb<br \/>\n    &gt;<\/p>\n<p class=\"fig-paragraph\">Trois de ces personnes ont \u00e9t\u00e9 transport\u00e9es \u00e0 l\u2019h\u00f4pital de Mykola\u00efv, grande ville \u00e9ponyme de la r\u00e9gion, ont-ils ajout\u00e9. \u00c0 Kiev, des journalistes de l\u2019AFP ont entendu des sir\u00e8nes d\u2019alerte a\u00e9rienne et des explosions retentir au-dessus de la ville pendant l\u2019attaque. Trois personnes ont \u00e9t\u00e9 bless\u00e9es dans la capitale, selon le maire Vitali Klitschko. Les autorit\u00e9s locales ont par ailleurs d\u00e9clar\u00e9 que 16 des 30 drones avaient \u00e9t\u00e9 abattus au-dessus de Kiev.\u00a0<a href=\"http:\/\/www.lefigaro.fr\/vox\/monde\/general-jean-paul-palomeros-ancien-chef-d-etat-major-de-l-armee-de-l-air-pour-l-europe-c-est-maintenant-ou-jamais-20250306\" target=\"_blank\" data-fig-type=\"Article\" rel=\"noopener nofollow\" data-gtm-custom-categorie=\"navigation\" data-gtm-custom-action=\"crossclick\" data-gtm-custom-label=\"Contextuel\" data-gtm-event=\"customEventSPE\" data-fig-domain=\"LEFIGARO\">L\u2019arm\u00e9e de l\u2019air<\/a>\u00a0a d\u00e9clar\u00e9 que la Russie avait attaqu\u00e9 avec 145 drones d\u2019attaques de conception iranienne et des drones leurres, et que 85 d\u2019entre eux avaient \u00e9t\u00e9 abattus par des unit\u00e9s de d\u00e9fense a\u00e9rienne.<\/p>\n","protected":false},"excerpt":{"rendered":"LE POINT SUR LA SITUATION &#8211; L\u2019objectif principal est de r\u00e9tablir le travail des missions diplomatiques apr\u00e8s des&hellip;\n","protected":false},"author":2,"featured_media":19326,"comment_status":"","ping_status":"","sticky":false,"template":"","format":"standard","meta":{"footnotes":""},"categories":[5],"tags":[259,11,260,73,1011,27,14,261,12,262,132,220,28],"class_list":{"0":"post-19325","1":"post","2":"type-post","3":"status-publish","4":"format-standard","5":"has-post-thumbnail","7":"category-international","8":"tag-actualite-internationale","9":"tag-actualites","10":"tag-affaires-etrangeres","11":"tag-etats-unis","12":"tag-fr","13":"tag-france","14":"tag-international","15":"tag-ministere-des-affaires-etrangeres","16":"tag-news","17":"tag-politique-etrangere","18":"tag-russie","19":"tag-ukraine","20":"tag-world"},"share_on_mastodon":{"url":"https:\/\/pubeurope.com\/@fr\/114323773456044482","error":""},"_links":{"self":[{"href":"https:\/\/www.europesays.com\/fr\/wp-json\/wp\/v2\/posts\/19325","targetHints":{"allow":["GET"]}}],"collection":[{"href":"https:\/\/www.europesays.com\/fr\/wp-json\/wp\/v2\/posts"}],"about":[{"href":"https:\/\/www.europesays.com\/fr\/wp-json\/wp\/v2\/types\/post"}],"author":[{"embeddable":true,"href":"https:\/\/www.europesays.com\/fr\/wp-json\/wp\/v2\/users\/2"}],"replies":[{"embeddable":true,"href":"https:\/\/www.europesays.com\/fr\/wp-json\/wp\/v2\/comments?post=19325"}],"version-history":[{"count":0,"href":"https:\/\/www.europesays.com\/fr\/wp-json\/wp\/v2\/posts\/19325\/revisions"}],"wp:featuredmedia":[{"embeddable":true,"href":"https:\/\/www.europesays.com\/fr\/wp-json\/wp\/v2\/media\/19326"}],"wp:attachment":[{"href":"https:\/\/www.europesays.com\/fr\/wp-json\/wp\/v2\/media?parent=19325"}],"wp:term":[{"taxonomy":"category","embeddable":true,"href":"https:\/\/www.europesays.com\/fr\/wp-json\/wp\/v2\/categories?post=19325"},{"taxonomy":"post_tag","embeddable":true,"href":"https:\/\/www.europesays.com\/fr\/wp-json\/wp\/v2\/tags?post=19325"}],"curies":[{"name":"wp","href":"https:\/\/api.w.org\/{rel}","templated":true}]}}