{"id":193251,"date":"2025-06-21T10:40:14","date_gmt":"2025-06-21T10:40:14","guid":{"rendered":"https:\/\/www.europesays.com\/fr\/193251\/"},"modified":"2025-06-21T10:40:14","modified_gmt":"2025-06-21T10:40:14","slug":"a-rennes-1-000-voix-contre-la-loi-duplomb-et-pour-lagriculture-paysanne","status":"publish","type":"post","link":"https:\/\/www.europesays.com\/fr\/193251\/","title":{"rendered":"\u00c0 Rennes, 1 000 voix contre la loi Duplomb et pour l\u2019agriculture paysanne"},"content":{"rendered":"<p>            Par<br \/>\n        <strong><br \/>\n            <a href=\"https:\/\/actu.fr\/auteur\/redaction-terra\" title=\"Consulter tous les articles de R\u00e9daction Terra\" rel=\"nofollow noopener\" target=\"_blank\">R\u00e9daction Terra<\/a><br \/>\n        <\/strong><\/p>\n<p>        Publi\u00e9 le<\/p>\n<p>            21 juin 2025 \u00e0 12h00        <\/p>\n<p data-end=\"614\">Ils \u00e9taient pr\u00e8s de 1\u2009000 dans les rues de <b>Rennes<\/b>, ce jeudi, \u00e0 s\u2019opposer \u00e0 la proposition de <b>loi Duplomb<\/b>. <b>Paysan\u00b7ne\u00b7s, militant\u00b7e\u00b7s \u00e9cologistes<\/b>, citoyen\u00b7ne\u00b7s engag\u00e9\u00b7e\u00b7s ont uni leurs forces pour dire \u00ab\u2009non\u2009\u00bb \u00e0 une r\u00e9forme per\u00e7ue comme une menace directe \u00e0 l\u2019agriculture paysanne et \u00e0 l\u2019environnement.<\/p>\n<p data-end=\"922\" class=\" wall-content\">La manifestation, marqu\u00e9e par une mise en sc\u00e8ne symbolique forte, a d\u00e9but\u00e9 par un \u00ab\u2009die-in\u2009\u00bb place de la R\u00e9publique. Les manifestants se sont allong\u00e9s au sol pour illustrer la disparition programm\u00e9e de l\u2019agriculture paysanne, de la biodiversit\u00e9 et de la qualit\u00e9 de l\u2019eau si cette loi venait \u00e0 \u00eatre adopt\u00e9e.<\/p>\n<p>Mettre en lumi\u00e8re les dangers de la loi<br \/>\n    <img   decoding=\"async\" loading=\"lazy\" class=\"size-large\" src=\"https:\/\/www.europesays.com\/fr\/wp-content\/uploads\/2025\/06\/021f84ab56586061f84ab5658e91f8v-960x640.jpg\" alt=\"Manifestation Rennes contre loi Duplomb\" width=\"960\" height=\"640\"\/><br \/>\n    Les manifestants se sont allong\u00e9s au sol pour illustrer la disparition programm\u00e9e de l\u2019agriculture paysanne \u00a9Benjamin Clauzier<\/p>\n<p data-end=\"1012\" class=\" wall-content\">Des prises de parole collectives ont ensuite mis en lumi\u00e8re les dangers de cette loi\u2009: r\u00e9-autorisation de pesticides toxiques\u2009; encouragement aux m\u00e9ga-bassines\u2009; facilitation de l\u2019agrandissement industriel des exploitations.<\/p>\n<p data-end=\"1494\" class=\" wall-content\">\u00ab\u2009Cette proposition tourne le dos \u00e0 l\u2019int\u00e9r\u00eat g\u00e9n\u00e9ral et \u00e0 l\u2019agriculture de proximit\u00e9, au profit d\u2019un mod\u00e8le productiviste destructeur\u2009\u00bb, ont d\u00e9nonc\u00e9 les intervenants, tout en affirmant que l\u2019agriculture paysanne, \u00e0 taille humaine, est la seule capable de r\u00e9pondre durablement aux enjeux sociaux, environnementaux et \u00e9conomiques.<\/p>\n<p data-end=\"1900\" class=\" wall-content\">Port\u00e9 par des tracteurs, des orchestres et une foule d\u00e9termin\u00e9e, le cort\u00e8ge s\u2019est dirig\u00e9 vers la place Charles de Gaulle. L\u00e0, une \u00ab\u2009mistica\u2009\u00bb, inspir\u00e9e du Mouvement des Sans Terre br\u00e9silien, a permis de cl\u00f4turer la mobilisation sur une note d\u2019espoir et de solidarit\u00e9. Une cha\u00eene humaine a form\u00e9 le message \u00ab\u2009paysan.ne.s en lutte\u2009\u00bb \u00e0 l\u2019aide de terre et de plantes, avant que la foule ne s\u2019\u00e9l\u00e8ve en chants.<\/p>\n<p>Vid\u00e9os : en ce moment sur ActuMobilisation \u00e0 Paris les 29 et 30\u00a0juin<\/p>\n<p data-end=\"2247\" data-is-only-node=\"\" class=\" wall-content\">Le message est clair\u2009: \u00ab\u2009Nous ne l\u00e2chons rien\u2009!\u2009\u00bb La mobilisation se poursuivra \u00e0 Paris les 29 et 30\u00a0juin \u00e0 l\u2019appel du Collectif Nourrir et de la Conf\u00e9d\u00e9ration paysanne, qui organiseront un grand banquet paysan. Objectif\u2009: faire pression sur la commission mixte paritaire pour que l\u2019int\u00e9r\u00eat g\u00e9n\u00e9ral prime enfin sur les int\u00e9r\u00eats agro-industriels.<\/p>\n<p class=\" wall-content\">Suivez toute l\u2019actualit\u00e9 de vos villes et m\u00e9dias favoris en vous inscrivant \u00e0 <a href=\"https:\/\/moncompte.actu.fr\" title=\"D\u00e9couvez Mon Actu\" rel=\"nofollow noopener\" data-trk=\"{&quot;cta&quot;:{&quot;action&quot;:&quot;https:\\\/\\\/moncompte.actu.fr&quot;,&quot;category&quot;:&quot;mon compte&quot;,&quot;from&quot;:&quot;article footer&quot;,&quot;name&quot;:&quot;Mon actu&quot;,&quot;type&quot;:&quot;cta&quot;}}\" target=\"_blank\">Mon Actu<\/a>.<\/p>\n<ul class=\"ac-article-tag wall-content\">\n<li><a href=\"https:\/\/actu.fr\/tag\/agriculture\" data-trk=\"{&quot;cta&quot;:{&quot;action&quot;:&quot;Agriculture&quot;,&quot;category&quot;:&quot;tag&quot;,&quot;from&quot;:&quot;article footer&quot;,&quot;name&quot;:&quot;Agriculture&quot;,&quot;type&quot;:&quot;cta&quot;}}\" rel=\"nofollow noopener\" target=\"_blank\">#Agriculture<\/a><\/li>\n<li><a href=\"https:\/\/actu.fr\/tag\/environnement\" data-trk=\"{&quot;cta&quot;:{&quot;action&quot;:&quot;Environnement&quot;,&quot;category&quot;:&quot;tag&quot;,&quot;from&quot;:&quot;article footer&quot;,&quot;name&quot;:&quot;Environnement&quot;,&quot;type&quot;:&quot;cta&quot;}}\" rel=\"nofollow noopener\" target=\"_blank\">#Environnement<\/a><\/li>\n<\/ul>\n","protected":false},"excerpt":{"rendered":"Par R\u00e9daction Terra Publi\u00e9 le 21 juin 2025 \u00e0 12h00 Ils \u00e9taient pr\u00e8s de 1\u2009000 dans les rues&hellip;\n","protected":false},"author":2,"featured_media":193252,"comment_status":"","ping_status":"","sticky":false,"template":"","format":"standard","meta":{"footnotes":""},"categories":[2821],"tags":[1111,11,327,829,436,1777,674,1011,27,12,584,25,104],"class_list":{"0":"post-193251","1":"post","2":"type-post","3":"status-publish","4":"format-standard","5":"has-post-thumbnail","7":"category-rennes","8":"tag-actu","9":"tag-actualites","10":"tag-agriculture","11":"tag-bretagne","12":"tag-environnement","13":"tag-eu","14":"tag-europe","15":"tag-fr","16":"tag-france","17":"tag-news","18":"tag-rennes","19":"tag-republique-francaise","20":"tag-societe"},"share_on_mastodon":{"url":"https:\/\/pubeurope.com\/@fr\/114720933484134779","error":""},"_links":{"self":[{"href":"https:\/\/www.europesays.com\/fr\/wp-json\/wp\/v2\/posts\/193251","targetHints":{"allow":["GET"]}}],"collection":[{"href":"https:\/\/www.europesays.com\/fr\/wp-json\/wp\/v2\/posts"}],"about":[{"href":"https:\/\/www.europesays.com\/fr\/wp-json\/wp\/v2\/types\/post"}],"author":[{"embeddable":true,"href":"https:\/\/www.europesays.com\/fr\/wp-json\/wp\/v2\/users\/2"}],"replies":[{"embeddable":true,"href":"https:\/\/www.europesays.com\/fr\/wp-json\/wp\/v2\/comments?post=193251"}],"version-history":[{"count":0,"href":"https:\/\/www.europesays.com\/fr\/wp-json\/wp\/v2\/posts\/193251\/revisions"}],"wp:featuredmedia":[{"embeddable":true,"href":"https:\/\/www.europesays.com\/fr\/wp-json\/wp\/v2\/media\/193252"}],"wp:attachment":[{"href":"https:\/\/www.europesays.com\/fr\/wp-json\/wp\/v2\/media?parent=193251"}],"wp:term":[{"taxonomy":"category","embeddable":true,"href":"https:\/\/www.europesays.com\/fr\/wp-json\/wp\/v2\/categories?post=193251"},{"taxonomy":"post_tag","embeddable":true,"href":"https:\/\/www.europesays.com\/fr\/wp-json\/wp\/v2\/tags?post=193251"}],"curies":[{"name":"wp","href":"https:\/\/api.w.org\/{rel}","templated":true}]}}