{"id":193255,"date":"2025-06-21T10:42:11","date_gmt":"2025-06-21T10:42:11","guid":{"rendered":"https:\/\/www.europesays.com\/fr\/193255\/"},"modified":"2025-06-21T10:42:11","modified_gmt":"2025-06-21T10:42:11","slug":"rideau-pour-la-librairie-kleber-deux-postes-et-polesi","status":"publish","type":"post","link":"https:\/\/www.europesays.com\/fr\/193255\/","title":{"rendered":"rideau pour la librairie Kl\u00e9ber, deux postes et Polesi"},"content":{"rendered":"<p>  L\u2019histoire de la semaine\u00a0: Kl\u00e9ber, entre parenth\u00e8ses<\/p>\n<p>On croyait la librairie Kl\u00e9ber \u00e0 l\u2019abri des secousses. Erreur. En 2026, l\u2019institution <a href=\"https:\/\/www.dna.fr\/culture-loisirs\/2025\/06\/18\/la-librairie-kleber-fermera-pendant-10-mois-pour-travaux-en-2026\" target=\"_blank\" rel=\"nofollow noopener\">fermera ses portes pendant dix mois<\/a> , le temps d\u2019un chantier de restructuration majeur men\u00e9 par le propri\u00e9taire du b\u00e2timent. L\u2019\u00e9quipe (50 salari\u00e9s, 100\u00a0000 r\u00e9f\u00e9rences en stock) promet de tenir le cap culturel en ville, avec un lieu provisoire, des animations maintenues et un brin de sto\u00efcisme dans la voix. L\u2019objectif\u00a0: ouvrir grand \u00e0 nouveau en 2027, avec un lieu repens\u00e9, climatis\u00e9, et \u2014 esp\u00e9rons-le \u2014 toujours aussi actif dans la vie litt\u00e9raire de la ville.<\/p>\n<p>Mais dans un centre qui n\u2019en finit pas de compter ses commerces en berne, la simple id\u00e9e d\u2019un rideau baiss\u00e9 aussi longtemps r\u00e9sonne fort. La fermeture, m\u00eame temporaire, d\u2019un rep\u00e8re comme Kl\u00e9ber dit quelque chose de l\u2019\u00e9poque\u00a0: entre ravalements et rationalisations, les points d\u2019ancrage sont scrut\u00e9s \u00e0 la loupe, eux aussi.<\/p>\n<p>  L\u2019image de la semaine\u00a0: trois quais en qu\u00eate d\u2019usagers<\/p>\n<p>Toujours au centre-ville, mais c\u00f4t\u00e9 mobilit\u00e9\u00a0: <a href=\"https:\/\/www.dna.fr\/transport\/2025\/06\/16\/trois-quais-de-cars-interurbains-entrent-en-service-le-long-de-la-place-des-halles\" target=\"_blank\" rel=\"nofollow noopener\">trois nouveaux quais interurbains<\/a> viennent d\u2019\u00eatre mis en service place des Halles.<\/p>\n<p>L\u2019objectif est double\u00a0: d\u00e9sengorger le n\u0153ud actuel et faciliter les correspondances entre cars Fluo et r\u00e9seau CTS. Moins de bouchons, plus de multimodal. Reste \u00e0 convaincre les passagers que l\u2019exp\u00e9rience sera plus fluide sur le trottoir que sous la verri\u00e8re.<\/p>\n<p>  L\u2019autre histoire de la semaine\u00a0: Polesi, fin de non-recevoir<\/p>\n<p>Il avait quitt\u00e9 le conseil municipal en mars dernier, apr\u00e8s des accusations de violences sexistes et sexuelles. D\u00e9sormais, Herv\u00e9 Polesi quitte aussi l\u2019Universit\u00e9 de Strasbourg sans sanction disciplinaire. L\u2019enqu\u00eate administrative interne a \u00e9t\u00e9 men\u00e9e \u00e0 son terme. Mais comme l\u2019ex-adjoint n\u2019a pas sollicit\u00e9 le renouvellement de son contrat, <a href=\"https:\/\/www.dna.fr\/faits-divers-justice\/2025\/06\/16\/pas-de-sanction-disciplinaire-pour-herve-polesi-qui-quitte-l-unistra\" target=\"_blank\" rel=\"nofollow noopener\">l\u2019universit\u00e9 d\u00e9cide de ne pas transmettre l\u2019affaire \u00e0 la section disciplinaire<\/a>.<\/p>\n<p>Une d\u00e9cision technique \u2014 et pol\u00e9mique. Carole Santamaria, sa rempla\u00e7ante au conseil municipal, fustige \u00ab\u00a0un tour de passe-passe\u00a0\u00bb. Pour elle, l\u2019universit\u00e9 joue la montre, et abandonne \u00e0 leur sort les \u00e9tudiantes \u00e0 l\u2019origine des signalements. \u00ab\u00a0Cette cellule VSS, c\u2019est de la poudre aux yeux.\u00a0\u00bb<\/p>\n<p>Herv\u00e9 Polesi, lui, r\u00e9plique par \u00e9crit\u00a0: il d\u00e9plore \u00ab\u00a0ne pas avoir \u00e9t\u00e9 inform\u00e9\u00a0\u00bb de la d\u00e9cision, fustige neuf mois de silence, et se compare \u2014 dans une formule hasardeuse \u2014 \u00e0 une victime de pilori. Il pr\u00f4ne la m\u00e9diation plut\u00f4t que la proc\u00e9dure.<\/p>\n<p>Mais le fond du dossier, lui, reste en suspens\u00a0: l\u2019universit\u00e9 admet que \u00ab\u00a0certains \u00e9l\u00e9ments ont \u00e9t\u00e9 corrobor\u00e9s\u00a0\u00bb\u2026 sans autre suite.<\/p>\n<p>  Le (paquet) de chiffre(s) de la semaine<\/p>\n<p>D\u00e9lai minimal entre l\u2019annonce et la mesure. Le 28\u00a0juin, <a href=\"https:\/\/www.dna.fr\/economie\/2025\/06\/16\/la-poste-annonce-la-fermeture-de-deux-nouveaux-bureaux\" target=\"_blank\" rel=\"nofollow noopener\">les guichets de la Poste Halles et Porte Blanche disparaissent<\/a>. Officiellement, rien ne se perd\u00a0: 18 bureaux restent en activit\u00e9, 17 relais commer\u00e7ants viennent prendre le relais, et 90\u00a0% des services sont disponibles ailleurs.<\/p>\n<p>Sauf que. Les syndicats, comme la municipalit\u00e9, d\u00e9noncent une logique de repli. \u00c0 force de rationaliser, on finit par dissoudre la pr\u00e9sence publique dans un nuage de chiffres.<\/p>\n<p>  En bref. Logement\u00a0: permis d\u2019intervenir<\/p>\n<p>C\u2019est une annonce discr\u00e8te mais \u00e0 surveiller\u00a0: <a href=\"https:\/\/www.dna.fr\/societe\/2025\/06\/19\/prevenir-le-logement-indigne-le-permis-de-louer-arrive-quartier-gare-en-mai-2026\" target=\"_blank\" rel=\"nofollow noopener\">le permis de louer arrive quartier Gare en mai\u00a02026<\/a>. Objectif\u00a0: lutter contre les logements indignes dans ce secteur de 5\u00a0150 logements priv\u00e9s (pr\u00e9c\u00e9dant 2006). Avant chaque relocation, les propri\u00e9taires devront solliciter une autorisation \u2014 la Ville aura un mois pour contr\u00f4ler, et peut d\u00e9gainer jusqu\u2019\u00e0 15\u00a0000\u00a0euros d\u2019amende. Deux agents et un gestionnaire seront recrut\u00e9s pour piloter le dispositif, d\u00e9ploy\u00e9 pour trois ans dans un premier temps. Si \u00e7a fonctionne, d\u2019autres quartiers suivront.<\/p>\n","protected":false},"excerpt":{"rendered":"L\u2019histoire de la semaine\u00a0: Kl\u00e9ber, entre parenth\u00e8ses On croyait la librairie Kl\u00e9ber \u00e0 l\u2019abri des secousses. Erreur. En&hellip;\n","protected":false},"author":2,"featured_media":193256,"comment_status":"","ping_status":"","sticky":false,"template":"","format":"standard","meta":{"footnotes":""},"categories":[2820],"tags":[1111,11,4406,1984,33,2880,1777,674,107,1011,27,775,1908,12,316,25,104,640,2879],"class_list":{"0":"post-193255","1":"post","2":"type-post","3":"status-publish","4":"format-standard","5":"has-post-thumbnail","7":"category-strasbourg","8":"tag-actu","9":"tag-actualites","10":"tag-commerce-et-services","11":"tag-conseil-municipal","12":"tag-economie","13":"tag-edition-strasbourg","14":"tag-eu","15":"tag-europe","16":"tag-fil-info","17":"tag-fr","18":"tag-france","19":"tag-grand-est","20":"tag-logement","21":"tag-news","22":"tag-politique","23":"tag-republique-francaise","24":"tag-societe","25":"tag-strasbourg","26":"tag-strasbourg-ville"},"share_on_mastodon":{"url":"https:\/\/pubeurope.com\/@fr\/114720941269242871","error":""},"_links":{"self":[{"href":"https:\/\/www.europesays.com\/fr\/wp-json\/wp\/v2\/posts\/193255","targetHints":{"allow":["GET"]}}],"collection":[{"href":"https:\/\/www.europesays.com\/fr\/wp-json\/wp\/v2\/posts"}],"about":[{"href":"https:\/\/www.europesays.com\/fr\/wp-json\/wp\/v2\/types\/post"}],"author":[{"embeddable":true,"href":"https:\/\/www.europesays.com\/fr\/wp-json\/wp\/v2\/users\/2"}],"replies":[{"embeddable":true,"href":"https:\/\/www.europesays.com\/fr\/wp-json\/wp\/v2\/comments?post=193255"}],"version-history":[{"count":0,"href":"https:\/\/www.europesays.com\/fr\/wp-json\/wp\/v2\/posts\/193255\/revisions"}],"wp:featuredmedia":[{"embeddable":true,"href":"https:\/\/www.europesays.com\/fr\/wp-json\/wp\/v2\/media\/193256"}],"wp:attachment":[{"href":"https:\/\/www.europesays.com\/fr\/wp-json\/wp\/v2\/media?parent=193255"}],"wp:term":[{"taxonomy":"category","embeddable":true,"href":"https:\/\/www.europesays.com\/fr\/wp-json\/wp\/v2\/categories?post=193255"},{"taxonomy":"post_tag","embeddable":true,"href":"https:\/\/www.europesays.com\/fr\/wp-json\/wp\/v2\/tags?post=193255"}],"curies":[{"name":"wp","href":"https:\/\/api.w.org\/{rel}","templated":true}]}}