{"id":193257,"date":"2025-06-21T10:43:10","date_gmt":"2025-06-21T10:43:10","guid":{"rendered":"https:\/\/www.europesays.com\/fr\/193257\/"},"modified":"2025-06-21T10:43:10","modified_gmt":"2025-06-21T10:43:10","slug":"le-suspect-qui-setait-defenestre-pres-de-strasbourg-est-mort","status":"publish","type":"post","link":"https:\/\/www.europesays.com\/fr\/193257\/","title":{"rendered":"le suspect qui s&rsquo;\u00e9tait d\u00e9fenestr\u00e9 pr\u00e8s de Strasbourg est mort"},"content":{"rendered":"<p class=\"article-p mdl\">Il s&rsquo;\u00e9tait d\u00e9fenestr\u00e9 quelques jours apr\u00e8s avoir \u00e9t\u00e9 mis en cause. Un homme de 45 ans, empliy\u00e9 d&rsquo;un Ehpad et \u00ab\u00a0\u00e9v\u00eaque\u00a0\u00bb gallican install\u00e9 dans la r\u00e9gion de Strasbourg depuis plusieurs ann\u00e9es, est mort, a-t-on appris ce samedi 21 juin par l&rsquo;interm\u00e9diaire de son avocat.\u00a0<\/p>\n<p class=\"article-p mdl\">Il s&rsquo;\u00e9tait d\u00e9fenestr\u00e9 en mai dernier\u00a0quelques jours apr\u00e8s avoir \u00e9t\u00e9 interpell\u00e9 dans le cadre d&rsquo;une op\u00e9ration contre un r\u00e9seau de p\u00e9docriminalit\u00e9\u00a0<a class=\"link\" href=\"https:\/\/www.rtl.fr\/actu\/justice-faits-divers\/info-rtl-un-cure-du-personnel-medical-des-peres-de-famille-55-pedocriminels-presumes-interpelles-lors-d-un-vaste-coup-de-filet-7900507554\" title=\"INFO RTL - Un cur\u00e9, du personnel m\u00e9dical, des p\u00e8res de famille : 55 p\u00e9docriminels pr\u00e9sum\u00e9s interpell\u00e9s lors d&#039;un vaste coup de filet\" target=\"_blank\" rel=\"noopener\">que RTL r\u00e9v\u00e9lait \u00e0 l&rsquo;\u00e9poque<\/a>.<\/p>\n<p class=\"article-p mdl\">Cet homme assez m\u00e9diatique \u00e9tait notamment connu pour \u00eatre un proche ami de l&rsquo;acteur Alain Delon.\u00a0\u00ab\u00a0Il est d\u00e9c\u00e9d\u00e9 vendredi suite \u00e0 l&rsquo;arr\u00eat des soins. Il n&rsquo;y avait plus aucun espoir\u00a0\u00bb, a indiqu\u00e9 Me Wacquez \u00e0 l&rsquo;AFP. Il\u00a0\u00e9tait hospitalis\u00e9\u00a0<a class=\"link\" href=\"https:\/\/www.rtl.fr\/actu\/justice-faits-divers\/reseau-pedocriminel-l-eveque-alsacien-interpelle-lundi-s-est-defenestre-7900508307\" title=\"P\u00e9docriminalit\u00e9 : l&#039;\u00e9v\u00eaque alsacien, interpell\u00e9 lors d&#039;un vaste coup de filet lundi, s&#039;est d\u00e9fenestr\u00e9\" target=\"_blank\" rel=\"noopener\">apr\u00e8s s&rsquo;\u00eatre jet\u00e9 du troisi\u00e8me \u00e9tage d&rsquo;un immeuble<\/a>\u00a0situ\u00e9 dans la banlieue de\u00a0<a class=\"link\" href=\"https:\/\/www.rtl.fr\/actu\/justice-faits-divers\/ici-on-ne-soigne-pas-les-57-un-couple-de-mosellans-refuse-a-l-hopital-de-strasbourg-7900512716\" title=\"&quot;Ici, on ne soigne pas les 57&quot; : un couple de Mosellans refus\u00e9 \u00e0 l&#039;h\u00f4pital de Strasbourg\" target=\"_blank\" rel=\"noopener\">Strasbourg<\/a>. Son geste est intervenu\u00a0<strong>quelques heures avant sa comparution pr\u00e9vue devant le tribunal.<\/strong><\/p>\n<p class=\"article-p mdl\">Quatre jours plus t\u00f4t, il avait fait l&rsquo;objet d&rsquo;une interpellation. Il \u00e9tait libre en attendant sa comparution.\u00a0Face aux policiers, <strong>il avait reconnu converser dans la sph\u00e8re p\u00e9docriminelle en ligne,\u00a0mais il niait tout passage \u00e0 l&rsquo;acte<\/strong>.\u00a0<\/p>\n<p class=\"article-p mdl\">\u00ab\u00a0\u00c9v\u00eaque\u00a0\u00bb de l&rsquo;\u00c9glise gallicane, une association qui se pr\u00e9sente comme chr\u00e9tienne, mais qui est s\u00e9par\u00e9e de l&rsquo;\u00c9glise catholique et n&rsquo;est reconnue par aucune confession, il faisait partie d&rsquo;un groupe de\u00a055 hommes interpell\u00e9s partout en France, en mai dernier, dans le cadre d&rsquo;une op\u00e9ration<strong> de d\u00e9mant\u00e8lement d&rsquo;un r\u00e9seau de p\u00e9docriminalit\u00e9.<\/strong><\/p>\n<p>    La r\u00e9daction vous recommande<\/p>\n<p class=\"s-newsletter__title\">\n                L\u2019actualit\u00e9 par la r\u00e9daction de RTL dans votre bo\u00eete mail.\n            <\/p>\n<p class=\"s-newsletter__subtitle\">\n                Gr\u00e2ce \u00e0 votre compte RTL abonnez-vous \u00e0 la newsletter RTL info pour suivre toute l&rsquo;actualit\u00e9 au quotidien\n            <\/p>\n<p>\n                                    Lire la suite\n                                <\/p>\n","protected":false},"excerpt":{"rendered":"Il s&rsquo;\u00e9tait d\u00e9fenestr\u00e9 quelques jours apr\u00e8s avoir \u00e9t\u00e9 mis en cause. Un homme de 45 ans, empliy\u00e9 d&rsquo;un&hellip;\n","protected":false},"author":2,"featured_media":193258,"comment_status":"","ping_status":"","sticky":false,"template":"","format":"standard","meta":{"footnotes":""},"categories":[2820],"tags":[33205,1111,11,1267,898,1777,674,107,1011,27,775,12,1974,362,25,640],"class_list":{"0":"post-193257","1":"post","2":"type-post","3":"status-publish","4":"format-standard","5":"has-post-thumbnail","7":"category-strasbourg","8":"tag-abus-sexuel","9":"tag-actu","10":"tag-actualites","11":"tag-agression-sexuelle","12":"tag-alerte","13":"tag-eu","14":"tag-europe","15":"tag-fil-info","16":"tag-fr","17":"tag-france","18":"tag-grand-est","19":"tag-news","20":"tag-pedocriminalite","21":"tag-replay","22":"tag-republique-francaise","23":"tag-strasbourg"},"share_on_mastodon":{"url":"https:\/\/pubeurope.com\/@fr\/114720945244017799","error":""},"_links":{"self":[{"href":"https:\/\/www.europesays.com\/fr\/wp-json\/wp\/v2\/posts\/193257","targetHints":{"allow":["GET"]}}],"collection":[{"href":"https:\/\/www.europesays.com\/fr\/wp-json\/wp\/v2\/posts"}],"about":[{"href":"https:\/\/www.europesays.com\/fr\/wp-json\/wp\/v2\/types\/post"}],"author":[{"embeddable":true,"href":"https:\/\/www.europesays.com\/fr\/wp-json\/wp\/v2\/users\/2"}],"replies":[{"embeddable":true,"href":"https:\/\/www.europesays.com\/fr\/wp-json\/wp\/v2\/comments?post=193257"}],"version-history":[{"count":0,"href":"https:\/\/www.europesays.com\/fr\/wp-json\/wp\/v2\/posts\/193257\/revisions"}],"wp:featuredmedia":[{"embeddable":true,"href":"https:\/\/www.europesays.com\/fr\/wp-json\/wp\/v2\/media\/193258"}],"wp:attachment":[{"href":"https:\/\/www.europesays.com\/fr\/wp-json\/wp\/v2\/media?parent=193257"}],"wp:term":[{"taxonomy":"category","embeddable":true,"href":"https:\/\/www.europesays.com\/fr\/wp-json\/wp\/v2\/categories?post=193257"},{"taxonomy":"post_tag","embeddable":true,"href":"https:\/\/www.europesays.com\/fr\/wp-json\/wp\/v2\/tags?post=193257"}],"curies":[{"name":"wp","href":"https:\/\/api.w.org\/{rel}","templated":true}]}}