{"id":193264,"date":"2025-06-21T10:47:27","date_gmt":"2025-06-21T10:47:27","guid":{"rendered":"https:\/\/www.europesays.com\/fr\/193264\/"},"modified":"2025-06-21T10:47:27","modified_gmt":"2025-06-21T10:47:27","slug":"pres-de-laeroport-de-nantes-un-incendie-dans-une-pizzeria","status":"publish","type":"post","link":"https:\/\/www.europesays.com\/fr\/193264\/","title":{"rendered":"Pr\u00e8s de l\u2019a\u00e9roport de Nantes, un incendie dans une pizzeria"},"content":{"rendered":"<p>\u00c0 l\u2019int\u00e9rieur de la salle de restaurant, une couche de suie recouvre les jolis fauteuils en tissu color\u00e9. Il en est de m\u00eame pour les tables, les plaques de cuisson, le bar\u2026<strong> \u00ab\u00a0Lorsque nous sommes arriv\u00e9s, il y avait un important plafond de fum\u00e9e<\/strong>, retrace l\u2019un des vingt sapeurs-pompiers mobilis\u00e9s.<strong> Le feu avait pris au niveau de la buanderie.\u00a0\u00bb<\/strong><\/p>\n<p>\t<img decoding=\"async\" src=\"https:\/\/www.europesays.com\/fr\/wp-content\/uploads\/2025\/06\/P35305392D6864923G_px_640_.jpg\" alt=\"photo les d\u00e9g\u00e2ts ne sont pas visibles de l\u2019ext\u00e9rieur de l\u2019\u00e9tablissement, ils sont surtout li\u00e9s \u00e0 l\u2019\u00e9paisse couche de suie qui a endommag\u00e9 le mobilier de la salle de restaurant.  \u00a9  ouest-france\" width=\"640\" title=\" Les d\u00e9g\u00e2ts ne sont pas visibles de l\u2019ext\u00e9rieur de l\u2019\u00e9tablissement, ils sont surtout li\u00e9s \u00e0 l\u2019\u00e9paisse couche de suie qui a endommag\u00e9 le mobilier de la salle de restaurant.   Ouest-France \"\/><\/p>\n<p class=\"elmt-legende\"> Les d\u00e9g\u00e2ts ne sont pas visibles de l\u2019ext\u00e9rieur de l\u2019\u00e9tablissement, ils sont surtout li\u00e9s \u00e0 l\u2019\u00e9paisse couche de suie qui a endommag\u00e9 le mobilier de la salle de restaurant.   Ouest-France <\/p>\n<p>La pizzeria Il Bambino est situ\u00e9e \u00e0 quelques battements d\u2019ailes de l\u2019a\u00e9roport Nantes-Atlantique, <a href=\"https:\/\/cholet.maville.com\/info\/info-locale\/lindbergh-ce-heros-aux-sympathies-nazies-4401720\" target=\"_self\" rel=\"noopener\">rue Charles-Lindbergh<\/a>, dans la zone \u00e9conomique de l\u2019Aeropole, \u00e0 Bouguenais. Ses propri\u00e9taires ont \u00e9t\u00e9 r\u00e9veill\u00e9s \u00e0 l\u2019aube, ce samedi 21\u00a0juin, par l\u2019alarme incendie de l\u2019\u00e9tablissement, reli\u00e9e \u00e0 leurs t\u00e9l\u00e9phones.<\/p>\n<p>Personne n\u2019a \u00e9t\u00e9 bless\u00e9 dans cet incendie, qui n\u2019a pas provoqu\u00e9 de dommages structurels au b\u00e2timent, mais les d\u00e9g\u00e2ts mat\u00e9riels li\u00e9s \u00e0 la fum\u00e9e sur le mobilier devraient engendrer une fermeture de plusieurs jours de l\u2019\u00e9tablissement.<\/p>\n<p>\u00a0<\/p>\n","protected":false},"excerpt":{"rendered":"\u00c0 l\u2019int\u00e9rieur de la salle de restaurant, une couche de suie recouvre les jolis fauteuils en tissu color\u00e9.&hellip;\n","protected":false},"author":2,"featured_media":193265,"comment_status":"","ping_status":"","sticky":false,"template":"","format":"standard","meta":{"footnotes":""},"categories":[2818],"tags":[1111,11,663,1777,674,1011,27,1310,766,12,2636,8819,3762,25],"class_list":{"0":"post-193264","1":"post","2":"type-post","3":"status-publish","4":"format-standard","5":"has-post-thumbnail","7":"category-nantes","8":"tag-actu","9":"tag-actualites","10":"tag-aeroport","11":"tag-eu","12":"tag-europe","13":"tag-fr","14":"tag-france","15":"tag-incendie","16":"tag-nantes","17":"tag-news","18":"tag-pays-de-la-loire","19":"tag-pizzeria","20":"tag-pres","21":"tag-republique-francaise"},"share_on_mastodon":{"url":"https:\/\/pubeurope.com\/@fr\/114720961508654248","error":""},"_links":{"self":[{"href":"https:\/\/www.europesays.com\/fr\/wp-json\/wp\/v2\/posts\/193264","targetHints":{"allow":["GET"]}}],"collection":[{"href":"https:\/\/www.europesays.com\/fr\/wp-json\/wp\/v2\/posts"}],"about":[{"href":"https:\/\/www.europesays.com\/fr\/wp-json\/wp\/v2\/types\/post"}],"author":[{"embeddable":true,"href":"https:\/\/www.europesays.com\/fr\/wp-json\/wp\/v2\/users\/2"}],"replies":[{"embeddable":true,"href":"https:\/\/www.europesays.com\/fr\/wp-json\/wp\/v2\/comments?post=193264"}],"version-history":[{"count":0,"href":"https:\/\/www.europesays.com\/fr\/wp-json\/wp\/v2\/posts\/193264\/revisions"}],"wp:featuredmedia":[{"embeddable":true,"href":"https:\/\/www.europesays.com\/fr\/wp-json\/wp\/v2\/media\/193265"}],"wp:attachment":[{"href":"https:\/\/www.europesays.com\/fr\/wp-json\/wp\/v2\/media?parent=193264"}],"wp:term":[{"taxonomy":"category","embeddable":true,"href":"https:\/\/www.europesays.com\/fr\/wp-json\/wp\/v2\/categories?post=193264"},{"taxonomy":"post_tag","embeddable":true,"href":"https:\/\/www.europesays.com\/fr\/wp-json\/wp\/v2\/tags?post=193264"}],"curies":[{"name":"wp","href":"https:\/\/api.w.org\/{rel}","templated":true}]}}