{"id":193270,"date":"2025-06-21T10:50:21","date_gmt":"2025-06-21T10:50:21","guid":{"rendered":"https:\/\/www.europesays.com\/fr\/193270\/"},"modified":"2025-06-21T10:50:21","modified_gmt":"2025-06-21T10:50:21","slug":"ce-nouveau-restaurant-a-la-cuisine-bien-dici-soffre-lune-des-plus-belles-vues-de-toulouse","status":"publish","type":"post","link":"https:\/\/www.europesays.com\/fr\/193270\/","title":{"rendered":"Ce nouveau restaurant \u00e0 la cuisine bien d&rsquo;ici s&rsquo;offre l&rsquo;une des plus belles vues de Toulouse"},"content":{"rendered":"<p>            Par<br \/>\n        <strong><br \/>\n            <a href=\"https:\/\/actu.fr\/auteur\/mareva-laville-actu-fr\" title=\"Consulter tous les articles de Mar\u00e9va Laville\" target=\"_blank\" rel=\"noopener\">Mar\u00e9va Laville<\/a><br \/>\n        <\/strong><\/p>\n<p>        Publi\u00e9 le<\/p>\n<p>            21 juin 2025 \u00e0 12h02        <\/p>\n<p><strong>Macar\u00e8l<\/strong>, disaient les anciens du sud-ouest\u2009! C\u2019est ainsi que Pierre-Andr\u00e9 Thomere, Valentin Guillaume, Adrien Alcina et Pierre Conte les ont imagin\u00e9s, s\u2019exclamer de joie \u00e0 leur table. \u00ab\u2009Oh que c\u2019est bon\u2009\u00bb en patois occitan. Une expression du c\u0153ur qui traduit \u00ab\u2009l\u2019esprit terroir\u2009\u00bb de ce <strong>nouveau restaurant<\/strong> install\u00e9 en plein c\u0153ur de <a href=\"http:\/\/www.actu.fr\/toulouse\" target=\"_blank\" rel=\"noopener\"><strong>Toulouse<\/strong><\/a>. Fin mai\u00a02025, Macar\u00e8l a pris la place de l\u2019ancien resto \u00e0 burgers Terese, dans la rue Riguepels.<\/p>\n<p>L\u2019\u00e9quipe de Madame Baudruche d\u00e9barque place Saint-Etienne<\/p>\n<p class=\" wall-content\">\u00ab\u2009C\u2019est le genre d\u2019emplacement qu\u2019on r\u00eave d\u2019avoir quand on est restaurateurs\u2009\u00bb, avoue Adrien Alcina. Face \u00e0 la magistrale <strong>cath\u00e9drale Saint-Etienne<\/strong>, \u00ab\u2009l\u2019un des plus beaux monuments de Toulouse\u2009\u00bb. C\u2019est avec cette vue que le restaurateur effectue le service, chaque midi et chaque soir. \u00c0 l\u2019int\u00e9rieur, Macar\u00e8l offre 25 couverts contre 45 en terrasse. De quoi amplement profiter du \u00ab\u2009cadre idyllique\u2009\u00bb de la place Saint-Etienne.<\/p>\n<p>    <img   decoding=\"async\" loading=\"lazy\" src=\"https:\/\/www.europesays.com\/fr\/wp-content\/uploads\/2025\/06\/terrasse-resto-macarel-960x640.jpeg\" alt=\"Une quarantaine de places en terrasse offrent un joli cadre pour d\u00e9jeuner ou d\u00eener.\" width=\"960\" height=\"640\"\/><br \/>\n    Une quarantaine de places en terrasse offrent un joli cadre pour d\u00e9jeuner ou d\u00eener. (\u00a9Mar\u00e9va Laville \/ Actu Toulouse)<\/p>\n<p class=\" wall-content\">Pour se l\u2019offrir, les quatre copains ont vendu leur premi\u00e8re affaire, Feel Real Good, situ\u00e9e \u00e0 deux pas du Grand Rond. La veine de ce premier restaurant, \u00ab\u2009la gastronomie d\u00e9complex\u00e9e\u2009\u00bb se retrouve d\u00e9sormais <a href=\"https:\/\/actu.fr\/occitanie\/toulouse_31555\/toulouse-page-tournee-pour-le-cactus-voici-le-nouveau-projet-qui-s-y-monte_61509433.html\" target=\"_blank\" rel=\"noopener\">chez Madame Baudruche<\/a>, le restaurant que Valentin, Pierre-Andr\u00e9 et Adrien ont ouvert \u00e0 la place de <a href=\"https:\/\/actu.fr\/occitanie\/toulouse_31555\/toulouse-ce-bar-ferme-incontournable-depuis-40-ans-il-va-laisser-un-grand-vide_61247957.html\" target=\"_blank\" rel=\"noopener\">l\u2019ancien bar Le Cactus.<\/a><\/p>\n<p>Une brasserie entre amis<\/p>\n<p class=\" wall-content\">Alors ici, \u00e0 Macar\u00e8l, c\u2019\u00e9tait plut\u00f4t l\u2019occasion de faire un pas de c\u00f4t\u00e9 sur la cuisine sophistiqu\u00e9e. \u00ab\u2009Ici, on voulait un cadre davantage brasserie\u2009\u00bb, explique Adrien Alcina. Un <strong>bistrot de quartier<\/strong> o\u00f9 amis et famille \u00ab\u2009mangeraient bien tout en buvant une bonne bouteille\u2009\u00bb. \u00c0 la toulousaine.<\/p>\n<p class=\" wall-content\">Alors ici, exit les tapas sophistiqu\u00e9es. Macar\u00e8l mise sur les viandes et les poissons. Tartare de b\u0153uf, ris de veau, magret de canard, bavette d\u2019aloyau et suggestion du jour se m\u00ealent aux entr\u00e9es plus originales, telles que le Baba ganoush, saumon gravelax-betterave ou encore \u0153ufs mayo avec un gel citron vert.<\/p>\n<p>Vid\u00e9os : en ce moment sur Actu<br \/>\n    <img   decoding=\"async\" loading=\"lazy\" src=\"https:\/\/www.europesays.com\/fr\/wp-content\/uploads\/2025\/06\/carte-macarel-960x640.jpeg\" alt=\"La carte de Macar\u00e8l.\" width=\"960\" height=\"640\"\/><br \/>\n    La carte de Macar\u00e8l. (\u00a9Mar\u00e9va Laville \/ Actu Toulouse)Ap\u00e9ro le soir, hu\u00eetres le dimanche de temps en temps<\/p>\n<p class=\" wall-content\">Autant d\u2019entr\u00e9es possibles \u00e0 partager le soir, au cours d\u2019un ap\u00e9ritif de fin de journ\u00e9e, accompagn\u00e9es de vins, dont les r\u00e9f\u00e9rences sont expos\u00e9es \u00e0 l\u2019int\u00e9rieur du restaurant.<\/p>\n<p class=\" wall-content\">\u00ab\u2009Et les dimanches, on aimerait proposer des <strong>hu\u00eetres avec du vin<\/strong>\u2009\u00bb, encha\u00eene Adrien Alcina. De quoi combler les \u00e9picuriens de la Ville rose et plus g\u00e9n\u00e9ralement, les amoureux de Toulouse. D\u2019autant que pour lui faire la part belle, les quatre copains ont mis\u00e9 sur d\u2019autres crit\u00e8res bien locaux dans la d\u00e9co\u2009: de la brique au mur, des touches de rouge et noir, et un maillot du Stade Toulousain. Cerise sur le g\u00e2teau, Macar\u00e8l\u2009!<\/p>\n<p><strong>Macar\u00e8l<br \/><\/strong>1 rue Riguepels<br \/>Ouvert du mercredi au samedi, midi et soir, ainsi que le dimanche midi.<br \/>Menu du jour les midis \u00e0 22\u00a0\u20ac entr\u00e9e plat dessert.<br \/>R\u00e9servation conseill\u00e9e sur Instagram ou via Google.<\/p>\n<p>    <a href=\"https:\/\/www.google.com\/maps\/embed?pb=!1m18!1m12!1m3!1d2889.2986933086945!2d1.4469294125373875!3d43.60032207098419!2m3!1f0!2f0!3f0!3m2!1i1024!2i768!4f13.1!3m3!1m2!1s0x12aebdf1c026560d%3A0xf28c54198630a800!2sBrasserie%20Macar%C3%A8l!5e0!3m2!1sfr!2sfr!4v1750346273280!5m2!1sfr!2sfr\" title=\"Ouvrie le lien\" target=\"_blank\" rel=\"noopener\">Cliquez ici pour visualiser le contenu<\/a><\/p>\n<p class=\" wall-content\">Suivez toute l\u2019actualit\u00e9 de vos villes et m\u00e9dias favoris en vous inscrivant \u00e0 <a href=\"https:\/\/moncompte.actu.fr\" title=\"D\u00e9couvez Mon Actu\" rel=\"nofollow noopener\" data-trk=\"{&quot;cta&quot;:{&quot;action&quot;:&quot;https:\\\/\\\/moncompte.actu.fr&quot;,&quot;category&quot;:&quot;mon compte&quot;,&quot;from&quot;:&quot;article footer&quot;,&quot;name&quot;:&quot;Mon actu&quot;,&quot;type&quot;:&quot;cta&quot;}}\" target=\"_blank\">Mon Actu<\/a>.<\/p>\n","protected":false},"excerpt":{"rendered":"Par Mar\u00e9va Laville Publi\u00e9 le 21 juin 2025 \u00e0 12h02 Macar\u00e8l, disaient les anciens du sud-ouest\u2009! C\u2019est ainsi&hellip;\n","protected":false},"author":2,"featured_media":193271,"comment_status":"","ping_status":"","sticky":false,"template":"","format":"standard","meta":{"footnotes":""},"categories":[2816],"tags":[1111,11,1777,674,1011,27,1305,12,2680,25,2850,2312],"class_list":{"0":"post-193270","1":"post","2":"type-post","3":"status-publish","4":"format-standard","5":"has-post-thumbnail","7":"category-toulouse","8":"tag-actu","9":"tag-actualites","10":"tag-eu","11":"tag-europe","12":"tag-fr","13":"tag-france","14":"tag-lifestyle","15":"tag-news","16":"tag-occitanie","17":"tag-republique-francaise","18":"tag-restaurants-de-toulouse","19":"tag-toulouse"},"share_on_mastodon":{"url":"https:\/\/pubeurope.com\/@fr\/114720973351317525","error":""},"_links":{"self":[{"href":"https:\/\/www.europesays.com\/fr\/wp-json\/wp\/v2\/posts\/193270","targetHints":{"allow":["GET"]}}],"collection":[{"href":"https:\/\/www.europesays.com\/fr\/wp-json\/wp\/v2\/posts"}],"about":[{"href":"https:\/\/www.europesays.com\/fr\/wp-json\/wp\/v2\/types\/post"}],"author":[{"embeddable":true,"href":"https:\/\/www.europesays.com\/fr\/wp-json\/wp\/v2\/users\/2"}],"replies":[{"embeddable":true,"href":"https:\/\/www.europesays.com\/fr\/wp-json\/wp\/v2\/comments?post=193270"}],"version-history":[{"count":0,"href":"https:\/\/www.europesays.com\/fr\/wp-json\/wp\/v2\/posts\/193270\/revisions"}],"wp:featuredmedia":[{"embeddable":true,"href":"https:\/\/www.europesays.com\/fr\/wp-json\/wp\/v2\/media\/193271"}],"wp:attachment":[{"href":"https:\/\/www.europesays.com\/fr\/wp-json\/wp\/v2\/media?parent=193270"}],"wp:term":[{"taxonomy":"category","embeddable":true,"href":"https:\/\/www.europesays.com\/fr\/wp-json\/wp\/v2\/categories?post=193270"},{"taxonomy":"post_tag","embeddable":true,"href":"https:\/\/www.europesays.com\/fr\/wp-json\/wp\/v2\/tags?post=193270"}],"curies":[{"name":"wp","href":"https:\/\/api.w.org\/{rel}","templated":true}]}}